{"id":1272,"date":"2025-05-19T09:18:41","date_gmt":"2025-05-19T09:18:41","guid":{"rendered":"https:\/\/www.portopiccoloapartments.com\/blog\/?p=1272"},"modified":"2025-05-19T09:17:21","modified_gmt":"2025-05-19T09:17:21","slug":"portopiccolo-das-beverly-hills-der-adria","status":"publish","type":"post","link":"https:\/\/www.portopiccoloapartments.com\/blog\/de\/portopiccolo-das-beverly-hills-der-adria\/","title":{"rendered":"Portopiccolo: Das Beverly Hills der Adria"},"content":{"rendered":"\t\t<div data-elementor-type=\"wp-post\" data-elementor-id=\"1272\" class=\"elementor elementor-1272 elementor-1269\">\n\t\t\t\t<div class=\"elementor-element elementor-element-771da2b e-flex e-con-boxed e-con e-parent\" data-id=\"771da2b\" data-element_type=\"container\" data-core-v316-plus=\"true\">\n\t\t\t\t\t<div class=\"e-con-inner\">\n\t\t\t\t<div class=\"elementor-element elementor-element-791052a elementor-widget elementor-widget-heading\" data-id=\"791052a\" data-element_type=\"widget\" data-widget_type=\"heading.default\">\n\t\t\t\t<div class=\"elementor-widget-container\">\n\t\t\t<style>\/*! elementor - v3.20.0 - 10-04-2024 *\/\n.elementor-heading-title{padding:0;margin:0;line-height:1}.elementor-widget-heading .elementor-heading-title[class*=elementor-size-]>a{color:inherit;font-size:inherit;line-height:inherit}.elementor-widget-heading .elementor-heading-title.elementor-size-small{font-size:15px}.elementor-widget-heading .elementor-heading-title.elementor-size-medium{font-size:19px}.elementor-widget-heading .elementor-heading-title.elementor-size-large{font-size:29px}.elementor-widget-heading .elementor-heading-title.elementor-size-xl{font-size:39px}.elementor-widget-heading .elementor-heading-title.elementor-size-xxl{font-size:59px}<\/style><h2 class=\"elementor-heading-title elementor-size-default\">Portopiccolo: Das Beverly Hills der Adria<\/h2>\t\t<\/div>\n\t\t\t\t<\/div>\n\t\t\t\t\t<\/div>\n\t\t\t\t<\/div>\n\t\t<div class=\"elementor-element elementor-element-785c304 e-flex e-con-boxed e-con e-parent\" data-id=\"785c304\" data-element_type=\"container\" data-core-v316-plus=\"true\">\n\t\t\t\t\t<div class=\"e-con-inner\">\n\t\t\t\t<div class=\"elementor-element elementor-element-e5f883a elementor-widget elementor-widget-text-editor\" data-id=\"e5f883a\" data-element_type=\"widget\" data-widget_type=\"text-editor.default\">\n\t\t\t\t<div class=\"elementor-widget-container\">\n\t\t\t<style>\/*! elementor - v3.20.0 - 10-04-2024 *\/\n.elementor-widget-text-editor.elementor-drop-cap-view-stacked .elementor-drop-cap{background-color:#69727d;color:#fff}.elementor-widget-text-editor.elementor-drop-cap-view-framed .elementor-drop-cap{color:#69727d;border:3px solid;background-color:transparent}.elementor-widget-text-editor:not(.elementor-drop-cap-view-default) .elementor-drop-cap{margin-top:8px}.elementor-widget-text-editor:not(.elementor-drop-cap-view-default) .elementor-drop-cap-letter{width:1em;height:1em}.elementor-widget-text-editor .elementor-drop-cap{float:left;text-align:center;line-height:1;font-size:50px}.elementor-widget-text-editor .elementor-drop-cap-letter{display:inline-block}<\/style>\t\t\t\t<p><span data-olk-copy-source=\"MessageBody\">Es gibt einen Ort mit Blick auf den\u00a0<strong>Golf von Triest<\/strong>, wo Eleganz auf Natur trifft und jedes Detail eine Vision von\u00a0<strong>diskretem und raffiniertem Luxus<\/strong>\u00a0erz\u00e4hlt.<br \/><\/span><span lang=\"de\">Es ist\u00a0<strong>Portopiccolo<\/strong>, in der Gemeinde\u00a0<strong>Duino Aurisina<\/strong><\/span><span lang=\"de\">\u00a0&#8211;\u00a0ein Juwel, eingebettet zwischen den Karstklippen, von Stammg\u00e4sten als das\u00a0<strong>Beverly Hills der Adria<\/strong>\u00a0bezeichnet.\u00a0<\/span>Hier streichelt t\u00fcrkisfarbenes Wasser anspruchsvolle Architektur, und die Stille des Karsts sch\u00fctzt ein Mikrokosmos, der f\u00fcr diejenigen gedacht ist, die einen\u00a0<strong>zur\u00fcckhaltenden, exklusiven, aber authentischen Lebensstil<\/strong>\u00a0w\u00e4hlen.<\/p>\t\t\t\t\t\t<\/div>\n\t\t\t\t<\/div>\n\t\t\t\t\t<\/div>\n\t\t\t\t<\/div>\n\t\t<div class=\"elementor-element elementor-element-ce75873 e-flex e-con-boxed e-con e-parent\" data-id=\"ce75873\" data-element_type=\"container\" data-core-v316-plus=\"true\">\n\t\t\t\t\t<div class=\"e-con-inner\">\n\t\t\t\t<div class=\"elementor-element elementor-element-aae1d11 elementor-widget elementor-widget-image\" data-id=\"aae1d11\" data-element_type=\"widget\" data-widget_type=\"image.default\">\n\t\t\t\t<div class=\"elementor-widget-container\">\n\t\t\t<style>\/*! elementor - v3.20.0 - 10-04-2024 *\/\n.elementor-widget-image{text-align:center}.elementor-widget-image a{display:inline-block}.elementor-widget-image a img[src$=\".svg\"]{width:48px}.elementor-widget-image img{vertical-align:middle;display:inline-block}<\/style>\t\t\t\t\t\t\t\t\t\t<img fetchpriority=\"high\" decoding=\"async\" width=\"751\" height=\"296\" src=\"https:\/\/www.portopiccoloapartments.com\/blog\/wp-content\/uploads\/2024\/09\/WhatsApp-Image-2024-09-23-at-16.10.38-1600x630.jpeg\" class=\"attachment-large size-large wp-image-642\" alt=\"Vivere la Barcolana da Portopiccolo\" \/>\t\t\t\t\t\t\t\t\t\t\t\t\t<\/div>\n\t\t\t\t<\/div>\n\t\t\t\t<div class=\"elementor-element elementor-element-99e4079 elementor-widget elementor-widget-heading\" data-id=\"99e4079\" data-element_type=\"widget\" data-widget_type=\"heading.default\">\n\t\t\t\t<div class=\"elementor-widget-container\">\n\t\t\t<h3 class=\"elementor-heading-title elementor-size-default\">Leben in Portopiccolo: zwischen Komfort und Raffinesse<\/h3>\t\t<\/div>\n\t\t\t\t<\/div>\n\t\t\t\t<div class=\"elementor-element elementor-element-525bdce elementor-widget elementor-widget-text-editor\" data-id=\"525bdce\" data-element_type=\"widget\" data-widget_type=\"text-editor.default\">\n\t\t\t\t<div class=\"elementor-widget-container\">\n\t\t\t\t\t\t\t<div><p><span data-olk-copy-source=\"MessageBody\">Portopiccolo ist das\u00a0<strong>ideale Reiseziel<\/strong>\u00a0f\u00fcr diejenigen, die eine\u00a0<strong>Residenz am Meer<\/strong>, einen\u00a0<strong>vor\u00fcbergehenden Aufenthalt<\/strong>\u00a0oder ein\u00a0<strong>Pied-\u00e0-terre im Komfort<\/strong>\u00a0suchen. Villen, Design-Apartments und voll ausgestattete Suiten zeichnen sich durch die perfekte Balance zwischen\u00a0<strong>\u00c4sthetik und Funktionalit\u00e4t<\/strong>\u00a0aus und bieten raffinierte und zeitgem\u00e4\u00dfe Wohnl\u00f6sungen.<br \/>Die Tage vergehen leicht, zwischen einem Kaffee auf der Terrasse, einem Sprung in den Pool, einer Wellness-Session in den renommiertesten Spas Norditaliens oder einem Spaziergang durch ausgew\u00e4hlte Boutiquen und Gourmetlokale.<br \/>Es ist nicht nur ein Ort zum Leben oder Verweilen:\u00a0<strong>es ist ein vollst\u00e4ndiges, ma\u00dfgeschneidertes Erlebnis<\/strong>.\u00a0<\/span><span lang=\"de\">Hier kommen\u00a0<\/span><span lang=\"de\">Schiffseigner\u00a0und Unternehmer, K\u00fcnstler und anspruchsvolle Reisende an.\u00a0<\/span>Portopiccolo ist auch ein R\u00fcckzugsort f\u00fcr diejenigen, die das Meer im Winter, die Stille in der Hochsaison und die Sch\u00f6nheit jeden Tag suchen.<\/p><\/div><div><p>Hinter Portopiccolo wacht der\u00a0<strong>Karst<\/strong>\u00a0mit seinen schroffen H\u00f6hen, Wegen, die sich zu atemberaubenden Ausblicken \u00f6ffnen, Trockenmauern und den D\u00fcften der Macchia. Zwei historische Juwelen rahmen es ein: das\u00a0<strong>Schloss Duino<\/strong>, das noch heute von den F\u00fcrsten der Torre und Tasso bewohnt wird, und das\u00a0<strong>Schloss Miramare<\/strong>, das als romantischer R\u00fcckzugsort von Erzherzog Ferdinand Maximilian von Habsburg geschaffen wurde. Dazwischen eine K\u00fcste, gespickt mit geheimen Buchten, Kletterw\u00e4nden und Weinbergen, die zwischen Himmel und Meer schweben.<\/p><\/div>\t\t\t\t\t\t<\/div>\n\t\t\t\t<\/div>\n\t\t\t\t\t<\/div>\n\t\t\t\t<\/div>\n\t\t<div class=\"elementor-element elementor-element-21e3c07 e-flex e-con-boxed e-con e-parent\" data-id=\"21e3c07\" data-element_type=\"container\" data-core-v316-plus=\"true\">\n\t\t\t\t\t<div class=\"e-con-inner\">\n\t\t\t\t<div class=\"elementor-element elementor-element-8523d5b elementor-widget elementor-widget-heading\" data-id=\"8523d5b\" data-element_type=\"widget\" data-widget_type=\"heading.default\">\n\t\t\t\t<div class=\"elementor-widget-container\">\n\t\t\t<h3 class=\"elementor-heading-title elementor-size-default\">Natur, Kultur und Geschichte<\/h3>\t\t<\/div>\n\t\t\t\t<\/div>\n\t\t\t\t<div class=\"elementor-element elementor-element-f497298 elementor-widget elementor-widget-text-editor\" data-id=\"f497298\" data-element_type=\"widget\" data-widget_type=\"text-editor.default\">\n\t\t\t\t<div class=\"elementor-widget-container\">\n\t\t\t\t\t\t\t<p>Der Charme von\u00a0<span style=\"color: #aa8e1a;\"><i>Portopiccolo<\/i><\/span>\u00a0ersch\u00f6pft sich nicht in seiner nat\u00fcrlichen Sch\u00f6nheit oder exzellenten Gastfreundschaft. Es ist auch ein\u00a0<strong>Land der Geschichte und Kultur<\/strong>. Zwei Kilometer entfernt erz\u00e4hlt eine pal\u00e4ontologische St\u00e4tte vom Leben der Dinosaurier in der Kreidezeit, w\u00e4hrend sich zwischen den Falten des Waldes ein Tempel verbirgt, der dem Gott Mithras gewidmet ist, ein Zeugnis alter Kulte und Grenzzivilisationen.<br \/>Eine Grenze, die hier\u00a0<strong>nicht trennt, sondern verbindet<\/strong>: In Portopiccolo und seiner Umgebung koexistieren die italienische und die slowenische Seele harmonisch in einem Alltag, der von gemeinsamen Traditionen gepr\u00e4gt ist. Symbolisch daf\u00fcr sind die\u00a0<strong>Osmize<\/strong>, tempor\u00e4re Tavernen im Gr\u00fcnen, in denen lokale Weine, handwerklich hergestellte Wurstwaren und K\u00e4se in einer geselligen und zeitlosen Atmosph\u00e4re verkostet werden.<\/p>\t\t\t\t\t\t<\/div>\n\t\t\t\t<\/div>\n\t\t\t\t\t<\/div>\n\t\t\t\t<\/div>\n\t\t<div class=\"elementor-element elementor-element-63aca61 e-flex e-con-boxed e-con e-parent\" data-id=\"63aca61\" data-element_type=\"container\" data-core-v316-plus=\"true\">\n\t\t\t\t\t<div class=\"e-con-inner\">\n\t\t\t\t<div class=\"elementor-element elementor-element-cc2a85a elementor-widget elementor-widget-image\" data-id=\"cc2a85a\" data-element_type=\"widget\" data-widget_type=\"image.default\">\n\t\t\t\t<div class=\"elementor-widget-container\">\n\t\t\t\t\t\t\t\t\t\t\t\t\t<img decoding=\"async\" width=\"751\" height=\"436\" src=\"https:\/\/www.portopiccoloapartments.com\/blog\/wp-content\/uploads\/2025\/05\/IMG_0153-Modifica-e1747644195569-768x446.jpg\" class=\"attachment-medium_large size-medium_large wp-image-1363\" alt=\"\" srcset=\"https:\/\/www.portopiccoloapartments.com\/blog\/wp-content\/uploads\/2025\/05\/IMG_0153-Modifica-e1747644195569-768x446.jpg 768w, https:\/\/www.portopiccoloapartments.com\/blog\/wp-content\/uploads\/2025\/05\/IMG_0153-Modifica-e1747644195569-1536x892.jpg 1536w, https:\/\/www.portopiccoloapartments.com\/blog\/wp-content\/uploads\/2025\/05\/IMG_0153-Modifica-e1747644195569.jpg 1977w\" sizes=\"(max-width: 751px) 100vw, 751px\" \/>\t\t\t\t\t\t\t\t\t\t\t\t\t<\/div>\n\t\t\t\t<\/div>\n\t\t\t\t<div class=\"elementor-element elementor-element-48c178d elementor-widget elementor-widget-heading\" data-id=\"48c178d\" data-element_type=\"widget\" data-widget_type=\"heading.default\">\n\t\t\t\t<div class=\"elementor-widget-container\">\n\t\t\t<h3 class=\"elementor-heading-title elementor-size-default\">Ein Privileg zu leben<\/h3>\t\t<\/div>\n\t\t\t\t<\/div>\n\t\t\t\t<div class=\"elementor-element elementor-element-f20b320 elementor-widget elementor-widget-text-editor\" data-id=\"f20b320\" data-element_type=\"widget\" data-widget_type=\"text-editor.default\">\n\t\t\t\t<div class=\"elementor-widget-container\">\n\t\t\t\t\t\t\t<p><span data-olk-copy-source=\"MessageBody\">In Portopiccolo\u00a0<strong>verliert sich der Blick auf die Adria<\/strong>, und die Zeit scheint einem anderen Rhythmus zu folgen, langsamer, echter.\u00a0<\/span><span lang=\"de\">Ob f\u00fcr ein Wochenende oder eine ganze Saison<\/span><span lang=\"de\">: \u00a0Wer hier ankommt, entdeckt, dass dies\u00a0<strong>nicht einfach ein Ort ist<\/strong>.<\/span><\/p><p>Es ist ein Privileg.\u00a0<i><span style=\"color: #03036b;\">Es ist ein Lebensstil<\/span>.<\/i><\/p>\t\t\t\t\t\t<\/div>\n\t\t\t\t<\/div>\n\t\t\t\t\t<\/div>\n\t\t\t\t<\/div>\n\t\t\t\t<\/div>\n\t\t","protected":false},"excerpt":{"rendered":"<p>Portopiccolo: Das Beverly Hills der Adria Es gibt einen Ort mit Blick auf den\u00a0Golf von Triest, wo Eleganz auf Natur&#8230;<\/p>\n","protected":false},"author":2,"featured_media":1261,"comment_status":"open","ping_status":"open","sticky":false,"template":"","format":"standard","meta":{"footnotes":""},"categories":[],"tags":[],"class_list":["post-1272","post","type-post","status-publish","format-standard","has-post-thumbnail","hentry"],"yoast_head":"<!-- This site is optimized with the Yoast SEO plugin v22.4 - https:\/\/yoast.com\/wordpress\/plugins\/seo\/ -->\n<title>Portopiccolo: Das Beverly Hills der Adria - Blog<\/title>\n<meta name=\"robots\" content=\"index, follow, max-snippet:-1, max-image-preview:large, max-video-preview:-1\" \/>\n<link rel=\"canonical\" href=\"https:\/\/www.portopiccoloapartments.com\/blog\/de\/portopiccolo-das-beverly-hills-der-adria\/\" \/>\n<meta property=\"og:locale\" content=\"de_DE\" \/>\n<meta property=\"og:type\" content=\"article\" \/>\n<meta property=\"og:title\" content=\"Portopiccolo: Das Beverly Hills der Adria - Blog\" \/>\n<meta property=\"og:description\" content=\"Portopiccolo: Das Beverly Hills der Adria Es gibt einen Ort mit Blick auf den\u00a0Golf von Triest, wo Eleganz auf Natur...\" \/>\n<meta property=\"og:url\" content=\"https:\/\/www.portopiccoloapartments.com\/blog\/de\/portopiccolo-das-beverly-hills-der-adria\/\" \/>\n<meta property=\"og:site_name\" content=\"Blog\" \/>\n<meta property=\"article:published_time\" content=\"2025-05-19T09:18:41+00:00\" \/>\n<meta property=\"article:modified_time\" content=\"2025-05-19T09:17:21+00:00\" \/>\n<meta property=\"og:image\" content=\"https:\/\/www.portopiccoloapartments.com\/blog\/wp-content\/uploads\/2025\/05\/portopiccolo1.jpg\" \/>\n\t<meta property=\"og:image:width\" content=\"1200\" \/>\n\t<meta property=\"og:image:height\" content=\"1600\" \/>\n\t<meta property=\"og:image:type\" content=\"image\/jpeg\" \/>\n<meta name=\"author\" content=\"portopiccoloapartments\" \/>\n<meta name=\"twitter:card\" content=\"summary_large_image\" \/>\n<meta name=\"twitter:label1\" content=\"Verfasst von\" \/>\n\t<meta name=\"twitter:data1\" content=\"portopiccoloapartments\" \/>\n\t<meta name=\"twitter:label2\" content=\"Gesch\u00e4tzte Lesezeit\" \/>\n\t<meta name=\"twitter:data2\" content=\"4\u00a0Minuten\" \/>\n<script type=\"application\/ld+json\" class=\"yoast-schema-graph\">{\"@context\":\"https:\/\/schema.org\",\"@graph\":[{\"@type\":\"WebPage\",\"@id\":\"https:\/\/www.portopiccoloapartments.com\/blog\/de\/portopiccolo-das-beverly-hills-der-adria\/\",\"url\":\"https:\/\/www.portopiccoloapartments.com\/blog\/de\/portopiccolo-das-beverly-hills-der-adria\/\",\"name\":\"Portopiccolo: Das Beverly Hills der Adria - Blog\",\"isPartOf\":{\"@id\":\"https:\/\/www.portopiccoloapartments.com\/blog\/#website\"},\"primaryImageOfPage\":{\"@id\":\"https:\/\/www.portopiccoloapartments.com\/blog\/de\/portopiccolo-das-beverly-hills-der-adria\/#primaryimage\"},\"image\":{\"@id\":\"https:\/\/www.portopiccoloapartments.com\/blog\/de\/portopiccolo-das-beverly-hills-der-adria\/#primaryimage\"},\"thumbnailUrl\":\"https:\/\/www.portopiccoloapartments.com\/blog\/wp-content\/uploads\/2025\/05\/portopiccolo1.jpg\",\"datePublished\":\"2025-05-19T09:18:41+00:00\",\"dateModified\":\"2025-05-19T09:17:21+00:00\",\"author\":{\"@id\":\"https:\/\/www.portopiccoloapartments.com\/blog\/#\/schema\/person\/61d8286d97391fc95a71ef6b3d87b890\"},\"breadcrumb\":{\"@id\":\"https:\/\/www.portopiccoloapartments.com\/blog\/de\/portopiccolo-das-beverly-hills-der-adria\/#breadcrumb\"},\"inLanguage\":\"de\",\"potentialAction\":[{\"@type\":\"ReadAction\",\"target\":[\"https:\/\/www.portopiccoloapartments.com\/blog\/de\/portopiccolo-das-beverly-hills-der-adria\/\"]}]},{\"@type\":\"ImageObject\",\"inLanguage\":\"de\",\"@id\":\"https:\/\/www.portopiccoloapartments.com\/blog\/de\/portopiccolo-das-beverly-hills-der-adria\/#primaryimage\",\"url\":\"https:\/\/www.portopiccoloapartments.com\/blog\/wp-content\/uploads\/2025\/05\/portopiccolo1.jpg\",\"contentUrl\":\"https:\/\/www.portopiccoloapartments.com\/blog\/wp-content\/uploads\/2025\/05\/portopiccolo1.jpg\",\"width\":1200,\"height\":1600},{\"@type\":\"BreadcrumbList\",\"@id\":\"https:\/\/www.portopiccoloapartments.com\/blog\/de\/portopiccolo-das-beverly-hills-der-adria\/#breadcrumb\",\"itemListElement\":[{\"@type\":\"ListItem\",\"position\":1,\"name\":\"Portada\",\"item\":\"https:\/\/www.portopiccoloapartments.com\/blog\/\"},{\"@type\":\"ListItem\",\"position\":2,\"name\":\"Portopiccolo: Das Beverly Hills der Adria\"}]},{\"@type\":\"WebSite\",\"@id\":\"https:\/\/www.portopiccoloapartments.com\/blog\/#website\",\"url\":\"https:\/\/www.portopiccoloapartments.com\/blog\/\",\"name\":\"Blog\",\"description\":\"Portopiccoloapartments\",\"potentialAction\":[{\"@type\":\"SearchAction\",\"target\":{\"@type\":\"EntryPoint\",\"urlTemplate\":\"https:\/\/www.portopiccoloapartments.com\/blog\/?s={search_term_string}\"},\"query-input\":\"required name=search_term_string\"}],\"inLanguage\":\"de\"},{\"@type\":\"Person\",\"@id\":\"https:\/\/www.portopiccoloapartments.com\/blog\/#\/schema\/person\/61d8286d97391fc95a71ef6b3d87b890\",\"name\":\"portopiccoloapartments\",\"image\":{\"@type\":\"ImageObject\",\"inLanguage\":\"de\",\"@id\":\"https:\/\/www.portopiccoloapartments.com\/blog\/#\/schema\/person\/image\/\",\"url\":\"https:\/\/secure.gravatar.com\/avatar\/66183d990d4f136eb771e77d3a7da5bfa1e9d3add48bb98e18074e4d39cd2b10?s=96&d=mm&r=g\",\"contentUrl\":\"https:\/\/secure.gravatar.com\/avatar\/66183d990d4f136eb771e77d3a7da5bfa1e9d3add48bb98e18074e4d39cd2b10?s=96&d=mm&r=g\",\"caption\":\"portopiccoloapartments\"},\"url\":\"https:\/\/www.portopiccoloapartments.com\/blog\/de\/author\/portopiccoloapartments\/\"}]}<\/script>\n<!-- \/ Yoast SEO plugin. -->","yoast_head_json":{"title":"Portopiccolo: Das Beverly Hills der Adria - Blog","robots":{"index":"index","follow":"follow","max-snippet":"max-snippet:-1","max-image-preview":"max-image-preview:large","max-video-preview":"max-video-preview:-1"},"canonical":"https:\/\/www.portopiccoloapartments.com\/blog\/de\/portopiccolo-das-beverly-hills-der-adria\/","og_locale":"de_DE","og_type":"article","og_title":"Portopiccolo: Das Beverly Hills der Adria - Blog","og_description":"Portopiccolo: Das Beverly Hills der Adria Es gibt einen Ort mit Blick auf den\u00a0Golf von Triest, wo Eleganz auf Natur...","og_url":"https:\/\/www.portopiccoloapartments.com\/blog\/de\/portopiccolo-das-beverly-hills-der-adria\/","og_site_name":"Blog","article_published_time":"2025-05-19T09:18:41+00:00","article_modified_time":"2025-05-19T09:17:21+00:00","og_image":[{"width":1200,"height":1600,"url":"https:\/\/www.portopiccoloapartments.com\/blog\/wp-content\/uploads\/2025\/05\/portopiccolo1.jpg","type":"image\/jpeg"}],"author":"portopiccoloapartments","twitter_card":"summary_large_image","twitter_misc":{"Verfasst von":"portopiccoloapartments","Gesch\u00e4tzte Lesezeit":"4\u00a0Minuten"},"schema":{"@context":"https:\/\/schema.org","@graph":[{"@type":"WebPage","@id":"https:\/\/www.portopiccoloapartments.com\/blog\/de\/portopiccolo-das-beverly-hills-der-adria\/","url":"https:\/\/www.portopiccoloapartments.com\/blog\/de\/portopiccolo-das-beverly-hills-der-adria\/","name":"Portopiccolo: Das Beverly Hills der Adria - Blog","isPartOf":{"@id":"https:\/\/www.portopiccoloapartments.com\/blog\/#website"},"primaryImageOfPage":{"@id":"https:\/\/www.portopiccoloapartments.com\/blog\/de\/portopiccolo-das-beverly-hills-der-adria\/#primaryimage"},"image":{"@id":"https:\/\/www.portopiccoloapartments.com\/blog\/de\/portopiccolo-das-beverly-hills-der-adria\/#primaryimage"},"thumbnailUrl":"https:\/\/www.portopiccoloapartments.com\/blog\/wp-content\/uploads\/2025\/05\/portopiccolo1.jpg","datePublished":"2025-05-19T09:18:41+00:00","dateModified":"2025-05-19T09:17:21+00:00","author":{"@id":"https:\/\/www.portopiccoloapartments.com\/blog\/#\/schema\/person\/61d8286d97391fc95a71ef6b3d87b890"},"breadcrumb":{"@id":"https:\/\/www.portopiccoloapartments.com\/blog\/de\/portopiccolo-das-beverly-hills-der-adria\/#breadcrumb"},"inLanguage":"de","potentialAction":[{"@type":"ReadAction","target":["https:\/\/www.portopiccoloapartments.com\/blog\/de\/portopiccolo-das-beverly-hills-der-adria\/"]}]},{"@type":"ImageObject","inLanguage":"de","@id":"https:\/\/www.portopiccoloapartments.com\/blog\/de\/portopiccolo-das-beverly-hills-der-adria\/#primaryimage","url":"https:\/\/www.portopiccoloapartments.com\/blog\/wp-content\/uploads\/2025\/05\/portopiccolo1.jpg","contentUrl":"https:\/\/www.portopiccoloapartments.com\/blog\/wp-content\/uploads\/2025\/05\/portopiccolo1.jpg","width":1200,"height":1600},{"@type":"BreadcrumbList","@id":"https:\/\/www.portopiccoloapartments.com\/blog\/de\/portopiccolo-das-beverly-hills-der-adria\/#breadcrumb","itemListElement":[{"@type":"ListItem","position":1,"name":"Portada","item":"https:\/\/www.portopiccoloapartments.com\/blog\/"},{"@type":"ListItem","position":2,"name":"Portopiccolo: Das Beverly Hills der Adria"}]},{"@type":"WebSite","@id":"https:\/\/www.portopiccoloapartments.com\/blog\/#website","url":"https:\/\/www.portopiccoloapartments.com\/blog\/","name":"Blog","description":"Portopiccoloapartments","potentialAction":[{"@type":"SearchAction","target":{"@type":"EntryPoint","urlTemplate":"https:\/\/www.portopiccoloapartments.com\/blog\/?s={search_term_string}"},"query-input":"required name=search_term_string"}],"inLanguage":"de"},{"@type":"Person","@id":"https:\/\/www.portopiccoloapartments.com\/blog\/#\/schema\/person\/61d8286d97391fc95a71ef6b3d87b890","name":"portopiccoloapartments","image":{"@type":"ImageObject","inLanguage":"de","@id":"https:\/\/www.portopiccoloapartments.com\/blog\/#\/schema\/person\/image\/","url":"https:\/\/secure.gravatar.com\/avatar\/66183d990d4f136eb771e77d3a7da5bfa1e9d3add48bb98e18074e4d39cd2b10?s=96&d=mm&r=g","contentUrl":"https:\/\/secure.gravatar.com\/avatar\/66183d990d4f136eb771e77d3a7da5bfa1e9d3add48bb98e18074e4d39cd2b10?s=96&d=mm&r=g","caption":"portopiccoloapartments"},"url":"https:\/\/www.portopiccoloapartments.com\/blog\/de\/author\/portopiccoloapartments\/"}]}},"_links":{"self":[{"href":"https:\/\/www.portopiccoloapartments.com\/blog\/de\/wp-json\/wp\/v2\/posts\/1272","targetHints":{"allow":["GET"]}}],"collection":[{"href":"https:\/\/www.portopiccoloapartments.com\/blog\/de\/wp-json\/wp\/v2\/posts"}],"about":[{"href":"https:\/\/www.portopiccoloapartments.com\/blog\/de\/wp-json\/wp\/v2\/types\/post"}],"author":[{"embeddable":true,"href":"https:\/\/www.portopiccoloapartments.com\/blog\/de\/wp-json\/wp\/v2\/users\/2"}],"replies":[{"embeddable":true,"href":"https:\/\/www.portopiccoloapartments.com\/blog\/de\/wp-json\/wp\/v2\/comments?post=1272"}],"version-history":[{"count":35,"href":"https:\/\/www.portopiccoloapartments.com\/blog\/de\/wp-json\/wp\/v2\/posts\/1272\/revisions"}],"predecessor-version":[{"id":1389,"href":"https:\/\/www.portopiccoloapartments.com\/blog\/de\/wp-json\/wp\/v2\/posts\/1272\/revisions\/1389"}],"wp:featuredmedia":[{"embeddable":true,"href":"https:\/\/www.portopiccoloapartments.com\/blog\/de\/wp-json\/wp\/v2\/media\/1261"}],"wp:attachment":[{"href":"https:\/\/www.portopiccoloapartments.com\/blog\/de\/wp-json\/wp\/v2\/media?parent=1272"}],"wp:term":[{"taxonomy":"category","embeddable":true,"href":"https:\/\/www.portopiccoloapartments.com\/blog\/de\/wp-json\/wp\/v2\/categories?post=1272"},{"taxonomy":"post_tag","embeddable":true,"href":"https:\/\/www.portopiccoloapartments.com\/blog\/de\/wp-json\/wp\/v2\/tags?post=1272"}],"curies":[{"name":"wp","href":"https:\/\/api.w.org\/{rel}","templated":true}]}}