{"id":1458,"date":"2025-05-24T16:14:20","date_gmt":"2025-05-24T16:14:20","guid":{"rendered":"https:\/\/www.portopiccoloapartments.com\/blog\/?p=1458"},"modified":"2025-05-24T16:17:02","modified_gmt":"2025-05-24T16:17:02","slug":"mare-nordest-2025-ein-wochenende-am-meer-in-triest","status":"publish","type":"post","link":"https:\/\/www.portopiccoloapartments.com\/blog\/de\/mare-nordest-2025-ein-wochenende-am-meer-in-triest\/","title":{"rendered":"Mare Nordest 2025: Ein Wochenende am Meer in Triest"},"content":{"rendered":"\t\t<div data-elementor-type=\"wp-post\" data-elementor-id=\"1458\" class=\"elementor elementor-1458 elementor-1442\">\n\t\t\t\t<div class=\"elementor-element elementor-element-709703b0 e-flex e-con-boxed e-con e-parent\" data-id=\"709703b0\" data-element_type=\"container\" data-core-v316-plus=\"true\">\n\t\t\t\t\t<div class=\"e-con-inner\">\n\t\t\t\t<div class=\"elementor-element elementor-element-1a595adb elementor-widget elementor-widget-heading\" data-id=\"1a595adb\" data-element_type=\"widget\" data-widget_type=\"heading.default\">\n\t\t\t\t<div class=\"elementor-widget-container\">\n\t\t\t<style>\/*! elementor - v3.20.0 - 10-04-2024 *\/\n.elementor-heading-title{padding:0;margin:0;line-height:1}.elementor-widget-heading .elementor-heading-title[class*=elementor-size-]>a{color:inherit;font-size:inherit;line-height:inherit}.elementor-widget-heading .elementor-heading-title.elementor-size-small{font-size:15px}.elementor-widget-heading .elementor-heading-title.elementor-size-medium{font-size:19px}.elementor-widget-heading .elementor-heading-title.elementor-size-large{font-size:29px}.elementor-widget-heading .elementor-heading-title.elementor-size-xl{font-size:39px}.elementor-widget-heading .elementor-heading-title.elementor-size-xxl{font-size:59px}<\/style><h2 class=\"elementor-heading-title elementor-size-default\">Mare Nordest 2025: Ein Wochenende am Meer in Triest<\/h2>\t\t<\/div>\n\t\t\t\t<\/div>\n\t\t\t\t\t<\/div>\n\t\t\t\t<\/div>\n\t\t<div class=\"elementor-element elementor-element-3381c50e e-flex e-con-boxed e-con e-parent\" data-id=\"3381c50e\" data-element_type=\"container\" data-core-v316-plus=\"true\">\n\t\t\t\t\t<div class=\"e-con-inner\">\n\t\t\t\t<div class=\"elementor-element elementor-element-5cb47e56 elementor-widget elementor-widget-text-editor\" data-id=\"5cb47e56\" data-element_type=\"widget\" data-widget_type=\"text-editor.default\">\n\t\t\t\t<div class=\"elementor-widget-container\">\n\t\t\t<style>\/*! elementor - v3.20.0 - 10-04-2024 *\/\n.elementor-widget-text-editor.elementor-drop-cap-view-stacked .elementor-drop-cap{background-color:#69727d;color:#fff}.elementor-widget-text-editor.elementor-drop-cap-view-framed .elementor-drop-cap{color:#69727d;border:3px solid;background-color:transparent}.elementor-widget-text-editor:not(.elementor-drop-cap-view-default) .elementor-drop-cap{margin-top:8px}.elementor-widget-text-editor:not(.elementor-drop-cap-view-default) .elementor-drop-cap-letter{width:1em;height:1em}.elementor-widget-text-editor .elementor-drop-cap{float:left;text-align:center;line-height:1;font-size:50px}.elementor-widget-text-editor .elementor-drop-cap-letter{display:inline-block}<\/style>\t\t\t\t<p dir=\"auto\" data-olk-copy-source=\"MessageBody\">Vom 23. bis 25. Mai findet in Triest die neue Ausgabe von <em>Mare Nordest<\/em> statt \u2013 ein Event, das seit vierzehn Jahren Umwelt, Kultur, Wissenschaft, Sport und Kunst rund ums Meer vereint. Die Piazza Unit\u00e0 d\u2019Italia wird zum zentralen Ort f\u00fcr Begegnungen, Entdeckungen und Diskussionen \u00fcber das Verh\u00e4ltnis zwischen Mensch und Meer.<\/p><p dir=\"auto\">F\u00fcr G\u00e4ste der <span style=\"color: #aa8e1a;\">Portopiccolo Apartments<\/span> \u2013 nur wenige Minuten von Triest entfernt \u2013 bietet sich eine ideale Gelegenheit f\u00fcr ein stilvolles Wochenende zwischen Kultur und K\u00fcste.<\/p>\t\t\t\t\t\t<\/div>\n\t\t\t\t<\/div>\n\t\t\t\t<div class=\"elementor-element elementor-element-202798e0 elementor-widget elementor-widget-image\" data-id=\"202798e0\" data-element_type=\"widget\" data-widget_type=\"image.default\">\n\t\t\t\t<div class=\"elementor-widget-container\">\n\t\t\t<style>\/*! elementor - v3.20.0 - 10-04-2024 *\/\n.elementor-widget-image{text-align:center}.elementor-widget-image a{display:inline-block}.elementor-widget-image a img[src$=\".svg\"]{width:48px}.elementor-widget-image img{vertical-align:middle;display:inline-block}<\/style>\t\t\t\t\t\t\t\t\t\t<img fetchpriority=\"high\" decoding=\"async\" width=\"751\" height=\"246\" src=\"https:\/\/www.portopiccoloapartments.com\/blog\/wp-content\/uploads\/2025\/05\/IMG-20250524-WA0012-1920x630.jpg\" class=\"attachment-large size-large wp-image-1409\" alt=\"\" \/>\t\t\t\t\t\t\t\t\t\t\t\t\t<\/div>\n\t\t\t\t<\/div>\n\t\t\t\t\t<\/div>\n\t\t\t\t<\/div>\n\t\t<div class=\"elementor-element elementor-element-2039538f e-con-full e-flex e-con e-parent\" data-id=\"2039538f\" data-element_type=\"container\" data-core-v316-plus=\"true\">\n\t\t\t\t<div class=\"elementor-element elementor-element-61750c elementor-widget elementor-widget-heading\" data-id=\"61750c\" data-element_type=\"widget\" data-widget_type=\"heading.default\">\n\t\t\t\t<div class=\"elementor-widget-container\">\n\t\t\t<h3 class=\"elementor-heading-title elementor-size-default\">Alle Spiegelungen des Meeres: ein tiefgr\u00fcndiges Programm mit prominenten G\u00e4sten<\/h3>\t\t<\/div>\n\t\t\t\t<\/div>\n\t\t\t\t<div class=\"elementor-element elementor-element-5d45ffbf elementor-widget elementor-widget-text-editor\" data-id=\"5d45ffbf\" data-element_type=\"widget\" data-widget_type=\"text-editor.default\">\n\t\t\t\t<div class=\"elementor-widget-container\">\n\t\t\t\t\t\t\t<p dir=\"auto\" style=\"text-align: justify;\" data-olk-copy-source=\"MessageBody\"><span data-olk-copy-source=\"MessageBody\">Die diesj\u00e4hrige Ausgabe steht unter dem Motto Alle Spiegelungen des Meeres. Die feierliche Er\u00f6ffnung fand im Regierungssaal der Autonomen Region Friaul-Julisch Venetien statt, moderiert vom Journalisten Francesco Cardella, mit der Vorstellung des Gesamtprogramms und der 4. Internationalen Unterwasserausstellung von Triest.<\/span><\/p>\t\t\t\t\t\t<\/div>\n\t\t\t\t<\/div>\n\t\t\t\t<\/div>\n\t\t<div class=\"elementor-element elementor-element-372579c0 e-flex e-con-boxed e-con e-parent\" data-id=\"372579c0\" data-element_type=\"container\" data-core-v316-plus=\"true\">\n\t\t\t\t\t<div class=\"e-con-inner\">\n\t\t\t\t<div class=\"elementor-element elementor-element-2556570a elementor-widget elementor-widget-image-gallery\" data-id=\"2556570a\" data-element_type=\"widget\" data-widget_type=\"image-gallery.default\">\n\t\t\t\t<div class=\"elementor-widget-container\">\n\t\t\t<style>\/*! elementor - v3.20.0 - 10-04-2024 *\/\n.elementor-image-gallery .gallery-item{display:inline-block;text-align:center;vertical-align:top;width:100%;max-width:100%;margin:0 auto}.elementor-image-gallery .gallery-item img{margin:0 auto}.elementor-image-gallery .gallery-item .gallery-caption{margin:0}.elementor-image-gallery figure img{display:block}.elementor-image-gallery figure figcaption{width:100%}.gallery-spacing-custom .elementor-image-gallery .gallery-icon{padding:0}@media (min-width:768px){.elementor-image-gallery .gallery-columns-2 .gallery-item{max-width:50%}.elementor-image-gallery .gallery-columns-3 .gallery-item{max-width:33.33%}.elementor-image-gallery .gallery-columns-4 .gallery-item{max-width:25%}.elementor-image-gallery .gallery-columns-5 .gallery-item{max-width:20%}.elementor-image-gallery .gallery-columns-6 .gallery-item{max-width:16.666%}.elementor-image-gallery .gallery-columns-7 .gallery-item{max-width:14.28%}.elementor-image-gallery .gallery-columns-8 .gallery-item{max-width:12.5%}.elementor-image-gallery .gallery-columns-9 .gallery-item{max-width:11.11%}.elementor-image-gallery .gallery-columns-10 .gallery-item{max-width:10%}}@media (min-width:480px) and (max-width:767px){.elementor-image-gallery .gallery.gallery-columns-2 .gallery-item,.elementor-image-gallery .gallery.gallery-columns-3 .gallery-item,.elementor-image-gallery .gallery.gallery-columns-4 .gallery-item,.elementor-image-gallery .gallery.gallery-columns-5 .gallery-item,.elementor-image-gallery .gallery.gallery-columns-6 .gallery-item,.elementor-image-gallery .gallery.gallery-columns-7 .gallery-item,.elementor-image-gallery .gallery.gallery-columns-8 .gallery-item,.elementor-image-gallery .gallery.gallery-columns-9 .gallery-item,.elementor-image-gallery .gallery.gallery-columns-10 .gallery-item{max-width:50%}}@media (max-width:479px){.elementor-image-gallery .gallery.gallery-columns-2 .gallery-item,.elementor-image-gallery .gallery.gallery-columns-3 .gallery-item,.elementor-image-gallery .gallery.gallery-columns-4 .gallery-item,.elementor-image-gallery .gallery.gallery-columns-5 .gallery-item,.elementor-image-gallery .gallery.gallery-columns-6 .gallery-item,.elementor-image-gallery .gallery.gallery-columns-7 .gallery-item,.elementor-image-gallery .gallery.gallery-columns-8 .gallery-item,.elementor-image-gallery .gallery.gallery-columns-9 .gallery-item,.elementor-image-gallery .gallery.gallery-columns-10 .gallery-item{max-width:100%}}<\/style>\t\t<div class=\"elementor-image-gallery\">\n\t\t\t<div id='gallery-1' class='gallery galleryid-1458 gallery-columns-4 gallery-size-medium'><figure class='gallery-item'>\n\t\t\t<div class='gallery-icon landscape'>\n\t\t\t\t<a data-elementor-open-lightbox=\"yes\" data-elementor-lightbox-slideshow=\"2556570a\" data-elementor-lightbox-title=\"IMG-20250524-WA0008\" data-e-action-hash=\"#elementor-action%3Aaction%3Dlightbox%26settings%3DeyJpZCI6MTQyNywidXJsIjoiaHR0cHM6XC9cL3d3dy5wb3J0b3BpY2NvbG9hcGFydG1lbnRzLmNvbVwvYmxvZ1wvd3AtY29udGVudFwvdXBsb2Fkc1wvMjAyNVwvMDVcL0lNRy0yMDI1MDUyNC1XQTAwMDgtc2NhbGVkLmpwZyIsInNsaWRlc2hvdyI6IjI1NTY1NzBhIn0%3D\" href='https:\/\/www.portopiccoloapartments.com\/blog\/wp-content\/uploads\/2025\/05\/IMG-20250524-WA0008-scaled.jpg'><img decoding=\"async\" width=\"300\" height=\"276\" src=\"https:\/\/www.portopiccoloapartments.com\/blog\/wp-content\/uploads\/2025\/05\/IMG-20250524-WA0008-380x350.jpg\" class=\"attachment-medium size-medium\" alt=\"\" \/><\/a>\n\t\t\t<\/div><\/figure><figure class='gallery-item'>\n\t\t\t<div class='gallery-icon landscape'>\n\t\t\t\t<a data-elementor-open-lightbox=\"yes\" data-elementor-lightbox-slideshow=\"2556570a\" data-elementor-lightbox-title=\"IMG-20250524-WA0010\" data-e-action-hash=\"#elementor-action%3Aaction%3Dlightbox%26settings%3DeyJpZCI6MTQyMywidXJsIjoiaHR0cHM6XC9cL3d3dy5wb3J0b3BpY2NvbG9hcGFydG1lbnRzLmNvbVwvYmxvZ1wvd3AtY29udGVudFwvdXBsb2Fkc1wvMjAyNVwvMDVcL0lNRy0yMDI1MDUyNC1XQTAwMTAtc2NhbGVkLmpwZyIsInNsaWRlc2hvdyI6IjI1NTY1NzBhIn0%3D\" href='https:\/\/www.portopiccoloapartments.com\/blog\/wp-content\/uploads\/2025\/05\/IMG-20250524-WA0010-scaled.jpg'><img decoding=\"async\" width=\"300\" height=\"276\" src=\"https:\/\/www.portopiccoloapartments.com\/blog\/wp-content\/uploads\/2025\/05\/IMG-20250524-WA0010-380x350.jpg\" class=\"attachment-medium size-medium\" alt=\"\" \/><\/a>\n\t\t\t<\/div><\/figure><figure class='gallery-item'>\n\t\t\t<div class='gallery-icon landscape'>\n\t\t\t\t<a data-elementor-open-lightbox=\"yes\" data-elementor-lightbox-slideshow=\"2556570a\" data-elementor-lightbox-title=\"IMG-20250524-WA0009\" data-e-action-hash=\"#elementor-action%3Aaction%3Dlightbox%26settings%3DeyJpZCI6MTQxOSwidXJsIjoiaHR0cHM6XC9cL3d3dy5wb3J0b3BpY2NvbG9hcGFydG1lbnRzLmNvbVwvYmxvZ1wvd3AtY29udGVudFwvdXBsb2Fkc1wvMjAyNVwvMDVcL0lNRy0yMDI1MDUyNC1XQTAwMDktc2NhbGVkLmpwZyIsInNsaWRlc2hvdyI6IjI1NTY1NzBhIn0%3D\" href='https:\/\/www.portopiccoloapartments.com\/blog\/wp-content\/uploads\/2025\/05\/IMG-20250524-WA0009-scaled.jpg'><img loading=\"lazy\" decoding=\"async\" width=\"300\" height=\"276\" src=\"https:\/\/www.portopiccoloapartments.com\/blog\/wp-content\/uploads\/2025\/05\/IMG-20250524-WA0009-380x350.jpg\" class=\"attachment-medium size-medium\" alt=\"\" \/><\/a>\n\t\t\t<\/div><\/figure><figure class='gallery-item'>\n\t\t\t<div class='gallery-icon landscape'>\n\t\t\t\t<a data-elementor-open-lightbox=\"yes\" data-elementor-lightbox-slideshow=\"2556570a\" data-elementor-lightbox-title=\"IMG-20250524-WA0011\" data-e-action-hash=\"#elementor-action%3Aaction%3Dlightbox%26settings%3DeyJpZCI6MTQxNSwidXJsIjoiaHR0cHM6XC9cL3d3dy5wb3J0b3BpY2NvbG9hcGFydG1lbnRzLmNvbVwvYmxvZ1wvd3AtY29udGVudFwvdXBsb2Fkc1wvMjAyNVwvMDVcL0lNRy0yMDI1MDUyNC1XQTAwMTEtc2NhbGVkLmpwZyIsInNsaWRlc2hvdyI6IjI1NTY1NzBhIn0%3D\" href='https:\/\/www.portopiccoloapartments.com\/blog\/wp-content\/uploads\/2025\/05\/IMG-20250524-WA0011-scaled.jpg'><img loading=\"lazy\" decoding=\"async\" width=\"300\" height=\"276\" src=\"https:\/\/www.portopiccoloapartments.com\/blog\/wp-content\/uploads\/2025\/05\/IMG-20250524-WA0011-380x350.jpg\" class=\"attachment-medium size-medium\" alt=\"\" \/><\/a>\n\t\t\t<\/div><\/figure>\n\t\t<\/div>\n\t\t<\/div>\n\t\t\t\t<\/div>\n\t\t\t\t<\/div>\n\t\t\t\t<div class=\"elementor-element elementor-element-e05ee9a elementor-widget elementor-widget-heading\" data-id=\"e05ee9a\" data-element_type=\"widget\" data-widget_type=\"heading.default\">\n\t\t\t\t<div class=\"elementor-widget-container\">\n\t\t\t<h3 class=\"elementor-heading-title elementor-size-default\">Goldene Dreizacks und Academy Awards: Auszeichnungen f\u00fcr Meeresbotschafter<\/h3>\t\t<\/div>\n\t\t\t\t<\/div>\n\t\t\t\t<div class=\"elementor-element elementor-element-3370772b elementor-widget elementor-widget-text-editor\" data-id=\"3370772b\" data-element_type=\"widget\" data-widget_type=\"text-editor.default\">\n\t\t\t\t<div class=\"elementor-widget-container\">\n\t\t\t\t\t\t\t<p dir=\"auto\" style=\"text-align: justify;\" data-olk-copy-source=\"MessageBody\"><span data-olk-copy-source=\"MessageBody\">Ein H\u00f6hepunkt der Veranstaltung war die Vergabe der Goldenen Dreizacks und der Academy Awards der Internationalen Akademie f\u00fcr Unterwasserwissenschaften. Pr\u00e4sentiert wurden diese von Paolo Ferraro, Romano Barluzzi sowie den Hauptverantwortlichen von Mare Nordest.<\/span><\/p>\t\t\t\t\t\t<\/div>\n\t\t\t\t<\/div>\n\t\t\t\t<div class=\"elementor-element elementor-element-5f9122bf elementor-widget elementor-widget-image\" data-id=\"5f9122bf\" data-element_type=\"widget\" data-widget_type=\"image.default\">\n\t\t\t\t<div class=\"elementor-widget-container\">\n\t\t\t\t\t\t\t\t\t\t\t\t\t<img loading=\"lazy\" decoding=\"async\" width=\"643\" height=\"361\" src=\"https:\/\/www.portopiccoloapartments.com\/blog\/wp-content\/uploads\/2025\/05\/Immagine-WhatsApp-2025-05-24-ore-16.40.25_806a8f84.jpg\" class=\"attachment-large size-large wp-image-1429\" alt=\"\" \/>\t\t\t\t\t\t\t\t\t\t\t\t\t<\/div>\n\t\t\t\t<\/div>\n\t\t\t\t\t<\/div>\n\t\t\t\t<\/div>\n\t\t<div class=\"elementor-element elementor-element-4956e023 e-flex e-con-boxed e-con e-parent\" data-id=\"4956e023\" data-element_type=\"container\" data-core-v316-plus=\"true\">\n\t\t\t\t\t<div class=\"e-con-inner\">\n\t\t\t\t<div class=\"elementor-element elementor-element-d59f58b elementor-widget elementor-widget-heading\" data-id=\"d59f58b\" data-element_type=\"widget\" data-widget_type=\"heading.default\">\n\t\t\t\t<div class=\"elementor-widget-container\">\n\t\t\t<h3 class=\"elementor-heading-title elementor-size-default\">Das Meer verbindet \u2013 Portopiccolo inspiriert<\/h3>\t\t<\/div>\n\t\t\t\t<\/div>\n\t\t\t\t<div class=\"elementor-element elementor-element-54c28c25 elementor-widget elementor-widget-text-editor\" data-id=\"54c28c25\" data-element_type=\"widget\" data-widget_type=\"text-editor.default\">\n\t\t\t\t<div class=\"elementor-widget-container\">\n\t\t\t\t\t\t\t<p style=\"text-align: justify;\"><span data-olk-copy-source=\"MessageBody\">Mare Nordest bringt Wissenschaft und Gesellschaft zusammen. Wer in dieser Zeit in den Portopiccolo Apartments wohnt, erlebt das Beste aus zwei Welten: das pulsierende Leben am Meer und die Ruhe eines exklusiven Resorts.<\/span><\/p>\t\t\t\t\t\t<\/div>\n\t\t\t\t<\/div>\n\t\t\t\t\t<\/div>\n\t\t\t\t<\/div>\n\t\t\t\t<\/div>\n\t\t","protected":false},"excerpt":{"rendered":"<p>Mare Nordest 2025: Ein Wochenende am Meer in Triest Vom 23. bis 25. Mai findet in Triest die neue Ausgabe&#8230;<\/p>\n","protected":false},"author":2,"featured_media":1403,"comment_status":"open","ping_status":"open","sticky":false,"template":"","format":"standard","meta":{"footnotes":""},"categories":[],"tags":[],"class_list":["post-1458","post","type-post","status-publish","format-standard","has-post-thumbnail","hentry"],"yoast_head":"<!-- This site is optimized with the Yoast SEO plugin v22.4 - https:\/\/yoast.com\/wordpress\/plugins\/seo\/ -->\n<title>Mare Nordest 2025: Ein Wochenende am Meer in Triest - Blog<\/title>\n<meta name=\"robots\" content=\"index, follow, max-snippet:-1, max-image-preview:large, max-video-preview:-1\" \/>\n<link rel=\"canonical\" href=\"https:\/\/www.portopiccoloapartments.com\/blog\/de\/mare-nordest-2025-ein-wochenende-am-meer-in-triest\/\" \/>\n<meta property=\"og:locale\" content=\"de_DE\" \/>\n<meta property=\"og:type\" content=\"article\" \/>\n<meta property=\"og:title\" content=\"Mare Nordest 2025: Ein Wochenende am Meer in Triest - Blog\" \/>\n<meta property=\"og:description\" content=\"Mare Nordest 2025: Ein Wochenende am Meer in Triest Vom 23. bis 25. Mai findet in Triest die neue Ausgabe...\" \/>\n<meta property=\"og:url\" content=\"https:\/\/www.portopiccoloapartments.com\/blog\/de\/mare-nordest-2025-ein-wochenende-am-meer-in-triest\/\" \/>\n<meta property=\"og:site_name\" content=\"Blog\" \/>\n<meta property=\"article:published_time\" content=\"2025-05-24T16:14:20+00:00\" \/>\n<meta property=\"article:modified_time\" content=\"2025-05-24T16:17:02+00:00\" \/>\n<meta property=\"og:image\" content=\"https:\/\/www.portopiccoloapartments.com\/blog\/wp-content\/uploads\/2025\/05\/IMG-20250524-WA0014-scaled.jpg\" \/>\n\t<meta property=\"og:image:width\" content=\"2560\" \/>\n\t<meta property=\"og:image:height\" content=\"1180\" \/>\n\t<meta property=\"og:image:type\" content=\"image\/jpeg\" \/>\n<meta name=\"author\" content=\"portopiccoloapartments\" \/>\n<meta name=\"twitter:card\" content=\"summary_large_image\" \/>\n<meta name=\"twitter:label1\" content=\"Verfasst von\" \/>\n\t<meta name=\"twitter:data1\" content=\"portopiccoloapartments\" \/>\n\t<meta name=\"twitter:label2\" content=\"Gesch\u00e4tzte Lesezeit\" \/>\n\t<meta name=\"twitter:data2\" content=\"3\u00a0Minuten\" \/>\n<script type=\"application\/ld+json\" class=\"yoast-schema-graph\">{\"@context\":\"https:\/\/schema.org\",\"@graph\":[{\"@type\":\"WebPage\",\"@id\":\"https:\/\/www.portopiccoloapartments.com\/blog\/de\/mare-nordest-2025-ein-wochenende-am-meer-in-triest\/\",\"url\":\"https:\/\/www.portopiccoloapartments.com\/blog\/de\/mare-nordest-2025-ein-wochenende-am-meer-in-triest\/\",\"name\":\"Mare Nordest 2025: Ein Wochenende am Meer in Triest - Blog\",\"isPartOf\":{\"@id\":\"https:\/\/www.portopiccoloapartments.com\/blog\/#website\"},\"primaryImageOfPage\":{\"@id\":\"https:\/\/www.portopiccoloapartments.com\/blog\/de\/mare-nordest-2025-ein-wochenende-am-meer-in-triest\/#primaryimage\"},\"image\":{\"@id\":\"https:\/\/www.portopiccoloapartments.com\/blog\/de\/mare-nordest-2025-ein-wochenende-am-meer-in-triest\/#primaryimage\"},\"thumbnailUrl\":\"https:\/\/www.portopiccoloapartments.com\/blog\/wp-content\/uploads\/2025\/05\/IMG-20250524-WA0014-scaled.jpg\",\"datePublished\":\"2025-05-24T16:14:20+00:00\",\"dateModified\":\"2025-05-24T16:17:02+00:00\",\"author\":{\"@id\":\"https:\/\/www.portopiccoloapartments.com\/blog\/#\/schema\/person\/61d8286d97391fc95a71ef6b3d87b890\"},\"breadcrumb\":{\"@id\":\"https:\/\/www.portopiccoloapartments.com\/blog\/de\/mare-nordest-2025-ein-wochenende-am-meer-in-triest\/#breadcrumb\"},\"inLanguage\":\"de\",\"potentialAction\":[{\"@type\":\"ReadAction\",\"target\":[\"https:\/\/www.portopiccoloapartments.com\/blog\/de\/mare-nordest-2025-ein-wochenende-am-meer-in-triest\/\"]}]},{\"@type\":\"ImageObject\",\"inLanguage\":\"de\",\"@id\":\"https:\/\/www.portopiccoloapartments.com\/blog\/de\/mare-nordest-2025-ein-wochenende-am-meer-in-triest\/#primaryimage\",\"url\":\"https:\/\/www.portopiccoloapartments.com\/blog\/wp-content\/uploads\/2025\/05\/IMG-20250524-WA0014-scaled.jpg\",\"contentUrl\":\"https:\/\/www.portopiccoloapartments.com\/blog\/wp-content\/uploads\/2025\/05\/IMG-20250524-WA0014-scaled.jpg\",\"width\":2560,\"height\":1180},{\"@type\":\"BreadcrumbList\",\"@id\":\"https:\/\/www.portopiccoloapartments.com\/blog\/de\/mare-nordest-2025-ein-wochenende-am-meer-in-triest\/#breadcrumb\",\"itemListElement\":[{\"@type\":\"ListItem\",\"position\":1,\"name\":\"Portada\",\"item\":\"https:\/\/www.portopiccoloapartments.com\/blog\/\"},{\"@type\":\"ListItem\",\"position\":2,\"name\":\"Mare Nordest 2025: Ein Wochenende am Meer in Triest\"}]},{\"@type\":\"WebSite\",\"@id\":\"https:\/\/www.portopiccoloapartments.com\/blog\/#website\",\"url\":\"https:\/\/www.portopiccoloapartments.com\/blog\/\",\"name\":\"Blog\",\"description\":\"Portopiccoloapartments\",\"potentialAction\":[{\"@type\":\"SearchAction\",\"target\":{\"@type\":\"EntryPoint\",\"urlTemplate\":\"https:\/\/www.portopiccoloapartments.com\/blog\/?s={search_term_string}\"},\"query-input\":\"required name=search_term_string\"}],\"inLanguage\":\"de\"},{\"@type\":\"Person\",\"@id\":\"https:\/\/www.portopiccoloapartments.com\/blog\/#\/schema\/person\/61d8286d97391fc95a71ef6b3d87b890\",\"name\":\"portopiccoloapartments\",\"image\":{\"@type\":\"ImageObject\",\"inLanguage\":\"de\",\"@id\":\"https:\/\/www.portopiccoloapartments.com\/blog\/#\/schema\/person\/image\/\",\"url\":\"https:\/\/secure.gravatar.com\/avatar\/66183d990d4f136eb771e77d3a7da5bfa1e9d3add48bb98e18074e4d39cd2b10?s=96&d=mm&r=g\",\"contentUrl\":\"https:\/\/secure.gravatar.com\/avatar\/66183d990d4f136eb771e77d3a7da5bfa1e9d3add48bb98e18074e4d39cd2b10?s=96&d=mm&r=g\",\"caption\":\"portopiccoloapartments\"},\"url\":\"https:\/\/www.portopiccoloapartments.com\/blog\/de\/author\/portopiccoloapartments\/\"}]}<\/script>\n<!-- \/ Yoast SEO plugin. -->","yoast_head_json":{"title":"Mare Nordest 2025: Ein Wochenende am Meer in Triest - Blog","robots":{"index":"index","follow":"follow","max-snippet":"max-snippet:-1","max-image-preview":"max-image-preview:large","max-video-preview":"max-video-preview:-1"},"canonical":"https:\/\/www.portopiccoloapartments.com\/blog\/de\/mare-nordest-2025-ein-wochenende-am-meer-in-triest\/","og_locale":"de_DE","og_type":"article","og_title":"Mare Nordest 2025: Ein Wochenende am Meer in Triest - Blog","og_description":"Mare Nordest 2025: Ein Wochenende am Meer in Triest Vom 23. bis 25. Mai findet in Triest die neue Ausgabe...","og_url":"https:\/\/www.portopiccoloapartments.com\/blog\/de\/mare-nordest-2025-ein-wochenende-am-meer-in-triest\/","og_site_name":"Blog","article_published_time":"2025-05-24T16:14:20+00:00","article_modified_time":"2025-05-24T16:17:02+00:00","og_image":[{"width":2560,"height":1180,"url":"https:\/\/www.portopiccoloapartments.com\/blog\/wp-content\/uploads\/2025\/05\/IMG-20250524-WA0014-scaled.jpg","type":"image\/jpeg"}],"author":"portopiccoloapartments","twitter_card":"summary_large_image","twitter_misc":{"Verfasst von":"portopiccoloapartments","Gesch\u00e4tzte Lesezeit":"3\u00a0Minuten"},"schema":{"@context":"https:\/\/schema.org","@graph":[{"@type":"WebPage","@id":"https:\/\/www.portopiccoloapartments.com\/blog\/de\/mare-nordest-2025-ein-wochenende-am-meer-in-triest\/","url":"https:\/\/www.portopiccoloapartments.com\/blog\/de\/mare-nordest-2025-ein-wochenende-am-meer-in-triest\/","name":"Mare Nordest 2025: Ein Wochenende am Meer in Triest - Blog","isPartOf":{"@id":"https:\/\/www.portopiccoloapartments.com\/blog\/#website"},"primaryImageOfPage":{"@id":"https:\/\/www.portopiccoloapartments.com\/blog\/de\/mare-nordest-2025-ein-wochenende-am-meer-in-triest\/#primaryimage"},"image":{"@id":"https:\/\/www.portopiccoloapartments.com\/blog\/de\/mare-nordest-2025-ein-wochenende-am-meer-in-triest\/#primaryimage"},"thumbnailUrl":"https:\/\/www.portopiccoloapartments.com\/blog\/wp-content\/uploads\/2025\/05\/IMG-20250524-WA0014-scaled.jpg","datePublished":"2025-05-24T16:14:20+00:00","dateModified":"2025-05-24T16:17:02+00:00","author":{"@id":"https:\/\/www.portopiccoloapartments.com\/blog\/#\/schema\/person\/61d8286d97391fc95a71ef6b3d87b890"},"breadcrumb":{"@id":"https:\/\/www.portopiccoloapartments.com\/blog\/de\/mare-nordest-2025-ein-wochenende-am-meer-in-triest\/#breadcrumb"},"inLanguage":"de","potentialAction":[{"@type":"ReadAction","target":["https:\/\/www.portopiccoloapartments.com\/blog\/de\/mare-nordest-2025-ein-wochenende-am-meer-in-triest\/"]}]},{"@type":"ImageObject","inLanguage":"de","@id":"https:\/\/www.portopiccoloapartments.com\/blog\/de\/mare-nordest-2025-ein-wochenende-am-meer-in-triest\/#primaryimage","url":"https:\/\/www.portopiccoloapartments.com\/blog\/wp-content\/uploads\/2025\/05\/IMG-20250524-WA0014-scaled.jpg","contentUrl":"https:\/\/www.portopiccoloapartments.com\/blog\/wp-content\/uploads\/2025\/05\/IMG-20250524-WA0014-scaled.jpg","width":2560,"height":1180},{"@type":"BreadcrumbList","@id":"https:\/\/www.portopiccoloapartments.com\/blog\/de\/mare-nordest-2025-ein-wochenende-am-meer-in-triest\/#breadcrumb","itemListElement":[{"@type":"ListItem","position":1,"name":"Portada","item":"https:\/\/www.portopiccoloapartments.com\/blog\/"},{"@type":"ListItem","position":2,"name":"Mare Nordest 2025: Ein Wochenende am Meer in Triest"}]},{"@type":"WebSite","@id":"https:\/\/www.portopiccoloapartments.com\/blog\/#website","url":"https:\/\/www.portopiccoloapartments.com\/blog\/","name":"Blog","description":"Portopiccoloapartments","potentialAction":[{"@type":"SearchAction","target":{"@type":"EntryPoint","urlTemplate":"https:\/\/www.portopiccoloapartments.com\/blog\/?s={search_term_string}"},"query-input":"required name=search_term_string"}],"inLanguage":"de"},{"@type":"Person","@id":"https:\/\/www.portopiccoloapartments.com\/blog\/#\/schema\/person\/61d8286d97391fc95a71ef6b3d87b890","name":"portopiccoloapartments","image":{"@type":"ImageObject","inLanguage":"de","@id":"https:\/\/www.portopiccoloapartments.com\/blog\/#\/schema\/person\/image\/","url":"https:\/\/secure.gravatar.com\/avatar\/66183d990d4f136eb771e77d3a7da5bfa1e9d3add48bb98e18074e4d39cd2b10?s=96&d=mm&r=g","contentUrl":"https:\/\/secure.gravatar.com\/avatar\/66183d990d4f136eb771e77d3a7da5bfa1e9d3add48bb98e18074e4d39cd2b10?s=96&d=mm&r=g","caption":"portopiccoloapartments"},"url":"https:\/\/www.portopiccoloapartments.com\/blog\/de\/author\/portopiccoloapartments\/"}]}},"_links":{"self":[{"href":"https:\/\/www.portopiccoloapartments.com\/blog\/de\/wp-json\/wp\/v2\/posts\/1458","targetHints":{"allow":["GET"]}}],"collection":[{"href":"https:\/\/www.portopiccoloapartments.com\/blog\/de\/wp-json\/wp\/v2\/posts"}],"about":[{"href":"https:\/\/www.portopiccoloapartments.com\/blog\/de\/wp-json\/wp\/v2\/types\/post"}],"author":[{"embeddable":true,"href":"https:\/\/www.portopiccoloapartments.com\/blog\/de\/wp-json\/wp\/v2\/users\/2"}],"replies":[{"embeddable":true,"href":"https:\/\/www.portopiccoloapartments.com\/blog\/de\/wp-json\/wp\/v2\/comments?post=1458"}],"version-history":[{"count":6,"href":"https:\/\/www.portopiccoloapartments.com\/blog\/de\/wp-json\/wp\/v2\/posts\/1458\/revisions"}],"predecessor-version":[{"id":1471,"href":"https:\/\/www.portopiccoloapartments.com\/blog\/de\/wp-json\/wp\/v2\/posts\/1458\/revisions\/1471"}],"wp:featuredmedia":[{"embeddable":true,"href":"https:\/\/www.portopiccoloapartments.com\/blog\/de\/wp-json\/wp\/v2\/media\/1403"}],"wp:attachment":[{"href":"https:\/\/www.portopiccoloapartments.com\/blog\/de\/wp-json\/wp\/v2\/media?parent=1458"}],"wp:term":[{"taxonomy":"category","embeddable":true,"href":"https:\/\/www.portopiccoloapartments.com\/blog\/de\/wp-json\/wp\/v2\/categories?post=1458"},{"taxonomy":"post_tag","embeddable":true,"href":"https:\/\/www.portopiccoloapartments.com\/blog\/de\/wp-json\/wp\/v2\/tags?post=1458"}],"curies":[{"name":"wp","href":"https:\/\/api.w.org\/{rel}","templated":true}]}}