{"id":1545,"date":"2025-06-13T15:32:53","date_gmt":"2025-06-13T15:32:53","guid":{"rendered":"https:\/\/www.portopiccoloapartments.com\/blog\/?p=1545"},"modified":"2025-06-13T15:34:06","modified_gmt":"2025-06-13T15:34:06","slug":"karst-erleben-mit-wein-und-musik-das-prepotto-festival-nur-wenige-minuten-von-portopiccolo-entfernt","status":"publish","type":"post","link":"https:\/\/www.portopiccoloapartments.com\/blog\/de\/karst-erleben-mit-wein-und-musik-das-prepotto-festival-nur-wenige-minuten-von-portopiccolo-entfernt\/","title":{"rendered":"Karst erleben mit Wein und Musik: das Prepotto Festival \u2013 nur wenige Minuten von Portopiccolo entfernt"},"content":{"rendered":"\t\t<div data-elementor-type=\"wp-post\" data-elementor-id=\"1545\" class=\"elementor elementor-1545 elementor-1519\">\n\t\t\t\t<div class=\"elementor-element elementor-element-1065d0f e-flex e-con-boxed e-con e-parent\" data-id=\"1065d0f\" data-element_type=\"container\" data-core-v316-plus=\"true\">\n\t\t\t\t\t<div class=\"e-con-inner\">\n\t\t\t\t<div class=\"elementor-element elementor-element-8c381f9 elementor-widget elementor-widget-heading\" data-id=\"8c381f9\" data-element_type=\"widget\" data-widget_type=\"heading.default\">\n\t\t\t\t<div class=\"elementor-widget-container\">\n\t\t\t<style>\/*! elementor - v3.20.0 - 10-04-2024 *\/\n.elementor-heading-title{padding:0;margin:0;line-height:1}.elementor-widget-heading .elementor-heading-title[class*=elementor-size-]>a{color:inherit;font-size:inherit;line-height:inherit}.elementor-widget-heading .elementor-heading-title.elementor-size-small{font-size:15px}.elementor-widget-heading .elementor-heading-title.elementor-size-medium{font-size:19px}.elementor-widget-heading .elementor-heading-title.elementor-size-large{font-size:29px}.elementor-widget-heading .elementor-heading-title.elementor-size-xl{font-size:39px}.elementor-widget-heading .elementor-heading-title.elementor-size-xxl{font-size:59px}<\/style><h2 class=\"elementor-heading-title elementor-size-default\">Karst erleben mit Wein und Musik: das Prepotto Festival \u2013 nur wenige Minuten von Portopiccolo entfernt\n<\/h2>\t\t<\/div>\n\t\t\t\t<\/div>\n\t\t\t\t<div class=\"elementor-element elementor-element-8585f4e elementor-widget elementor-widget-text-editor\" data-id=\"8585f4e\" data-element_type=\"widget\" data-widget_type=\"text-editor.default\">\n\t\t\t\t<div class=\"elementor-widget-container\">\n\t\t\t<style>\/*! elementor - v3.20.0 - 10-04-2024 *\/\n.elementor-widget-text-editor.elementor-drop-cap-view-stacked .elementor-drop-cap{background-color:#69727d;color:#fff}.elementor-widget-text-editor.elementor-drop-cap-view-framed .elementor-drop-cap{color:#69727d;border:3px solid;background-color:transparent}.elementor-widget-text-editor:not(.elementor-drop-cap-view-default) .elementor-drop-cap{margin-top:8px}.elementor-widget-text-editor:not(.elementor-drop-cap-view-default) .elementor-drop-cap-letter{width:1em;height:1em}.elementor-widget-text-editor .elementor-drop-cap{float:left;text-align:center;line-height:1;font-size:50px}.elementor-widget-text-editor .elementor-drop-cap-letter{display:inline-block}<\/style>\t\t\t\t<p><span style=\"font-weight: 400;\">Nur 15 Autominuten von <span style=\"color: #aa8e1a;\">Portopiccolo<\/span> entfernt liegt das malerische Dorf Prepotto, eingebettet in Trockenmauern, Weing\u00e4rten und wild duftende Karstlandschaften. Am 13. und 14. Juni 2025 verwandelt sich dieser Ort in das Zentrum eines der authentischsten Kulturevents der Region: dem <strong>Prepotto Festival \u2013 Vitovska &amp; Akkordeon<\/strong><\/span><\/p><p><span style=\"font-weight: 400;\">Im Mittelpunkt des Festivals stehen zwei kulturelle Sch\u00e4tze des Karsts: der <strong>Vitovska<\/strong>, ein autochthoner Wei\u00dfwein mit markanter Mineralit\u00e4t, und das <strong>Akkordeon<\/strong>, ein Instrument, das die Festkultur, Erinnerungen und Volksmusik der Grenzregion zwischen Italien und Slowenien verk\u00f6rpert.<\/span><\/p>\t\t\t\t\t\t<\/div>\n\t\t\t\t<\/div>\n\t\t\t\t<div class=\"elementor-element elementor-element-09b2d59 elementor-widget elementor-widget-image\" data-id=\"09b2d59\" data-element_type=\"widget\" data-widget_type=\"image.default\">\n\t\t\t\t<div class=\"elementor-widget-container\">\n\t\t\t<style>\/*! elementor - v3.20.0 - 10-04-2024 *\/\n.elementor-widget-image{text-align:center}.elementor-widget-image a{display:inline-block}.elementor-widget-image a img[src$=\".svg\"]{width:48px}.elementor-widget-image img{vertical-align:middle;display:inline-block}<\/style>\t\t\t\t\t\t\t\t\t\t<img fetchpriority=\"high\" decoding=\"async\" width=\"751\" height=\"526\" src=\"https:\/\/www.portopiccoloapartments.com\/blog\/wp-content\/uploads\/2025\/06\/IMG-20250613-WA0022-900x630.jpg\" class=\"attachment-large size-large wp-image-1526\" alt=\"\" \/>\t\t\t\t\t\t\t\t\t\t\t\t\t<\/div>\n\t\t\t\t<\/div>\n\t\t\t\t\t<\/div>\n\t\t\t\t<\/div>\n\t\t<div class=\"elementor-element elementor-element-f7f3ee8 e-flex e-con-boxed e-con e-parent\" data-id=\"f7f3ee8\" data-element_type=\"container\" data-core-v316-plus=\"true\">\n\t\t\t\t\t<div class=\"e-con-inner\">\n\t\t\t\t<div class=\"elementor-element elementor-element-a86e43a elementor-widget elementor-widget-heading\" data-id=\"a86e43a\" data-element_type=\"widget\" data-widget_type=\"heading.default\">\n\t\t\t\t<div class=\"elementor-widget-container\">\n\t\t\t<h3 class=\"elementor-heading-title elementor-size-default\">Osmize und b\u00e4uerliche Tradition<\/h3>\t\t<\/div>\n\t\t\t\t<\/div>\n\t\t\t\t<div class=\"elementor-element elementor-element-5243e36 elementor-widget elementor-widget-text-editor\" data-id=\"5243e36\" data-element_type=\"widget\" data-widget_type=\"text-editor.default\">\n\t\t\t\t<div class=\"elementor-widget-container\">\n\t\t\t\t\t\t\t<p><span style=\"font-weight: 400;\">Ein besonderes Highlight sind die <strong>Osmizen<\/strong> \u2013 rustikale Buschenschenken, die f\u00fcr begrenzte Zeit ge\u00f6ffnet sind. Dort servieren lokale Winzer ihre eigenen Produkte: <strong>Hauswein, Schinken, K\u00e4se und Eingelegtes, direkt vom Erzeuger zum Gast<\/strong>. <br \/><br \/>Die Tradition reicht zur\u00fcck bis ins Habsburgerreich und ist heute ein <strong>identit\u00e4tsstiftendes Element f\u00fcr die Gemeinde Duino Aurisina<\/strong>, wo Gastfreundschaft und Bodenst\u00e4ndigkeit im Mittelpunkt stehen.<\/span><\/p>\t\t\t\t\t\t<\/div>\n\t\t\t\t<\/div>\n\t\t\t\t<div class=\"elementor-element elementor-element-0823226 elementor-widget elementor-widget-image\" data-id=\"0823226\" data-element_type=\"widget\" data-widget_type=\"image.default\">\n\t\t\t\t<div class=\"elementor-widget-container\">\n\t\t\t\t\t\t\t\t\t\t\t\t\t<img decoding=\"async\" width=\"751\" height=\"832\" src=\"https:\/\/www.portopiccoloapartments.com\/blog\/wp-content\/uploads\/2025\/06\/IMG-20250613-WA0024-e1749824753677-768x851.jpg\" class=\"attachment-medium_large size-medium_large wp-image-1534\" alt=\"\" srcset=\"https:\/\/www.portopiccoloapartments.com\/blog\/wp-content\/uploads\/2025\/06\/IMG-20250613-WA0024-e1749824753677-768x851.jpg 768w, https:\/\/www.portopiccoloapartments.com\/blog\/wp-content\/uploads\/2025\/06\/IMG-20250613-WA0024-e1749824753677.jpg 1200w\" sizes=\"(max-width: 751px) 100vw, 751px\" \/>\t\t\t\t\t\t\t\t\t\t\t\t\t<\/div>\n\t\t\t\t<\/div>\n\t\t\t\t\t<\/div>\n\t\t\t\t<\/div>\n\t\t<div class=\"elementor-element elementor-element-d27c3f9 e-flex e-con-boxed e-con e-parent\" data-id=\"d27c3f9\" data-element_type=\"container\" data-core-v316-plus=\"true\">\n\t\t\t\t\t<div class=\"e-con-inner\">\n\t\t\t\t<div class=\"elementor-element elementor-element-b381586 elementor-widget elementor-widget-heading\" data-id=\"b381586\" data-element_type=\"widget\" data-widget_type=\"heading.default\">\n\t\t\t\t<div class=\"elementor-widget-container\">\n\t\t\t<h3 class=\"elementor-heading-title elementor-size-default\">Programm, Weinkeller und praktische Informationen<\/h3>\t\t<\/div>\n\t\t\t\t<\/div>\n\t\t\t\t<div class=\"elementor-element elementor-element-d2c750f elementor-widget elementor-widget-text-editor\" data-id=\"d2c750f\" data-element_type=\"widget\" data-widget_type=\"text-editor.default\">\n\t\t\t\t<div class=\"elementor-widget-container\">\n\t\t\t\t\t\t\t<p><span style=\"font-weight: 400;\"><strong>Freitag, 13. Juni<\/strong>: F\u00fchrungen durch Weinkeller (mit Reservierung), musikalischer Aperitif mit dem Matika Duet im Weingut Lupinc und ein Abendkonzert mit jungen Akkordeonspielern in der Osmiza Zidarich.<\/span><\/p><p><span style=\"font-weight: 400;\"><strong>Samstag, 14. Juni<\/strong>: Akkordeon-Festival, weitere Verkostungen und zwei Abschlusskonzerte im Garten der Residenz Gruden mit Lara Fortunat und den Orchestern ALAMUT und GM Synthesis 4.<\/span><\/p><p><span style=\"font-weight: 400;\">W\u00e4hrend des gesamten Festivals sind die <strong>Osmizen Gabrovec<\/strong>, <strong>Zidarich<\/strong> und <strong>Briscak<\/strong> ge\u00f6ffnet und laden ein, den wahren Geschmack des Karsts zu erleben.<\/span><\/p><p><strong>Reservierung f\u00fcr Weingutsbesuche:<\/strong><\/p><ul><li><span style=\"font-weight: 400;\">Weingut Zidarich \u2013 info@zidarich.it \u2013 Tel. +39 040 201223<\/span><\/li><li><span style=\"font-weight: 400;\">Weingut \u0160kerk \u2013 info@skerk.com \u2013 Tel. +39 040 9899213<\/span><\/li><\/ul>\t\t\t\t\t\t<\/div>\n\t\t\t\t<\/div>\n\t\t\t\t\t<\/div>\n\t\t\t\t<\/div>\n\t\t<div class=\"elementor-element elementor-element-1d69032 e-flex e-con-boxed e-con e-parent\" data-id=\"1d69032\" data-element_type=\"container\" data-core-v316-plus=\"true\">\n\t\t\t\t\t<div class=\"e-con-inner\">\n\t\t\t\t<div class=\"elementor-element elementor-element-eb150b8 elementor-widget elementor-widget-text-editor\" data-id=\"eb150b8\" data-element_type=\"widget\" data-widget_type=\"text-editor.default\">\n\t\t\t\t<div class=\"elementor-widget-container\">\n\t\t\t\t\t\t\t<p><span style=\"font-weight: 400;\">F\u00fcr G\u00e4ste in <span style=\"color: #aa8e1a;\">Portopiccolo<\/span> ist das Prepotto Festival die ideale Gelegenheit, den authentischen Karst in seiner musikalischen, kulinarischen und kulturellen Tiefe zu entdecken.<\/span><\/p>\t\t\t\t\t\t<\/div>\n\t\t\t\t<\/div>\n\t\t\t\t\t<\/div>\n\t\t\t\t<\/div>\n\t\t\t\t<\/div>\n\t\t","protected":false},"excerpt":{"rendered":"<p>Karst erleben mit Wein und Musik: das Prepotto Festival \u2013 nur wenige Minuten von Portopiccolo entfernt Nur 15 Autominuten von&#8230;<\/p>\n","protected":false},"author":2,"featured_media":1532,"comment_status":"open","ping_status":"open","sticky":false,"template":"","format":"standard","meta":{"footnotes":""},"categories":[],"tags":[],"class_list":["post-1545","post","type-post","status-publish","format-standard","has-post-thumbnail","hentry"],"yoast_head":"<!-- This site is optimized with the Yoast SEO plugin v22.4 - https:\/\/yoast.com\/wordpress\/plugins\/seo\/ -->\n<title>Karst erleben mit Wein und Musik: das Prepotto Festival \u2013 nur wenige Minuten von Portopiccolo entfernt - Blog<\/title>\n<meta name=\"robots\" content=\"index, follow, max-snippet:-1, max-image-preview:large, max-video-preview:-1\" \/>\n<link rel=\"canonical\" href=\"https:\/\/www.portopiccoloapartments.com\/blog\/de\/karst-erleben-mit-wein-und-musik-das-prepotto-festival-nur-wenige-minuten-von-portopiccolo-entfernt\/\" \/>\n<meta property=\"og:locale\" content=\"de_DE\" \/>\n<meta property=\"og:type\" content=\"article\" \/>\n<meta property=\"og:title\" content=\"Karst erleben mit Wein und Musik: das Prepotto Festival \u2013 nur wenige Minuten von Portopiccolo entfernt - Blog\" \/>\n<meta property=\"og:description\" content=\"Karst erleben mit Wein und Musik: das Prepotto Festival \u2013 nur wenige Minuten von Portopiccolo entfernt Nur 15 Autominuten von...\" \/>\n<meta property=\"og:url\" content=\"https:\/\/www.portopiccoloapartments.com\/blog\/de\/karst-erleben-mit-wein-und-musik-das-prepotto-festival-nur-wenige-minuten-von-portopiccolo-entfernt\/\" \/>\n<meta property=\"og:site_name\" content=\"Blog\" \/>\n<meta property=\"article:published_time\" content=\"2025-06-13T15:32:53+00:00\" \/>\n<meta property=\"article:modified_time\" content=\"2025-06-13T15:34:06+00:00\" \/>\n<meta property=\"og:image\" content=\"https:\/\/www.portopiccoloapartments.com\/blog\/wp-content\/uploads\/2025\/06\/IMG-20250613-WA0023-e1749823149772.jpg\" \/>\n\t<meta property=\"og:image:width\" content=\"1600\" \/>\n\t<meta property=\"og:image:height\" content=\"1200\" \/>\n\t<meta property=\"og:image:type\" content=\"image\/jpeg\" \/>\n<meta name=\"author\" content=\"portopiccoloapartments\" \/>\n<meta name=\"twitter:card\" content=\"summary_large_image\" \/>\n<meta name=\"twitter:label1\" content=\"Verfasst von\" \/>\n\t<meta name=\"twitter:data1\" content=\"portopiccoloapartments\" \/>\n\t<meta name=\"twitter:label2\" content=\"Gesch\u00e4tzte Lesezeit\" \/>\n\t<meta name=\"twitter:data2\" content=\"3\u00a0Minuten\" \/>\n<script type=\"application\/ld+json\" class=\"yoast-schema-graph\">{\"@context\":\"https:\/\/schema.org\",\"@graph\":[{\"@type\":\"WebPage\",\"@id\":\"https:\/\/www.portopiccoloapartments.com\/blog\/de\/karst-erleben-mit-wein-und-musik-das-prepotto-festival-nur-wenige-minuten-von-portopiccolo-entfernt\/\",\"url\":\"https:\/\/www.portopiccoloapartments.com\/blog\/de\/karst-erleben-mit-wein-und-musik-das-prepotto-festival-nur-wenige-minuten-von-portopiccolo-entfernt\/\",\"name\":\"Karst erleben mit Wein und Musik: das Prepotto Festival \u2013 nur wenige Minuten von Portopiccolo entfernt - Blog\",\"isPartOf\":{\"@id\":\"https:\/\/www.portopiccoloapartments.com\/blog\/#website\"},\"primaryImageOfPage\":{\"@id\":\"https:\/\/www.portopiccoloapartments.com\/blog\/de\/karst-erleben-mit-wein-und-musik-das-prepotto-festival-nur-wenige-minuten-von-portopiccolo-entfernt\/#primaryimage\"},\"image\":{\"@id\":\"https:\/\/www.portopiccoloapartments.com\/blog\/de\/karst-erleben-mit-wein-und-musik-das-prepotto-festival-nur-wenige-minuten-von-portopiccolo-entfernt\/#primaryimage\"},\"thumbnailUrl\":\"https:\/\/www.portopiccoloapartments.com\/blog\/wp-content\/uploads\/2025\/06\/IMG-20250613-WA0023-e1749823149772.jpg\",\"datePublished\":\"2025-06-13T15:32:53+00:00\",\"dateModified\":\"2025-06-13T15:34:06+00:00\",\"author\":{\"@id\":\"https:\/\/www.portopiccoloapartments.com\/blog\/#\/schema\/person\/61d8286d97391fc95a71ef6b3d87b890\"},\"breadcrumb\":{\"@id\":\"https:\/\/www.portopiccoloapartments.com\/blog\/de\/karst-erleben-mit-wein-und-musik-das-prepotto-festival-nur-wenige-minuten-von-portopiccolo-entfernt\/#breadcrumb\"},\"inLanguage\":\"de\",\"potentialAction\":[{\"@type\":\"ReadAction\",\"target\":[\"https:\/\/www.portopiccoloapartments.com\/blog\/de\/karst-erleben-mit-wein-und-musik-das-prepotto-festival-nur-wenige-minuten-von-portopiccolo-entfernt\/\"]}]},{\"@type\":\"ImageObject\",\"inLanguage\":\"de\",\"@id\":\"https:\/\/www.portopiccoloapartments.com\/blog\/de\/karst-erleben-mit-wein-und-musik-das-prepotto-festival-nur-wenige-minuten-von-portopiccolo-entfernt\/#primaryimage\",\"url\":\"https:\/\/www.portopiccoloapartments.com\/blog\/wp-content\/uploads\/2025\/06\/IMG-20250613-WA0023-e1749823149772.jpg\",\"contentUrl\":\"https:\/\/www.portopiccoloapartments.com\/blog\/wp-content\/uploads\/2025\/06\/IMG-20250613-WA0023-e1749823149772.jpg\",\"width\":1600,\"height\":1200},{\"@type\":\"BreadcrumbList\",\"@id\":\"https:\/\/www.portopiccoloapartments.com\/blog\/de\/karst-erleben-mit-wein-und-musik-das-prepotto-festival-nur-wenige-minuten-von-portopiccolo-entfernt\/#breadcrumb\",\"itemListElement\":[{\"@type\":\"ListItem\",\"position\":1,\"name\":\"Portada\",\"item\":\"https:\/\/www.portopiccoloapartments.com\/blog\/\"},{\"@type\":\"ListItem\",\"position\":2,\"name\":\"Karst erleben mit Wein und Musik: das Prepotto Festival \u2013 nur wenige Minuten von Portopiccolo entfernt\"}]},{\"@type\":\"WebSite\",\"@id\":\"https:\/\/www.portopiccoloapartments.com\/blog\/#website\",\"url\":\"https:\/\/www.portopiccoloapartments.com\/blog\/\",\"name\":\"Blog\",\"description\":\"Portopiccoloapartments\",\"potentialAction\":[{\"@type\":\"SearchAction\",\"target\":{\"@type\":\"EntryPoint\",\"urlTemplate\":\"https:\/\/www.portopiccoloapartments.com\/blog\/?s={search_term_string}\"},\"query-input\":\"required name=search_term_string\"}],\"inLanguage\":\"de\"},{\"@type\":\"Person\",\"@id\":\"https:\/\/www.portopiccoloapartments.com\/blog\/#\/schema\/person\/61d8286d97391fc95a71ef6b3d87b890\",\"name\":\"portopiccoloapartments\",\"image\":{\"@type\":\"ImageObject\",\"inLanguage\":\"de\",\"@id\":\"https:\/\/www.portopiccoloapartments.com\/blog\/#\/schema\/person\/image\/\",\"url\":\"https:\/\/secure.gravatar.com\/avatar\/66183d990d4f136eb771e77d3a7da5bfa1e9d3add48bb98e18074e4d39cd2b10?s=96&d=mm&r=g\",\"contentUrl\":\"https:\/\/secure.gravatar.com\/avatar\/66183d990d4f136eb771e77d3a7da5bfa1e9d3add48bb98e18074e4d39cd2b10?s=96&d=mm&r=g\",\"caption\":\"portopiccoloapartments\"},\"url\":\"https:\/\/www.portopiccoloapartments.com\/blog\/de\/author\/portopiccoloapartments\/\"}]}<\/script>\n<!-- \/ Yoast SEO plugin. -->","yoast_head_json":{"title":"Karst erleben mit Wein und Musik: das Prepotto Festival \u2013 nur wenige Minuten von Portopiccolo entfernt - Blog","robots":{"index":"index","follow":"follow","max-snippet":"max-snippet:-1","max-image-preview":"max-image-preview:large","max-video-preview":"max-video-preview:-1"},"canonical":"https:\/\/www.portopiccoloapartments.com\/blog\/de\/karst-erleben-mit-wein-und-musik-das-prepotto-festival-nur-wenige-minuten-von-portopiccolo-entfernt\/","og_locale":"de_DE","og_type":"article","og_title":"Karst erleben mit Wein und Musik: das Prepotto Festival \u2013 nur wenige Minuten von Portopiccolo entfernt - Blog","og_description":"Karst erleben mit Wein und Musik: das Prepotto Festival \u2013 nur wenige Minuten von Portopiccolo entfernt Nur 15 Autominuten von...","og_url":"https:\/\/www.portopiccoloapartments.com\/blog\/de\/karst-erleben-mit-wein-und-musik-das-prepotto-festival-nur-wenige-minuten-von-portopiccolo-entfernt\/","og_site_name":"Blog","article_published_time":"2025-06-13T15:32:53+00:00","article_modified_time":"2025-06-13T15:34:06+00:00","og_image":[{"width":1600,"height":1200,"url":"https:\/\/www.portopiccoloapartments.com\/blog\/wp-content\/uploads\/2025\/06\/IMG-20250613-WA0023-e1749823149772.jpg","type":"image\/jpeg"}],"author":"portopiccoloapartments","twitter_card":"summary_large_image","twitter_misc":{"Verfasst von":"portopiccoloapartments","Gesch\u00e4tzte Lesezeit":"3\u00a0Minuten"},"schema":{"@context":"https:\/\/schema.org","@graph":[{"@type":"WebPage","@id":"https:\/\/www.portopiccoloapartments.com\/blog\/de\/karst-erleben-mit-wein-und-musik-das-prepotto-festival-nur-wenige-minuten-von-portopiccolo-entfernt\/","url":"https:\/\/www.portopiccoloapartments.com\/blog\/de\/karst-erleben-mit-wein-und-musik-das-prepotto-festival-nur-wenige-minuten-von-portopiccolo-entfernt\/","name":"Karst erleben mit Wein und Musik: das Prepotto Festival \u2013 nur wenige Minuten von Portopiccolo entfernt - Blog","isPartOf":{"@id":"https:\/\/www.portopiccoloapartments.com\/blog\/#website"},"primaryImageOfPage":{"@id":"https:\/\/www.portopiccoloapartments.com\/blog\/de\/karst-erleben-mit-wein-und-musik-das-prepotto-festival-nur-wenige-minuten-von-portopiccolo-entfernt\/#primaryimage"},"image":{"@id":"https:\/\/www.portopiccoloapartments.com\/blog\/de\/karst-erleben-mit-wein-und-musik-das-prepotto-festival-nur-wenige-minuten-von-portopiccolo-entfernt\/#primaryimage"},"thumbnailUrl":"https:\/\/www.portopiccoloapartments.com\/blog\/wp-content\/uploads\/2025\/06\/IMG-20250613-WA0023-e1749823149772.jpg","datePublished":"2025-06-13T15:32:53+00:00","dateModified":"2025-06-13T15:34:06+00:00","author":{"@id":"https:\/\/www.portopiccoloapartments.com\/blog\/#\/schema\/person\/61d8286d97391fc95a71ef6b3d87b890"},"breadcrumb":{"@id":"https:\/\/www.portopiccoloapartments.com\/blog\/de\/karst-erleben-mit-wein-und-musik-das-prepotto-festival-nur-wenige-minuten-von-portopiccolo-entfernt\/#breadcrumb"},"inLanguage":"de","potentialAction":[{"@type":"ReadAction","target":["https:\/\/www.portopiccoloapartments.com\/blog\/de\/karst-erleben-mit-wein-und-musik-das-prepotto-festival-nur-wenige-minuten-von-portopiccolo-entfernt\/"]}]},{"@type":"ImageObject","inLanguage":"de","@id":"https:\/\/www.portopiccoloapartments.com\/blog\/de\/karst-erleben-mit-wein-und-musik-das-prepotto-festival-nur-wenige-minuten-von-portopiccolo-entfernt\/#primaryimage","url":"https:\/\/www.portopiccoloapartments.com\/blog\/wp-content\/uploads\/2025\/06\/IMG-20250613-WA0023-e1749823149772.jpg","contentUrl":"https:\/\/www.portopiccoloapartments.com\/blog\/wp-content\/uploads\/2025\/06\/IMG-20250613-WA0023-e1749823149772.jpg","width":1600,"height":1200},{"@type":"BreadcrumbList","@id":"https:\/\/www.portopiccoloapartments.com\/blog\/de\/karst-erleben-mit-wein-und-musik-das-prepotto-festival-nur-wenige-minuten-von-portopiccolo-entfernt\/#breadcrumb","itemListElement":[{"@type":"ListItem","position":1,"name":"Portada","item":"https:\/\/www.portopiccoloapartments.com\/blog\/"},{"@type":"ListItem","position":2,"name":"Karst erleben mit Wein und Musik: das Prepotto Festival \u2013 nur wenige Minuten von Portopiccolo entfernt"}]},{"@type":"WebSite","@id":"https:\/\/www.portopiccoloapartments.com\/blog\/#website","url":"https:\/\/www.portopiccoloapartments.com\/blog\/","name":"Blog","description":"Portopiccoloapartments","potentialAction":[{"@type":"SearchAction","target":{"@type":"EntryPoint","urlTemplate":"https:\/\/www.portopiccoloapartments.com\/blog\/?s={search_term_string}"},"query-input":"required name=search_term_string"}],"inLanguage":"de"},{"@type":"Person","@id":"https:\/\/www.portopiccoloapartments.com\/blog\/#\/schema\/person\/61d8286d97391fc95a71ef6b3d87b890","name":"portopiccoloapartments","image":{"@type":"ImageObject","inLanguage":"de","@id":"https:\/\/www.portopiccoloapartments.com\/blog\/#\/schema\/person\/image\/","url":"https:\/\/secure.gravatar.com\/avatar\/66183d990d4f136eb771e77d3a7da5bfa1e9d3add48bb98e18074e4d39cd2b10?s=96&d=mm&r=g","contentUrl":"https:\/\/secure.gravatar.com\/avatar\/66183d990d4f136eb771e77d3a7da5bfa1e9d3add48bb98e18074e4d39cd2b10?s=96&d=mm&r=g","caption":"portopiccoloapartments"},"url":"https:\/\/www.portopiccoloapartments.com\/blog\/de\/author\/portopiccoloapartments\/"}]}},"_links":{"self":[{"href":"https:\/\/www.portopiccoloapartments.com\/blog\/de\/wp-json\/wp\/v2\/posts\/1545","targetHints":{"allow":["GET"]}}],"collection":[{"href":"https:\/\/www.portopiccoloapartments.com\/blog\/de\/wp-json\/wp\/v2\/posts"}],"about":[{"href":"https:\/\/www.portopiccoloapartments.com\/blog\/de\/wp-json\/wp\/v2\/types\/post"}],"author":[{"embeddable":true,"href":"https:\/\/www.portopiccoloapartments.com\/blog\/de\/wp-json\/wp\/v2\/users\/2"}],"replies":[{"embeddable":true,"href":"https:\/\/www.portopiccoloapartments.com\/blog\/de\/wp-json\/wp\/v2\/comments?post=1545"}],"version-history":[{"count":5,"href":"https:\/\/www.portopiccoloapartments.com\/blog\/de\/wp-json\/wp\/v2\/posts\/1545\/revisions"}],"predecessor-version":[{"id":1557,"href":"https:\/\/www.portopiccoloapartments.com\/blog\/de\/wp-json\/wp\/v2\/posts\/1545\/revisions\/1557"}],"wp:featuredmedia":[{"embeddable":true,"href":"https:\/\/www.portopiccoloapartments.com\/blog\/de\/wp-json\/wp\/v2\/media\/1532"}],"wp:attachment":[{"href":"https:\/\/www.portopiccoloapartments.com\/blog\/de\/wp-json\/wp\/v2\/media?parent=1545"}],"wp:term":[{"taxonomy":"category","embeddable":true,"href":"https:\/\/www.portopiccoloapartments.com\/blog\/de\/wp-json\/wp\/v2\/categories?post=1545"},{"taxonomy":"post_tag","embeddable":true,"href":"https:\/\/www.portopiccoloapartments.com\/blog\/de\/wp-json\/wp\/v2\/tags?post=1545"}],"curies":[{"name":"wp","href":"https:\/\/api.w.org\/{rel}","templated":true}]}}