{"id":1570,"date":"2025-06-17T14:29:03","date_gmt":"2025-06-17T14:29:03","guid":{"rendered":"https:\/\/www.portopiccoloapartments.com\/blog\/?p=1570"},"modified":"2025-06-17T13:43:24","modified_gmt":"2025-06-17T13:43:24","slug":"portopiccolo-leben-zwischen-zwei-burgen-eingebettet-zwischen-geschichte-natur-und-design","status":"publish","type":"post","link":"https:\/\/www.portopiccoloapartments.com\/blog\/de\/portopiccolo-leben-zwischen-zwei-burgen-eingebettet-zwischen-geschichte-natur-und-design\/","title":{"rendered":"Portopiccolo: Leben zwischen zwei Burgen, eingebettet zwischen Geschichte, Natur und Design"},"content":{"rendered":"\t\t<div data-elementor-type=\"wp-post\" data-elementor-id=\"1570\" class=\"elementor elementor-1570 elementor-1567\">\n\t\t\t\t<div class=\"elementor-element elementor-element-efecf7e e-flex e-con-boxed e-con e-parent\" data-id=\"efecf7e\" data-element_type=\"container\" data-core-v316-plus=\"true\">\n\t\t\t\t\t<div class=\"e-con-inner\">\n\t\t\t\t<div class=\"elementor-element elementor-element-3b0cf15 elementor-widget elementor-widget-heading\" data-id=\"3b0cf15\" data-element_type=\"widget\" data-widget_type=\"heading.default\">\n\t\t\t\t<div class=\"elementor-widget-container\">\n\t\t\t<style>\/*! elementor - v3.20.0 - 10-04-2024 *\/\n.elementor-heading-title{padding:0;margin:0;line-height:1}.elementor-widget-heading .elementor-heading-title[class*=elementor-size-]>a{color:inherit;font-size:inherit;line-height:inherit}.elementor-widget-heading .elementor-heading-title.elementor-size-small{font-size:15px}.elementor-widget-heading .elementor-heading-title.elementor-size-medium{font-size:19px}.elementor-widget-heading .elementor-heading-title.elementor-size-large{font-size:29px}.elementor-widget-heading .elementor-heading-title.elementor-size-xl{font-size:39px}.elementor-widget-heading .elementor-heading-title.elementor-size-xxl{font-size:59px}<\/style><h2 class=\"elementor-heading-title elementor-size-default\">Portopiccolo: Leben zwischen zwei Burgen, eingebettet zwischen Geschichte, Natur und Design<\/h2>\t\t<\/div>\n\t\t\t\t<\/div>\n\t\t\t\t<div class=\"elementor-element elementor-element-dba4469 elementor-widget elementor-widget-text-editor\" data-id=\"dba4469\" data-element_type=\"widget\" data-widget_type=\"text-editor.default\">\n\t\t\t\t<div class=\"elementor-widget-container\">\n\t\t\t<style>\/*! elementor - v3.20.0 - 10-04-2024 *\/\n.elementor-widget-text-editor.elementor-drop-cap-view-stacked .elementor-drop-cap{background-color:#69727d;color:#fff}.elementor-widget-text-editor.elementor-drop-cap-view-framed .elementor-drop-cap{color:#69727d;border:3px solid;background-color:transparent}.elementor-widget-text-editor:not(.elementor-drop-cap-view-default) .elementor-drop-cap{margin-top:8px}.elementor-widget-text-editor:not(.elementor-drop-cap-view-default) .elementor-drop-cap-letter{width:1em;height:1em}.elementor-widget-text-editor .elementor-drop-cap{float:left;text-align:center;line-height:1;font-size:50px}.elementor-widget-text-editor .elementor-drop-cap-letter{display:inline-block}<\/style>\t\t\t\t<p style=\"text-align: justify;\">Portopiccolo ist ein kleines Juwel, eingebettet zwischen zwei au\u00dfergew\u00f6hnlichen Kustoden. Auf der einen Seite das <a href=\"https:\/\/castellodiduino.it\/en\/\"><span style=\"color: #03036b;\">Schloss Duino<\/span><\/a>, das noch heute von der F\u00fcrstenfamilie Thurn und Taxis bewohnt wird und Zeuge jahrhundertelanger europ\u00e4ischer Geschichte ist. Auf der anderen Seite das ber\u00fchmte <a href=\"https:\/\/miramare.cultura.gov.it\/de\/\"><span style=\"color: #03036b;\">Schloss Miramare<\/span><\/a>, das wie ein Gedicht aus Stein \u00fcber dem Meer thront und auch von Kaiserin Sissi als Ort der Seele und der Ruhe gew\u00e4hlt wurde. Zwei Ikonen, die von einem einzigartigen Gebiet erz\u00e4hlen, in dem Sch\u00f6nheit keine Ausnahme, sondern die Regel ist.<\/p>\t\t\t\t\t\t<\/div>\n\t\t\t\t<\/div>\n\t\t\t\t<div class=\"elementor-element elementor-element-ee4f36a elementor-widget elementor-widget-image\" data-id=\"ee4f36a\" data-element_type=\"widget\" data-widget_type=\"image.default\">\n\t\t\t\t<div class=\"elementor-widget-container\">\n\t\t\t<style>\/*! elementor - v3.20.0 - 10-04-2024 *\/\n.elementor-widget-image{text-align:center}.elementor-widget-image a{display:inline-block}.elementor-widget-image a img[src$=\".svg\"]{width:48px}.elementor-widget-image img{vertical-align:middle;display:inline-block}<\/style>\t\t\t\t\t\t\t\t\t\t<img fetchpriority=\"high\" decoding=\"async\" width=\"2000\" height=\"1333\" src=\"https:\/\/www.portopiccoloapartments.com\/blog\/wp-content\/uploads\/2025\/06\/cdp-WEB40.jpg\" class=\"attachment-2048x2048 size-2048x2048 wp-image-1604\" alt=\"\" srcset=\"https:\/\/www.portopiccoloapartments.com\/blog\/wp-content\/uploads\/2025\/06\/cdp-WEB40.jpg 2000w, https:\/\/www.portopiccoloapartments.com\/blog\/wp-content\/uploads\/2025\/06\/cdp-WEB40-768x512.jpg 768w, https:\/\/www.portopiccoloapartments.com\/blog\/wp-content\/uploads\/2025\/06\/cdp-WEB40-1536x1024.jpg 1536w\" sizes=\"(max-width: 2000px) 100vw, 2000px\" \/>\t\t\t\t\t\t\t\t\t\t\t\t\t<\/div>\n\t\t\t\t<\/div>\n\t\t\t\t\t<\/div>\n\t\t\t\t<\/div>\n\t\t<div class=\"elementor-element elementor-element-cab1869 e-flex e-con-boxed e-con e-parent\" data-id=\"cab1869\" data-element_type=\"container\" data-core-v316-plus=\"true\">\n\t\t\t\t\t<div class=\"e-con-inner\">\n\t\t\t\t<div class=\"elementor-element elementor-element-5d16d40 elementor-widget elementor-widget-heading\" data-id=\"5d16d40\" data-element_type=\"widget\" data-widget_type=\"heading.default\">\n\t\t\t\t<div class=\"elementor-widget-container\">\n\t\t\t<h3 class=\"elementor-heading-title elementor-size-default\">Ein Panorama, das man nicht beschreiben, sondern nur erleben kann.\n<\/h3>\t\t<\/div>\n\t\t\t\t<\/div>\n\t\t\t\t<div class=\"elementor-element elementor-element-f0d018c elementor-widget elementor-widget-text-editor\" data-id=\"f0d018c\" data-element_type=\"widget\" data-widget_type=\"text-editor.default\">\n\t\t\t\t<div class=\"elementor-widget-container\">\n\t\t\t\t\t\t\t<p style=\"text-align: justify;\">Zwischen diesen beiden Symbolen liegt <span style=\"color: #aa8e1a;\">Portopiccolo,<\/span> ein modernes Dorf, das auf einem ehemaligen Karststeinbruch erbaut wurde. Ein Ort, der sich neu erfunden hat, ohne seine Seele zu verlieren: Hier steht der von der Zeit geformte Fels im Dialog mit minimalistischem Design und schafft so eine perfekte Balance zwischen Eleganz und Authentizit\u00e4t.<br \/><br \/>Im R\u00fccken liegen der Karst mit seinen wei\u00dfen Steinen, Naturpfaden und Naturschutzgebieten. Vor ihm erstreckt sich die Adria, die sich in einer kristallklaren Umarmung zum Golf von Triest hin \u00f6ffnet, mit Kroatien am Horizont und an klaren Tagen sogar den Friauler Dolomiten im Hintergrund. Hier ist jeder Blick ein Einladungsbrief zum Staunen.<\/p>\t\t\t\t\t\t<\/div>\n\t\t\t\t<\/div>\n\t\t\t\t\t<\/div>\n\t\t\t\t<\/div>\n\t\t<div class=\"elementor-element elementor-element-6e58654 e-flex e-con-boxed e-con e-parent\" data-id=\"6e58654\" data-element_type=\"container\" data-core-v316-plus=\"true\">\n\t\t\t\t\t<div class=\"e-con-inner\">\n\t\t\t\t<div class=\"elementor-element elementor-element-4e4bb1f elementor-widget elementor-widget-heading\" data-id=\"4e4bb1f\" data-element_type=\"widget\" data-widget_type=\"heading.default\">\n\t\t\t\t<div class=\"elementor-widget-container\">\n\t\t\t<h3 class=\"elementor-heading-title elementor-size-default\">Portopiccolo Apartments: Der Luxus der Einfachheit<\/h3>\t\t<\/div>\n\t\t\t\t<\/div>\n\t\t\t\t<div class=\"elementor-element elementor-element-5e6f096 elementor-widget elementor-widget-image\" data-id=\"5e6f096\" data-element_type=\"widget\" data-widget_type=\"image.default\">\n\t\t\t\t<div class=\"elementor-widget-container\">\n\t\t\t\t\t\t\t\t\t\t\t\t\t<img decoding=\"async\" width=\"751\" height=\"501\" src=\"https:\/\/www.portopiccoloapartments.com\/blog\/wp-content\/uploads\/2025\/06\/CDPH0031-Modifica-768x512.jpg\" class=\"attachment-medium_large size-medium_large wp-image-1592\" alt=\"Il lusso della semplicit\u00e0\" srcset=\"https:\/\/www.portopiccoloapartments.com\/blog\/wp-content\/uploads\/2025\/06\/CDPH0031-Modifica-768x512.jpg 768w, https:\/\/www.portopiccoloapartments.com\/blog\/wp-content\/uploads\/2025\/06\/CDPH0031-Modifica-1536x1024.jpg 1536w, https:\/\/www.portopiccoloapartments.com\/blog\/wp-content\/uploads\/2025\/06\/CDPH0031-Modifica-2048x1365.jpg 2048w\" sizes=\"(max-width: 751px) 100vw, 751px\" \/>\t\t\t\t\t\t\t\t\t\t\t\t\t<\/div>\n\t\t\t\t<\/div>\n\t\t\t\t<div class=\"elementor-element elementor-element-b2a0995 elementor-widget elementor-widget-text-editor\" data-id=\"b2a0995\" data-element_type=\"widget\" data-widget_type=\"text-editor.default\">\n\t\t\t\t<div class=\"elementor-widget-container\">\n\t\t\t\t\t\t\t<p style=\"text-align: justify;\" data-start=\"1501\" data-end=\"1935\">Was bedeutet es, in <span style=\"color: #aa8e1a;\">Portopiccolo<\/span> zu leben? Es bedeutet, sich f\u00fcr ein Erlebnis zu entscheiden, das exklusiv ist, ohne jemals \u00fcbertrieben zu wirken. Unsere <span style=\"color: #03036b;\">Apartments mit Meerblick in Portopiccolo<\/span> und die Villen stehen auch f\u00fcr Kurzaufenthalte zur Verf\u00fcgung und bieten den Komfort eines Zuhauses mit dem Service eines Resorts. Das Design ist klar, essenziell und raffiniert. Nichts ist dem Zufall \u00fcberlassen, aber nichts ist protzig: Die Sch\u00f6nheit hier ist diskret, so wie es sein sollte.<\/p><p style=\"text-align: justify;\" data-start=\"1937\" data-end=\"2275\">Jede L\u00f6sung ist f\u00fcr diejenigen gedacht, die eine konkrete Alternative zu traditionellen Hotels suchen, mit gro\u00dfz\u00fcgigen R\u00e4umlichkeiten, Privatsph\u00e4re, Terrassen, ausgestatteten K\u00fcchen, Parkpl\u00e4tzen, direktem Zugang zum Strand und allen Dienstleistungen des Dorfes. Wir sind das \u201eBeverly Hills der Adria\u201c, nicht wegen \u00dcberfluss, sondern wegen unserer Identit\u00e4t: Hier lebt es sich gut, mit Geschmack und ohne Prunk.<\/p>\t\t\t\t\t\t<\/div>\n\t\t\t\t<\/div>\n\t\t\t\t\t<\/div>\n\t\t\t\t<\/div>\n\t\t<div class=\"elementor-element elementor-element-57b0526 e-flex e-con-boxed e-con e-parent\" data-id=\"57b0526\" data-element_type=\"container\" data-core-v316-plus=\"true\">\n\t\t\t\t\t<div class=\"e-con-inner\">\n\t\t\t\t<div class=\"elementor-element elementor-element-979428b elementor-widget elementor-widget-heading\" data-id=\"979428b\" data-element_type=\"widget\" data-widget_type=\"heading.default\">\n\t\t\t\t<div class=\"elementor-widget-container\">\n\t\t\t<h3 class=\"elementor-heading-title elementor-size-default\">Ein neues Dorf mit der alten Seele der Region<\/h3>\t\t<\/div>\n\t\t\t\t<\/div>\n\t\t\t\t<div class=\"elementor-element elementor-element-f8e3125 elementor-widget elementor-widget-image\" data-id=\"f8e3125\" data-element_type=\"widget\" data-widget_type=\"image.default\">\n\t\t\t\t<div class=\"elementor-widget-container\">\n\t\t\t\t\t\t\t\t\t\t\t\t\t<img decoding=\"async\" width=\"751\" height=\"501\" src=\"https:\/\/www.portopiccoloapartments.com\/blog\/wp-content\/uploads\/2024\/09\/IMG_0001-Modifica-768x512.jpg\" class=\"attachment-medium_large size-medium_large wp-image-751\" alt=\"Soggiornare a Portopiccolo\" srcset=\"https:\/\/www.portopiccoloapartments.com\/blog\/wp-content\/uploads\/2024\/09\/IMG_0001-Modifica-768x512.jpg 768w, https:\/\/www.portopiccoloapartments.com\/blog\/wp-content\/uploads\/2024\/09\/IMG_0001-Modifica-1536x1024.jpg 1536w, https:\/\/www.portopiccoloapartments.com\/blog\/wp-content\/uploads\/2024\/09\/IMG_0001-Modifica-2048x1365.jpg 2048w\" sizes=\"(max-width: 751px) 100vw, 751px\" \/>\t\t\t\t\t\t\t\t\t\t\t\t\t<\/div>\n\t\t\t\t<\/div>\n\t\t\t\t<div class=\"elementor-element elementor-element-223edd5 elementor-widget elementor-widget-text-editor\" data-id=\"223edd5\" data-element_type=\"widget\" data-widget_type=\"text-editor.default\">\n\t\t\t\t<div class=\"elementor-widget-container\">\n\t\t\t\t\t\t\t<p style=\"text-align: justify;\"><span style=\"color: #aa8e1a;\">Portopiccolo<\/span> entstand an der Stelle eines ehemaligen Steinbruchs: ein Ort, der zum Aufbau der St\u00e4dte und D\u00f6rfer dieser Region beigetragen hat und heute als Symbol f\u00fcr Wiedergeburt und Respekt vor der Umwelt zu neuem Leben erwacht. Jeder Stein, jede Treppe, jeder Blick erinnert an die tiefe Verbundenheit mit dem Karst und seiner Identit\u00e4t. Hier zu leben bedeutet, eine Region zu umarmen, nicht nur dort zu wohnen.<\/p>\t\t\t\t\t\t<\/div>\n\t\t\t\t<\/div>\n\t\t\t\t\t<\/div>\n\t\t\t\t<\/div>\n\t\t<div class=\"elementor-element elementor-element-21d5f9d e-flex e-con-boxed e-con e-parent\" data-id=\"21d5f9d\" data-element_type=\"container\" data-core-v316-plus=\"true\">\n\t\t\t\t\t<div class=\"e-con-inner\">\n\t\t\t\t<div class=\"elementor-element elementor-element-9286212 elementor-widget elementor-widget-heading\" data-id=\"9286212\" data-element_type=\"widget\" data-widget_type=\"heading.default\">\n\t\t\t\t<div class=\"elementor-widget-container\">\n\t\t\t<h3 class=\"elementor-heading-title elementor-size-default\">Kurzzeitmiete, lang anhaltendes Vergn\u00fcgen: Welche Art von Aufenthalt suchen Sie?<\/h3>\t\t<\/div>\n\t\t\t\t<\/div>\n\t\t\t\t<div class=\"elementor-element elementor-element-028b301 elementor-widget elementor-widget-text-editor\" data-id=\"028b301\" data-element_type=\"widget\" data-widget_type=\"text-editor.default\">\n\t\t\t\t<div class=\"elementor-widget-container\">\n\t\t\t\t\t\t\t<p style=\"text-align: justify;\">Portopiccolo Apartments ist f\u00fcr diejenigen gedacht, die die Region erleben m\u00f6chten, ohne auf Komfort zu verzichten: f\u00fcr ein romantisches Wochenende, eine Woche am Meer, einen Monat <span style=\"color: #03036b;\">Smart Working mit Meerblick<\/span> oder sogar f\u00fcr einen l\u00e4ngeren Aufenthalt. Wir haben f\u00fcr jeden Bedarf die perfekte L\u00f6sung.<\/p><p><a href=\"https:\/\/www.portopiccoloapartments.com\/de\/\"><span class=\"Y2IQFc\" lang=\"de\">Entdecken Sie Ihren n\u00e4chsten Horizont.<\/span><\/a><\/p><p style=\"text-align: justify;\">Kommen Sie und erleben Sie Portopiccolo. Es ist nicht nur ein Aufenthalt. Es ist eine Art, in der Welt zu sein.<\/p>\t\t\t\t\t\t<\/div>\n\t\t\t\t<\/div>\n\t\t\t\t\t<\/div>\n\t\t\t\t<\/div>\n\t\t\t\t<\/div>\n\t\t","protected":false},"excerpt":{"rendered":"<p>Portopiccolo: Leben zwischen zwei Burgen, eingebettet zwischen Geschichte, Natur und Design Portopiccolo ist ein kleines Juwel, eingebettet zwischen zwei au\u00dfergew\u00f6hnlichen&#8230;<\/p>\n","protected":false},"author":2,"featured_media":1590,"comment_status":"open","ping_status":"open","sticky":false,"template":"","format":"standard","meta":{"footnotes":""},"categories":[39],"tags":[38,36,37],"class_list":["post-1570","post","type-post","status-publish","format-standard","has-post-thumbnail","hentry","category-lebensstil","tag-apartments-mit-meerblick","tag-luxusaufenthalte-in-portopiccolo","tag-portopiccolo-apartments-3"],"yoast_head":"<!-- This site is optimized with the Yoast SEO plugin v22.4 - https:\/\/yoast.com\/wordpress\/plugins\/seo\/ -->\n<title>Portopiccolo: Leben zwischen zwei Burgen, eingebettet zwischen Geschichte, Natur und Design<\/title>\n<meta name=\"robots\" content=\"index, follow, max-snippet:-1, max-image-preview:large, max-video-preview:-1\" \/>\n<link rel=\"canonical\" href=\"https:\/\/www.portopiccoloapartments.com\/blog\/de\/portopiccolo-leben-zwischen-zwei-burgen-eingebettet-zwischen-geschichte-natur-und-design\/\" \/>\n<meta property=\"og:locale\" content=\"de_DE\" \/>\n<meta property=\"og:type\" content=\"article\" \/>\n<meta property=\"og:title\" content=\"Portopiccolo: Leben zwischen zwei Burgen, eingebettet zwischen Geschichte, Natur und Design\" \/>\n<meta property=\"og:description\" content=\"Portopiccolo: Leben zwischen zwei Burgen, eingebettet zwischen Geschichte, Natur und Design Portopiccolo ist ein kleines Juwel, eingebettet zwischen zwei au\u00dfergew\u00f6hnlichen...\" \/>\n<meta property=\"og:url\" content=\"https:\/\/www.portopiccoloapartments.com\/blog\/de\/portopiccolo-leben-zwischen-zwei-burgen-eingebettet-zwischen-geschichte-natur-und-design\/\" \/>\n<meta property=\"og:site_name\" content=\"Blog\" \/>\n<meta property=\"article:published_time\" content=\"2025-06-17T14:29:03+00:00\" \/>\n<meta property=\"article:modified_time\" content=\"2025-06-17T13:43:24+00:00\" \/>\n<meta property=\"og:image\" content=\"https:\/\/www.portopiccoloapartments.com\/blog\/wp-content\/uploads\/2025\/06\/IMG-20250613-WA0024-1.jpg\" \/>\n\t<meta property=\"og:image:width\" content=\"2048\" \/>\n\t<meta property=\"og:image:height\" content=\"1536\" \/>\n\t<meta property=\"og:image:type\" content=\"image\/jpeg\" \/>\n<meta name=\"author\" content=\"portopiccoloapartments\" \/>\n<meta name=\"twitter:card\" content=\"summary_large_image\" \/>\n<meta name=\"twitter:label1\" content=\"Verfasst von\" \/>\n\t<meta name=\"twitter:data1\" content=\"portopiccoloapartments\" \/>\n\t<meta name=\"twitter:label2\" content=\"Gesch\u00e4tzte Lesezeit\" \/>\n\t<meta name=\"twitter:data2\" content=\"4\u00a0Minuten\" \/>\n<script type=\"application\/ld+json\" class=\"yoast-schema-graph\">{\"@context\":\"https:\/\/schema.org\",\"@graph\":[{\"@type\":\"WebPage\",\"@id\":\"https:\/\/www.portopiccoloapartments.com\/blog\/de\/portopiccolo-leben-zwischen-zwei-burgen-eingebettet-zwischen-geschichte-natur-und-design\/\",\"url\":\"https:\/\/www.portopiccoloapartments.com\/blog\/de\/portopiccolo-leben-zwischen-zwei-burgen-eingebettet-zwischen-geschichte-natur-und-design\/\",\"name\":\"Portopiccolo: Leben zwischen zwei Burgen, eingebettet zwischen Geschichte, Natur und Design\",\"isPartOf\":{\"@id\":\"https:\/\/www.portopiccoloapartments.com\/blog\/#website\"},\"primaryImageOfPage\":{\"@id\":\"https:\/\/www.portopiccoloapartments.com\/blog\/de\/portopiccolo-leben-zwischen-zwei-burgen-eingebettet-zwischen-geschichte-natur-und-design\/#primaryimage\"},\"image\":{\"@id\":\"https:\/\/www.portopiccoloapartments.com\/blog\/de\/portopiccolo-leben-zwischen-zwei-burgen-eingebettet-zwischen-geschichte-natur-und-design\/#primaryimage\"},\"thumbnailUrl\":\"https:\/\/www.portopiccoloapartments.com\/blog\/wp-content\/uploads\/2025\/06\/IMG-20250613-WA0024-1.jpg\",\"datePublished\":\"2025-06-17T14:29:03+00:00\",\"dateModified\":\"2025-06-17T13:43:24+00:00\",\"author\":{\"@id\":\"https:\/\/www.portopiccoloapartments.com\/blog\/#\/schema\/person\/61d8286d97391fc95a71ef6b3d87b890\"},\"breadcrumb\":{\"@id\":\"https:\/\/www.portopiccoloapartments.com\/blog\/de\/portopiccolo-leben-zwischen-zwei-burgen-eingebettet-zwischen-geschichte-natur-und-design\/#breadcrumb\"},\"inLanguage\":\"de\",\"potentialAction\":[{\"@type\":\"ReadAction\",\"target\":[\"https:\/\/www.portopiccoloapartments.com\/blog\/de\/portopiccolo-leben-zwischen-zwei-burgen-eingebettet-zwischen-geschichte-natur-und-design\/\"]}]},{\"@type\":\"ImageObject\",\"inLanguage\":\"de\",\"@id\":\"https:\/\/www.portopiccoloapartments.com\/blog\/de\/portopiccolo-leben-zwischen-zwei-burgen-eingebettet-zwischen-geschichte-natur-und-design\/#primaryimage\",\"url\":\"https:\/\/www.portopiccoloapartments.com\/blog\/wp-content\/uploads\/2025\/06\/IMG-20250613-WA0024-1.jpg\",\"contentUrl\":\"https:\/\/www.portopiccoloapartments.com\/blog\/wp-content\/uploads\/2025\/06\/IMG-20250613-WA0024-1.jpg\",\"width\":2048,\"height\":1536,\"caption\":\"Vista sul Castello di Duino\"},{\"@type\":\"BreadcrumbList\",\"@id\":\"https:\/\/www.portopiccoloapartments.com\/blog\/de\/portopiccolo-leben-zwischen-zwei-burgen-eingebettet-zwischen-geschichte-natur-und-design\/#breadcrumb\",\"itemListElement\":[{\"@type\":\"ListItem\",\"position\":1,\"name\":\"Portada\",\"item\":\"https:\/\/www.portopiccoloapartments.com\/blog\/\"},{\"@type\":\"ListItem\",\"position\":2,\"name\":\"Portopiccolo: Leben zwischen zwei Burgen, eingebettet zwischen Geschichte, Natur und Design\"}]},{\"@type\":\"WebSite\",\"@id\":\"https:\/\/www.portopiccoloapartments.com\/blog\/#website\",\"url\":\"https:\/\/www.portopiccoloapartments.com\/blog\/\",\"name\":\"Blog\",\"description\":\"Portopiccoloapartments\",\"potentialAction\":[{\"@type\":\"SearchAction\",\"target\":{\"@type\":\"EntryPoint\",\"urlTemplate\":\"https:\/\/www.portopiccoloapartments.com\/blog\/?s={search_term_string}\"},\"query-input\":\"required name=search_term_string\"}],\"inLanguage\":\"de\"},{\"@type\":\"Person\",\"@id\":\"https:\/\/www.portopiccoloapartments.com\/blog\/#\/schema\/person\/61d8286d97391fc95a71ef6b3d87b890\",\"name\":\"portopiccoloapartments\",\"image\":{\"@type\":\"ImageObject\",\"inLanguage\":\"de\",\"@id\":\"https:\/\/www.portopiccoloapartments.com\/blog\/#\/schema\/person\/image\/\",\"url\":\"https:\/\/secure.gravatar.com\/avatar\/66183d990d4f136eb771e77d3a7da5bfa1e9d3add48bb98e18074e4d39cd2b10?s=96&d=mm&r=g\",\"contentUrl\":\"https:\/\/secure.gravatar.com\/avatar\/66183d990d4f136eb771e77d3a7da5bfa1e9d3add48bb98e18074e4d39cd2b10?s=96&d=mm&r=g\",\"caption\":\"portopiccoloapartments\"},\"url\":\"https:\/\/www.portopiccoloapartments.com\/blog\/de\/author\/portopiccoloapartments\/\"}]}<\/script>\n<!-- \/ Yoast SEO plugin. -->","yoast_head_json":{"title":"Portopiccolo: Leben zwischen zwei Burgen, eingebettet zwischen Geschichte, Natur und Design","robots":{"index":"index","follow":"follow","max-snippet":"max-snippet:-1","max-image-preview":"max-image-preview:large","max-video-preview":"max-video-preview:-1"},"canonical":"https:\/\/www.portopiccoloapartments.com\/blog\/de\/portopiccolo-leben-zwischen-zwei-burgen-eingebettet-zwischen-geschichte-natur-und-design\/","og_locale":"de_DE","og_type":"article","og_title":"Portopiccolo: Leben zwischen zwei Burgen, eingebettet zwischen Geschichte, Natur und Design","og_description":"Portopiccolo: Leben zwischen zwei Burgen, eingebettet zwischen Geschichte, Natur und Design Portopiccolo ist ein kleines Juwel, eingebettet zwischen zwei au\u00dfergew\u00f6hnlichen...","og_url":"https:\/\/www.portopiccoloapartments.com\/blog\/de\/portopiccolo-leben-zwischen-zwei-burgen-eingebettet-zwischen-geschichte-natur-und-design\/","og_site_name":"Blog","article_published_time":"2025-06-17T14:29:03+00:00","article_modified_time":"2025-06-17T13:43:24+00:00","og_image":[{"width":2048,"height":1536,"url":"https:\/\/www.portopiccoloapartments.com\/blog\/wp-content\/uploads\/2025\/06\/IMG-20250613-WA0024-1.jpg","type":"image\/jpeg"}],"author":"portopiccoloapartments","twitter_card":"summary_large_image","twitter_misc":{"Verfasst von":"portopiccoloapartments","Gesch\u00e4tzte Lesezeit":"4\u00a0Minuten"},"schema":{"@context":"https:\/\/schema.org","@graph":[{"@type":"WebPage","@id":"https:\/\/www.portopiccoloapartments.com\/blog\/de\/portopiccolo-leben-zwischen-zwei-burgen-eingebettet-zwischen-geschichte-natur-und-design\/","url":"https:\/\/www.portopiccoloapartments.com\/blog\/de\/portopiccolo-leben-zwischen-zwei-burgen-eingebettet-zwischen-geschichte-natur-und-design\/","name":"Portopiccolo: Leben zwischen zwei Burgen, eingebettet zwischen Geschichte, Natur und Design","isPartOf":{"@id":"https:\/\/www.portopiccoloapartments.com\/blog\/#website"},"primaryImageOfPage":{"@id":"https:\/\/www.portopiccoloapartments.com\/blog\/de\/portopiccolo-leben-zwischen-zwei-burgen-eingebettet-zwischen-geschichte-natur-und-design\/#primaryimage"},"image":{"@id":"https:\/\/www.portopiccoloapartments.com\/blog\/de\/portopiccolo-leben-zwischen-zwei-burgen-eingebettet-zwischen-geschichte-natur-und-design\/#primaryimage"},"thumbnailUrl":"https:\/\/www.portopiccoloapartments.com\/blog\/wp-content\/uploads\/2025\/06\/IMG-20250613-WA0024-1.jpg","datePublished":"2025-06-17T14:29:03+00:00","dateModified":"2025-06-17T13:43:24+00:00","author":{"@id":"https:\/\/www.portopiccoloapartments.com\/blog\/#\/schema\/person\/61d8286d97391fc95a71ef6b3d87b890"},"breadcrumb":{"@id":"https:\/\/www.portopiccoloapartments.com\/blog\/de\/portopiccolo-leben-zwischen-zwei-burgen-eingebettet-zwischen-geschichte-natur-und-design\/#breadcrumb"},"inLanguage":"de","potentialAction":[{"@type":"ReadAction","target":["https:\/\/www.portopiccoloapartments.com\/blog\/de\/portopiccolo-leben-zwischen-zwei-burgen-eingebettet-zwischen-geschichte-natur-und-design\/"]}]},{"@type":"ImageObject","inLanguage":"de","@id":"https:\/\/www.portopiccoloapartments.com\/blog\/de\/portopiccolo-leben-zwischen-zwei-burgen-eingebettet-zwischen-geschichte-natur-und-design\/#primaryimage","url":"https:\/\/www.portopiccoloapartments.com\/blog\/wp-content\/uploads\/2025\/06\/IMG-20250613-WA0024-1.jpg","contentUrl":"https:\/\/www.portopiccoloapartments.com\/blog\/wp-content\/uploads\/2025\/06\/IMG-20250613-WA0024-1.jpg","width":2048,"height":1536,"caption":"Vista sul Castello di Duino"},{"@type":"BreadcrumbList","@id":"https:\/\/www.portopiccoloapartments.com\/blog\/de\/portopiccolo-leben-zwischen-zwei-burgen-eingebettet-zwischen-geschichte-natur-und-design\/#breadcrumb","itemListElement":[{"@type":"ListItem","position":1,"name":"Portada","item":"https:\/\/www.portopiccoloapartments.com\/blog\/"},{"@type":"ListItem","position":2,"name":"Portopiccolo: Leben zwischen zwei Burgen, eingebettet zwischen Geschichte, Natur und Design"}]},{"@type":"WebSite","@id":"https:\/\/www.portopiccoloapartments.com\/blog\/#website","url":"https:\/\/www.portopiccoloapartments.com\/blog\/","name":"Blog","description":"Portopiccoloapartments","potentialAction":[{"@type":"SearchAction","target":{"@type":"EntryPoint","urlTemplate":"https:\/\/www.portopiccoloapartments.com\/blog\/?s={search_term_string}"},"query-input":"required name=search_term_string"}],"inLanguage":"de"},{"@type":"Person","@id":"https:\/\/www.portopiccoloapartments.com\/blog\/#\/schema\/person\/61d8286d97391fc95a71ef6b3d87b890","name":"portopiccoloapartments","image":{"@type":"ImageObject","inLanguage":"de","@id":"https:\/\/www.portopiccoloapartments.com\/blog\/#\/schema\/person\/image\/","url":"https:\/\/secure.gravatar.com\/avatar\/66183d990d4f136eb771e77d3a7da5bfa1e9d3add48bb98e18074e4d39cd2b10?s=96&d=mm&r=g","contentUrl":"https:\/\/secure.gravatar.com\/avatar\/66183d990d4f136eb771e77d3a7da5bfa1e9d3add48bb98e18074e4d39cd2b10?s=96&d=mm&r=g","caption":"portopiccoloapartments"},"url":"https:\/\/www.portopiccoloapartments.com\/blog\/de\/author\/portopiccoloapartments\/"}]}},"_links":{"self":[{"href":"https:\/\/www.portopiccoloapartments.com\/blog\/de\/wp-json\/wp\/v2\/posts\/1570","targetHints":{"allow":["GET"]}}],"collection":[{"href":"https:\/\/www.portopiccoloapartments.com\/blog\/de\/wp-json\/wp\/v2\/posts"}],"about":[{"href":"https:\/\/www.portopiccoloapartments.com\/blog\/de\/wp-json\/wp\/v2\/types\/post"}],"author":[{"embeddable":true,"href":"https:\/\/www.portopiccoloapartments.com\/blog\/de\/wp-json\/wp\/v2\/users\/2"}],"replies":[{"embeddable":true,"href":"https:\/\/www.portopiccoloapartments.com\/blog\/de\/wp-json\/wp\/v2\/comments?post=1570"}],"version-history":[{"count":19,"href":"https:\/\/www.portopiccoloapartments.com\/blog\/de\/wp-json\/wp\/v2\/posts\/1570\/revisions"}],"predecessor-version":[{"id":1637,"href":"https:\/\/www.portopiccoloapartments.com\/blog\/de\/wp-json\/wp\/v2\/posts\/1570\/revisions\/1637"}],"wp:featuredmedia":[{"embeddable":true,"href":"https:\/\/www.portopiccoloapartments.com\/blog\/de\/wp-json\/wp\/v2\/media\/1590"}],"wp:attachment":[{"href":"https:\/\/www.portopiccoloapartments.com\/blog\/de\/wp-json\/wp\/v2\/media?parent=1570"}],"wp:term":[{"taxonomy":"category","embeddable":true,"href":"https:\/\/www.portopiccoloapartments.com\/blog\/de\/wp-json\/wp\/v2\/categories?post=1570"},{"taxonomy":"post_tag","embeddable":true,"href":"https:\/\/www.portopiccoloapartments.com\/blog\/de\/wp-json\/wp\/v2\/tags?post=1570"}],"curies":[{"name":"wp","href":"https:\/\/api.w.org\/{rel}","templated":true}]}}