{"id":1942,"date":"2025-08-01T12:40:25","date_gmt":"2025-08-01T12:40:25","guid":{"rendered":"https:\/\/www.portopiccoloapartments.com\/blog\/?p=1942"},"modified":"2025-08-01T12:44:37","modified_gmt":"2025-08-01T12:44:37","slug":"die-weinnachte-in-sistiana-8-august","status":"publish","type":"post","link":"https:\/\/www.portopiccoloapartments.com\/blog\/de\/die-weinnachte-in-sistiana-8-august\/","title":{"rendered":"DIE WEINN\u00c4CHTE IN SISTIANA \u2013 8. AUGUST"},"content":{"rendered":"\t\t<div data-elementor-type=\"wp-post\" data-elementor-id=\"1942\" class=\"elementor elementor-1942 elementor-1921\">\n\t\t\t\t<div class=\"elementor-element elementor-element-2c65a16 e-flex e-con-boxed e-con e-parent\" data-id=\"2c65a16\" data-element_type=\"container\" data-core-v316-plus=\"true\">\n\t\t\t\t\t<div class=\"e-con-inner\">\n\t\t\t\t<div class=\"elementor-element elementor-element-29a39b9 elementor-widget elementor-widget-heading\" data-id=\"29a39b9\" data-element_type=\"widget\" data-widget_type=\"heading.default\">\n\t\t\t\t<div class=\"elementor-widget-container\">\n\t\t\t<style>\/*! elementor - v3.20.0 - 10-04-2024 *\/\n.elementor-heading-title{padding:0;margin:0;line-height:1}.elementor-widget-heading .elementor-heading-title[class*=elementor-size-]>a{color:inherit;font-size:inherit;line-height:inherit}.elementor-widget-heading .elementor-heading-title.elementor-size-small{font-size:15px}.elementor-widget-heading .elementor-heading-title.elementor-size-medium{font-size:19px}.elementor-widget-heading .elementor-heading-title.elementor-size-large{font-size:29px}.elementor-widget-heading .elementor-heading-title.elementor-size-xl{font-size:39px}.elementor-widget-heading .elementor-heading-title.elementor-size-xxl{font-size:59px}<\/style><h2 class=\"elementor-heading-title elementor-size-default\"><span data-olk-copy-source=\"MessageBody\">DIE WEINN\u00c4CHTE IN SISTIANA \u2013 8. AUGUST<\/span><\/h2>\t\t<\/div>\n\t\t\t\t<\/div>\n\t\t\t\t\t<\/div>\n\t\t\t\t<\/div>\n\t\t<div class=\"elementor-element elementor-element-6e04d49 e-flex e-con-boxed e-con e-parent\" data-id=\"6e04d49\" data-element_type=\"container\" data-core-v316-plus=\"true\">\n\t\t\t\t\t<div class=\"e-con-inner\">\n\t\t\t\t<div class=\"elementor-element elementor-element-bf8ef5c elementor-widget elementor-widget-text-editor\" data-id=\"bf8ef5c\" data-element_type=\"widget\" data-widget_type=\"text-editor.default\">\n\t\t\t\t<div class=\"elementor-widget-container\">\n\t\t\t<style>\/*! elementor - v3.20.0 - 10-04-2024 *\/\n.elementor-widget-text-editor.elementor-drop-cap-view-stacked .elementor-drop-cap{background-color:#69727d;color:#fff}.elementor-widget-text-editor.elementor-drop-cap-view-framed .elementor-drop-cap{color:#69727d;border:3px solid;background-color:transparent}.elementor-widget-text-editor:not(.elementor-drop-cap-view-default) .elementor-drop-cap{margin-top:8px}.elementor-widget-text-editor:not(.elementor-drop-cap-view-default) .elementor-drop-cap-letter{width:1em;height:1em}.elementor-widget-text-editor .elementor-drop-cap{float:left;text-align:center;line-height:1;font-size:50px}.elementor-widget-text-editor .elementor-drop-cap-letter{display:inline-block}<\/style>\t\t\t\t<p>Nur wenige Schritte von<span style=\"color: #aa8e1a;\"> Portopiccolo, <\/span>entfernt wird der Sommer mit den <strong data-start=\"114\" data-end=\"129\">Weinn\u00e4chten<\/strong> entfacht \u2013 dem meist erwarteten Event im Netzwerk der <strong data-start=\"184\" data-end=\"222\">Weinst\u00e4dte Friaul-Julisch Venetien<\/strong>, das am <strong data-start=\"231\" data-end=\"244\">8. August<\/strong> beim <strong data-start=\"250\" data-end=\"276\">InfoPoint von Sistiana<\/strong> in der Gemeinde Duino Aurisina \/ Devin Nabre\u017eina Halt macht.<\/p><p data-start=\"343\" data-end=\"583\">Eine besondere Gelegenheit, die gro\u00dfartigen Weine eines au\u00dfergew\u00f6hnlichen Gebiets zu entdecken und zu genie\u00dfen: <strong data-start=\"455\" data-end=\"473\">Duino Aurisina<\/strong>, insbesondere der Ortsteil <strong data-start=\"501\" data-end=\"513\">Prepotto<\/strong>, ist international f\u00fcr die Exzellenz seiner Weinproduktion anerkannt.<\/p><p data-start=\"585\" data-end=\"804\">Ab<strong data-start=\"585\" data-end=\"601\"> 19:30 Uhr<\/strong>, auf der Terrasse mit Meerblick, Verkostung der besten Etiketten von:<br data-start=\"675\" data-end=\"678\" \/>Le Donne del Vino, Prosekar, Bajta, Bole, Colja Jo\u017eko, \u010cotova Klet, Lenardon, Ostrouska, Sancin, \u0160kerk, Tunella, Zidarich.<\/p><p data-start=\"806\" data-end=\"903\">Begleitet wird das Ganze von gourmet H\u00e4ppchen von <strong data-start=\"860\" data-end=\"883\">Manuela Moving Chef<\/strong> und <strong data-start=\"888\" data-end=\"902\">Live-Musik<\/strong>.<\/p><p data-start=\"905\" data-end=\"1066\" data-is-last-node=\"\" data-is-only-node=\"\"><span style=\"color: #aa8e1a;\"><strong data-start=\"905\" data-end=\"932\">N\u00dcTZLICHE INFORMATIONEN<\/strong><\/span><br data-start=\"932\" data-end=\"935\" \/><strong>Eintritt:<\/strong> <strong data-start=\"945\" data-end=\"964\">35 \u20ac pro Person<\/strong> \u2013 Vorverkauf online und vor Ort \u00fcber <strong data-start=\"1002\" data-end=\"1024\">Ticketpoint Triest<\/strong>.<br data-start=\"1025\" data-end=\"1028\" \/><img decoding=\"async\" class=\"emoji\" role=\"img\" draggable=\"false\" src=\"https:\/\/s.w.org\/images\/core\/emoji\/16.0.1\/svg\/1f4de.svg\" alt=\"\ud83d\udcde\" \/> Info: +39\u00a0348 5166126 \u2013 +39 349 6649480<\/p>\t\t\t\t\t\t<\/div>\n\t\t\t\t<\/div>\n\t\t\t\t\t<\/div>\n\t\t\t\t<\/div>\n\t\t<div class=\"elementor-element elementor-element-f3d9cc7 e-flex e-con-boxed e-con e-parent\" data-id=\"f3d9cc7\" data-element_type=\"container\" data-core-v316-plus=\"true\">\n\t\t\t\t\t<div class=\"e-con-inner\">\n\t\t\t\t<div class=\"elementor-element elementor-element-eeff64f elementor-widget elementor-widget-image-gallery\" data-id=\"eeff64f\" data-element_type=\"widget\" data-widget_type=\"image-gallery.default\">\n\t\t\t\t<div class=\"elementor-widget-container\">\n\t\t\t<style>\/*! elementor - v3.20.0 - 10-04-2024 *\/\n.elementor-image-gallery .gallery-item{display:inline-block;text-align:center;vertical-align:top;width:100%;max-width:100%;margin:0 auto}.elementor-image-gallery .gallery-item img{margin:0 auto}.elementor-image-gallery .gallery-item .gallery-caption{margin:0}.elementor-image-gallery figure img{display:block}.elementor-image-gallery figure figcaption{width:100%}.gallery-spacing-custom .elementor-image-gallery .gallery-icon{padding:0}@media (min-width:768px){.elementor-image-gallery .gallery-columns-2 .gallery-item{max-width:50%}.elementor-image-gallery .gallery-columns-3 .gallery-item{max-width:33.33%}.elementor-image-gallery .gallery-columns-4 .gallery-item{max-width:25%}.elementor-image-gallery .gallery-columns-5 .gallery-item{max-width:20%}.elementor-image-gallery .gallery-columns-6 .gallery-item{max-width:16.666%}.elementor-image-gallery .gallery-columns-7 .gallery-item{max-width:14.28%}.elementor-image-gallery .gallery-columns-8 .gallery-item{max-width:12.5%}.elementor-image-gallery .gallery-columns-9 .gallery-item{max-width:11.11%}.elementor-image-gallery .gallery-columns-10 .gallery-item{max-width:10%}}@media (min-width:480px) and (max-width:767px){.elementor-image-gallery .gallery.gallery-columns-2 .gallery-item,.elementor-image-gallery .gallery.gallery-columns-3 .gallery-item,.elementor-image-gallery .gallery.gallery-columns-4 .gallery-item,.elementor-image-gallery .gallery.gallery-columns-5 .gallery-item,.elementor-image-gallery .gallery.gallery-columns-6 .gallery-item,.elementor-image-gallery .gallery.gallery-columns-7 .gallery-item,.elementor-image-gallery .gallery.gallery-columns-8 .gallery-item,.elementor-image-gallery .gallery.gallery-columns-9 .gallery-item,.elementor-image-gallery .gallery.gallery-columns-10 .gallery-item{max-width:50%}}@media (max-width:479px){.elementor-image-gallery .gallery.gallery-columns-2 .gallery-item,.elementor-image-gallery .gallery.gallery-columns-3 .gallery-item,.elementor-image-gallery .gallery.gallery-columns-4 .gallery-item,.elementor-image-gallery .gallery.gallery-columns-5 .gallery-item,.elementor-image-gallery .gallery.gallery-columns-6 .gallery-item,.elementor-image-gallery .gallery.gallery-columns-7 .gallery-item,.elementor-image-gallery .gallery.gallery-columns-8 .gallery-item,.elementor-image-gallery .gallery.gallery-columns-9 .gallery-item,.elementor-image-gallery .gallery.gallery-columns-10 .gallery-item{max-width:100%}}<\/style>\t\t<div class=\"elementor-image-gallery\">\n\t\t\t<div id='gallery-1' class='gallery galleryid-1942 gallery-columns-2 gallery-size-medium_large'><figure class='gallery-item'>\n\t\t\t<div class='gallery-icon portrait'>\n\t\t\t\t<a data-elementor-open-lightbox=\"yes\" data-elementor-lightbox-slideshow=\"eeff64f\" data-elementor-lightbox-title=\"duino aurisina locandina\" data-e-action-hash=\"#elementor-action%3Aaction%3Dlightbox%26settings%3DeyJpZCI6MTkzNiwidXJsIjoiaHR0cHM6XC9cL3d3dy5wb3J0b3BpY2NvbG9hcGFydG1lbnRzLmNvbVwvYmxvZ1wvd3AtY29udGVudFwvdXBsb2Fkc1wvMjAyNVwvMDhcL2R1aW5vLWF1cmlzaW5hLWxvY2FuZGluYS5qcGciLCJzbGlkZXNob3ciOiJlZWZmNjRmIn0%3D\" href='https:\/\/www.portopiccoloapartments.com\/blog\/wp-content\/uploads\/2025\/08\/duino-aurisina-locandina.jpg'><img fetchpriority=\"high\" decoding=\"async\" width=\"751\" height=\"1335\" src=\"https:\/\/www.portopiccoloapartments.com\/blog\/wp-content\/uploads\/2025\/08\/duino-aurisina-locandina-768x1365.jpg\" class=\"attachment-medium_large size-medium_large\" alt=\"\" srcset=\"https:\/\/www.portopiccoloapartments.com\/blog\/wp-content\/uploads\/2025\/08\/duino-aurisina-locandina-768x1365.jpg 768w, https:\/\/www.portopiccoloapartments.com\/blog\/wp-content\/uploads\/2025\/08\/duino-aurisina-locandina-864x1536.jpg 864w, https:\/\/www.portopiccoloapartments.com\/blog\/wp-content\/uploads\/2025\/08\/duino-aurisina-locandina.jpg 900w\" sizes=\"(max-width: 751px) 100vw, 751px\" \/><\/a>\n\t\t\t<\/div><\/figure><figure class='gallery-item'>\n\t\t\t<div class='gallery-icon landscape'>\n\t\t\t\t<a data-elementor-open-lightbox=\"yes\" data-elementor-lightbox-slideshow=\"eeff64f\" data-elementor-lightbox-title=\"duino aurisina notti del vino 2024\" data-e-action-hash=\"#elementor-action%3Aaction%3Dlightbox%26settings%3DeyJpZCI6MTkyNSwidXJsIjoiaHR0cHM6XC9cL3d3dy5wb3J0b3BpY2NvbG9hcGFydG1lbnRzLmNvbVwvYmxvZ1wvd3AtY29udGVudFwvdXBsb2Fkc1wvMjAyNVwvMDhcL2R1aW5vLWF1cmlzaW5hLW5vdHRpLWRlbC12aW5vLTIwMjQuanBnIiwic2xpZGVzaG93IjoiZWVmZjY0ZiJ9\" href='https:\/\/www.portopiccoloapartments.com\/blog\/wp-content\/uploads\/2025\/08\/duino-aurisina-notti-del-vino-2024.jpg'><img decoding=\"async\" width=\"751\" height=\"563\" src=\"https:\/\/www.portopiccoloapartments.com\/blog\/wp-content\/uploads\/2025\/08\/duino-aurisina-notti-del-vino-2024-768x576.jpg\" class=\"attachment-medium_large size-medium_large\" alt=\"\" srcset=\"https:\/\/www.portopiccoloapartments.com\/blog\/wp-content\/uploads\/2025\/08\/duino-aurisina-notti-del-vino-2024-768x576.jpg 768w, https:\/\/www.portopiccoloapartments.com\/blog\/wp-content\/uploads\/2025\/08\/duino-aurisina-notti-del-vino-2024-1536x1152.jpg 1536w, https:\/\/www.portopiccoloapartments.com\/blog\/wp-content\/uploads\/2025\/08\/duino-aurisina-notti-del-vino-2024.jpg 1600w\" sizes=\"(max-width: 751px) 100vw, 751px\" \/><\/a>\n\t\t\t<\/div><\/figure><figure class='gallery-item'>\n\t\t\t<div class='gallery-icon portrait'>\n\t\t\t\t<a data-elementor-open-lightbox=\"yes\" data-elementor-lightbox-slideshow=\"eeff64f\" data-elementor-lightbox-title=\"duino aurisina locandina 2\" data-e-action-hash=\"#elementor-action%3Aaction%3Dlightbox%26settings%3DeyJpZCI6MTkyOSwidXJsIjoiaHR0cHM6XC9cL3d3dy5wb3J0b3BpY2NvbG9hcGFydG1lbnRzLmNvbVwvYmxvZ1wvd3AtY29udGVudFwvdXBsb2Fkc1wvMjAyNVwvMDhcL2R1aW5vLWF1cmlzaW5hLWxvY2FuZGluYS0yLmpwZyIsInNsaWRlc2hvdyI6ImVlZmY2NGYifQ%3D%3D\" href='https:\/\/www.portopiccoloapartments.com\/blog\/wp-content\/uploads\/2025\/08\/duino-aurisina-locandina-2.jpg'><img decoding=\"async\" width=\"751\" height=\"1062\" src=\"https:\/\/www.portopiccoloapartments.com\/blog\/wp-content\/uploads\/2025\/08\/duino-aurisina-locandina-2-768x1086.jpg\" class=\"attachment-medium_large size-medium_large\" alt=\"\" srcset=\"https:\/\/www.portopiccoloapartments.com\/blog\/wp-content\/uploads\/2025\/08\/duino-aurisina-locandina-2-768x1086.jpg 768w, https:\/\/www.portopiccoloapartments.com\/blog\/wp-content\/uploads\/2025\/08\/duino-aurisina-locandina-2-1086x1536.jpg 1086w, https:\/\/www.portopiccoloapartments.com\/blog\/wp-content\/uploads\/2025\/08\/duino-aurisina-locandina-2.jpg 1131w\" sizes=\"(max-width: 751px) 100vw, 751px\" \/><\/a>\n\t\t\t<\/div><\/figure>\n\t\t<\/div>\n\t\t<\/div>\n\t\t\t\t<\/div>\n\t\t\t\t<\/div>\n\t\t\t\t\t<\/div>\n\t\t\t\t<\/div>\n\t\t\t\t<\/div>\n\t\t","protected":false},"excerpt":{"rendered":"<p>DIE WEINN\u00c4CHTE IN SISTIANA \u2013 8. AUGUST Nur wenige Schritte von Portopiccolo, entfernt wird der Sommer mit den Weinn\u00e4chten entfacht&#8230;<\/p>\n","protected":false},"author":2,"featured_media":1936,"comment_status":"open","ping_status":"open","sticky":false,"template":"","format":"standard","meta":{"footnotes":""},"categories":[92,20],"tags":[],"class_list":["post-1942","post","type-post","status-publish","format-standard","has-post-thumbnail","hentry","category-lifestyle-de","category-portopiccolo-apartments-de"],"yoast_head":"<!-- This site is optimized with the Yoast SEO plugin v22.4 - https:\/\/yoast.com\/wordpress\/plugins\/seo\/ -->\n<title>DIE WEINN\u00c4CHTE IN SISTIANA \u2013 8. AUGUST - Blog<\/title>\n<meta name=\"description\" content=\"Erleben Sie die Weinn\u00e4chte in Sistiana am 8. August: Weinverkostungen mit Top-Winzern aus Friaul-Julisch Venetien, Gourmet-H\u00e4ppchen &amp; Livemusik \u2013 Meerblick inklusive!\" \/>\n<meta name=\"robots\" content=\"index, follow, max-snippet:-1, max-image-preview:large, max-video-preview:-1\" \/>\n<link rel=\"canonical\" href=\"https:\/\/www.portopiccoloapartments.com\/blog\/de\/die-weinnachte-in-sistiana-8-august\/\" \/>\n<meta property=\"og:locale\" content=\"de_DE\" \/>\n<meta property=\"og:type\" content=\"article\" \/>\n<meta property=\"og:title\" content=\"DIE WEINN\u00c4CHTE IN SISTIANA \u2013 8. AUGUST - Blog\" \/>\n<meta property=\"og:description\" content=\"Erleben Sie die Weinn\u00e4chte in Sistiana am 8. August: Weinverkostungen mit Top-Winzern aus Friaul-Julisch Venetien, Gourmet-H\u00e4ppchen &amp; Livemusik \u2013 Meerblick inklusive!\" \/>\n<meta property=\"og:url\" content=\"https:\/\/www.portopiccoloapartments.com\/blog\/de\/die-weinnachte-in-sistiana-8-august\/\" \/>\n<meta property=\"og:site_name\" content=\"Blog\" \/>\n<meta property=\"article:published_time\" content=\"2025-08-01T12:40:25+00:00\" \/>\n<meta property=\"article:modified_time\" content=\"2025-08-01T12:44:37+00:00\" \/>\n<meta property=\"og:image\" content=\"https:\/\/www.portopiccoloapartments.com\/blog\/wp-content\/uploads\/2025\/08\/duino-aurisina-locandina.jpg\" \/>\n\t<meta property=\"og:image:width\" content=\"900\" \/>\n\t<meta property=\"og:image:height\" content=\"1600\" \/>\n\t<meta property=\"og:image:type\" content=\"image\/jpeg\" \/>\n<meta name=\"author\" content=\"portopiccoloapartments\" \/>\n<meta name=\"twitter:card\" content=\"summary_large_image\" \/>\n<meta name=\"twitter:label1\" content=\"Verfasst von\" \/>\n\t<meta name=\"twitter:data1\" content=\"portopiccoloapartments\" \/>\n\t<meta name=\"twitter:label2\" content=\"Gesch\u00e4tzte Lesezeit\" \/>\n\t<meta name=\"twitter:data2\" content=\"2\u00a0Minuten\" \/>\n<script type=\"application\/ld+json\" class=\"yoast-schema-graph\">{\"@context\":\"https:\/\/schema.org\",\"@graph\":[{\"@type\":\"WebPage\",\"@id\":\"https:\/\/www.portopiccoloapartments.com\/blog\/de\/die-weinnachte-in-sistiana-8-august\/\",\"url\":\"https:\/\/www.portopiccoloapartments.com\/blog\/de\/die-weinnachte-in-sistiana-8-august\/\",\"name\":\"DIE WEINN\u00c4CHTE IN SISTIANA \u2013 8. AUGUST - Blog\",\"isPartOf\":{\"@id\":\"https:\/\/www.portopiccoloapartments.com\/blog\/#website\"},\"primaryImageOfPage\":{\"@id\":\"https:\/\/www.portopiccoloapartments.com\/blog\/de\/die-weinnachte-in-sistiana-8-august\/#primaryimage\"},\"image\":{\"@id\":\"https:\/\/www.portopiccoloapartments.com\/blog\/de\/die-weinnachte-in-sistiana-8-august\/#primaryimage\"},\"thumbnailUrl\":\"https:\/\/www.portopiccoloapartments.com\/blog\/wp-content\/uploads\/2025\/08\/duino-aurisina-locandina.jpg\",\"datePublished\":\"2025-08-01T12:40:25+00:00\",\"dateModified\":\"2025-08-01T12:44:37+00:00\",\"author\":{\"@id\":\"https:\/\/www.portopiccoloapartments.com\/blog\/#\/schema\/person\/61d8286d97391fc95a71ef6b3d87b890\"},\"description\":\"Erleben Sie die Weinn\u00e4chte in Sistiana am 8. August: Weinverkostungen mit Top-Winzern aus Friaul-Julisch Venetien, Gourmet-H\u00e4ppchen & Livemusik \u2013 Meerblick inklusive!\",\"breadcrumb\":{\"@id\":\"https:\/\/www.portopiccoloapartments.com\/blog\/de\/die-weinnachte-in-sistiana-8-august\/#breadcrumb\"},\"inLanguage\":\"de\",\"potentialAction\":[{\"@type\":\"ReadAction\",\"target\":[\"https:\/\/www.portopiccoloapartments.com\/blog\/de\/die-weinnachte-in-sistiana-8-august\/\"]}]},{\"@type\":\"ImageObject\",\"inLanguage\":\"de\",\"@id\":\"https:\/\/www.portopiccoloapartments.com\/blog\/de\/die-weinnachte-in-sistiana-8-august\/#primaryimage\",\"url\":\"https:\/\/www.portopiccoloapartments.com\/blog\/wp-content\/uploads\/2025\/08\/duino-aurisina-locandina.jpg\",\"contentUrl\":\"https:\/\/www.portopiccoloapartments.com\/blog\/wp-content\/uploads\/2025\/08\/duino-aurisina-locandina.jpg\",\"width\":900,\"height\":1600},{\"@type\":\"BreadcrumbList\",\"@id\":\"https:\/\/www.portopiccoloapartments.com\/blog\/de\/die-weinnachte-in-sistiana-8-august\/#breadcrumb\",\"itemListElement\":[{\"@type\":\"ListItem\",\"position\":1,\"name\":\"Portada\",\"item\":\"https:\/\/www.portopiccoloapartments.com\/blog\/\"},{\"@type\":\"ListItem\",\"position\":2,\"name\":\"DIE WEINN\u00c4CHTE IN SISTIANA \u2013 8. AUGUST\"}]},{\"@type\":\"WebSite\",\"@id\":\"https:\/\/www.portopiccoloapartments.com\/blog\/#website\",\"url\":\"https:\/\/www.portopiccoloapartments.com\/blog\/\",\"name\":\"Blog\",\"description\":\"Portopiccoloapartments\",\"potentialAction\":[{\"@type\":\"SearchAction\",\"target\":{\"@type\":\"EntryPoint\",\"urlTemplate\":\"https:\/\/www.portopiccoloapartments.com\/blog\/?s={search_term_string}\"},\"query-input\":\"required name=search_term_string\"}],\"inLanguage\":\"de\"},{\"@type\":\"Person\",\"@id\":\"https:\/\/www.portopiccoloapartments.com\/blog\/#\/schema\/person\/61d8286d97391fc95a71ef6b3d87b890\",\"name\":\"portopiccoloapartments\",\"image\":{\"@type\":\"ImageObject\",\"inLanguage\":\"de\",\"@id\":\"https:\/\/www.portopiccoloapartments.com\/blog\/#\/schema\/person\/image\/\",\"url\":\"https:\/\/secure.gravatar.com\/avatar\/66183d990d4f136eb771e77d3a7da5bfa1e9d3add48bb98e18074e4d39cd2b10?s=96&d=mm&r=g\",\"contentUrl\":\"https:\/\/secure.gravatar.com\/avatar\/66183d990d4f136eb771e77d3a7da5bfa1e9d3add48bb98e18074e4d39cd2b10?s=96&d=mm&r=g\",\"caption\":\"portopiccoloapartments\"},\"url\":\"https:\/\/www.portopiccoloapartments.com\/blog\/de\/author\/portopiccoloapartments\/\"}]}<\/script>\n<!-- \/ Yoast SEO plugin. -->","yoast_head_json":{"title":"DIE WEINN\u00c4CHTE IN SISTIANA \u2013 8. AUGUST - Blog","description":"Erleben Sie die Weinn\u00e4chte in Sistiana am 8. August: Weinverkostungen mit Top-Winzern aus Friaul-Julisch Venetien, Gourmet-H\u00e4ppchen & Livemusik \u2013 Meerblick inklusive!","robots":{"index":"index","follow":"follow","max-snippet":"max-snippet:-1","max-image-preview":"max-image-preview:large","max-video-preview":"max-video-preview:-1"},"canonical":"https:\/\/www.portopiccoloapartments.com\/blog\/de\/die-weinnachte-in-sistiana-8-august\/","og_locale":"de_DE","og_type":"article","og_title":"DIE WEINN\u00c4CHTE IN SISTIANA \u2013 8. AUGUST - Blog","og_description":"Erleben Sie die Weinn\u00e4chte in Sistiana am 8. August: Weinverkostungen mit Top-Winzern aus Friaul-Julisch Venetien, Gourmet-H\u00e4ppchen & Livemusik \u2013 Meerblick inklusive!","og_url":"https:\/\/www.portopiccoloapartments.com\/blog\/de\/die-weinnachte-in-sistiana-8-august\/","og_site_name":"Blog","article_published_time":"2025-08-01T12:40:25+00:00","article_modified_time":"2025-08-01T12:44:37+00:00","og_image":[{"width":900,"height":1600,"url":"https:\/\/www.portopiccoloapartments.com\/blog\/wp-content\/uploads\/2025\/08\/duino-aurisina-locandina.jpg","type":"image\/jpeg"}],"author":"portopiccoloapartments","twitter_card":"summary_large_image","twitter_misc":{"Verfasst von":"portopiccoloapartments","Gesch\u00e4tzte Lesezeit":"2\u00a0Minuten"},"schema":{"@context":"https:\/\/schema.org","@graph":[{"@type":"WebPage","@id":"https:\/\/www.portopiccoloapartments.com\/blog\/de\/die-weinnachte-in-sistiana-8-august\/","url":"https:\/\/www.portopiccoloapartments.com\/blog\/de\/die-weinnachte-in-sistiana-8-august\/","name":"DIE WEINN\u00c4CHTE IN SISTIANA \u2013 8. AUGUST - Blog","isPartOf":{"@id":"https:\/\/www.portopiccoloapartments.com\/blog\/#website"},"primaryImageOfPage":{"@id":"https:\/\/www.portopiccoloapartments.com\/blog\/de\/die-weinnachte-in-sistiana-8-august\/#primaryimage"},"image":{"@id":"https:\/\/www.portopiccoloapartments.com\/blog\/de\/die-weinnachte-in-sistiana-8-august\/#primaryimage"},"thumbnailUrl":"https:\/\/www.portopiccoloapartments.com\/blog\/wp-content\/uploads\/2025\/08\/duino-aurisina-locandina.jpg","datePublished":"2025-08-01T12:40:25+00:00","dateModified":"2025-08-01T12:44:37+00:00","author":{"@id":"https:\/\/www.portopiccoloapartments.com\/blog\/#\/schema\/person\/61d8286d97391fc95a71ef6b3d87b890"},"description":"Erleben Sie die Weinn\u00e4chte in Sistiana am 8. August: Weinverkostungen mit Top-Winzern aus Friaul-Julisch Venetien, Gourmet-H\u00e4ppchen & Livemusik \u2013 Meerblick inklusive!","breadcrumb":{"@id":"https:\/\/www.portopiccoloapartments.com\/blog\/de\/die-weinnachte-in-sistiana-8-august\/#breadcrumb"},"inLanguage":"de","potentialAction":[{"@type":"ReadAction","target":["https:\/\/www.portopiccoloapartments.com\/blog\/de\/die-weinnachte-in-sistiana-8-august\/"]}]},{"@type":"ImageObject","inLanguage":"de","@id":"https:\/\/www.portopiccoloapartments.com\/blog\/de\/die-weinnachte-in-sistiana-8-august\/#primaryimage","url":"https:\/\/www.portopiccoloapartments.com\/blog\/wp-content\/uploads\/2025\/08\/duino-aurisina-locandina.jpg","contentUrl":"https:\/\/www.portopiccoloapartments.com\/blog\/wp-content\/uploads\/2025\/08\/duino-aurisina-locandina.jpg","width":900,"height":1600},{"@type":"BreadcrumbList","@id":"https:\/\/www.portopiccoloapartments.com\/blog\/de\/die-weinnachte-in-sistiana-8-august\/#breadcrumb","itemListElement":[{"@type":"ListItem","position":1,"name":"Portada","item":"https:\/\/www.portopiccoloapartments.com\/blog\/"},{"@type":"ListItem","position":2,"name":"DIE WEINN\u00c4CHTE IN SISTIANA \u2013 8. AUGUST"}]},{"@type":"WebSite","@id":"https:\/\/www.portopiccoloapartments.com\/blog\/#website","url":"https:\/\/www.portopiccoloapartments.com\/blog\/","name":"Blog","description":"Portopiccoloapartments","potentialAction":[{"@type":"SearchAction","target":{"@type":"EntryPoint","urlTemplate":"https:\/\/www.portopiccoloapartments.com\/blog\/?s={search_term_string}"},"query-input":"required name=search_term_string"}],"inLanguage":"de"},{"@type":"Person","@id":"https:\/\/www.portopiccoloapartments.com\/blog\/#\/schema\/person\/61d8286d97391fc95a71ef6b3d87b890","name":"portopiccoloapartments","image":{"@type":"ImageObject","inLanguage":"de","@id":"https:\/\/www.portopiccoloapartments.com\/blog\/#\/schema\/person\/image\/","url":"https:\/\/secure.gravatar.com\/avatar\/66183d990d4f136eb771e77d3a7da5bfa1e9d3add48bb98e18074e4d39cd2b10?s=96&d=mm&r=g","contentUrl":"https:\/\/secure.gravatar.com\/avatar\/66183d990d4f136eb771e77d3a7da5bfa1e9d3add48bb98e18074e4d39cd2b10?s=96&d=mm&r=g","caption":"portopiccoloapartments"},"url":"https:\/\/www.portopiccoloapartments.com\/blog\/de\/author\/portopiccoloapartments\/"}]}},"_links":{"self":[{"href":"https:\/\/www.portopiccoloapartments.com\/blog\/de\/wp-json\/wp\/v2\/posts\/1942","targetHints":{"allow":["GET"]}}],"collection":[{"href":"https:\/\/www.portopiccoloapartments.com\/blog\/de\/wp-json\/wp\/v2\/posts"}],"about":[{"href":"https:\/\/www.portopiccoloapartments.com\/blog\/de\/wp-json\/wp\/v2\/types\/post"}],"author":[{"embeddable":true,"href":"https:\/\/www.portopiccoloapartments.com\/blog\/de\/wp-json\/wp\/v2\/users\/2"}],"replies":[{"embeddable":true,"href":"https:\/\/www.portopiccoloapartments.com\/blog\/de\/wp-json\/wp\/v2\/comments?post=1942"}],"version-history":[{"count":4,"href":"https:\/\/www.portopiccoloapartments.com\/blog\/de\/wp-json\/wp\/v2\/posts\/1942\/revisions"}],"predecessor-version":[{"id":1955,"href":"https:\/\/www.portopiccoloapartments.com\/blog\/de\/wp-json\/wp\/v2\/posts\/1942\/revisions\/1955"}],"wp:featuredmedia":[{"embeddable":true,"href":"https:\/\/www.portopiccoloapartments.com\/blog\/de\/wp-json\/wp\/v2\/media\/1936"}],"wp:attachment":[{"href":"https:\/\/www.portopiccoloapartments.com\/blog\/de\/wp-json\/wp\/v2\/media?parent=1942"}],"wp:term":[{"taxonomy":"category","embeddable":true,"href":"https:\/\/www.portopiccoloapartments.com\/blog\/de\/wp-json\/wp\/v2\/categories?post=1942"},{"taxonomy":"post_tag","embeddable":true,"href":"https:\/\/www.portopiccoloapartments.com\/blog\/de\/wp-json\/wp\/v2\/tags?post=1942"}],"curies":[{"name":"wp","href":"https:\/\/api.w.org\/{rel}","templated":true}]}}