{"id":2003,"date":"2025-08-15T09:59:57","date_gmt":"2025-08-15T09:59:57","guid":{"rendered":"https:\/\/www.portopiccoloapartments.com\/blog\/?p=2003"},"modified":"2025-08-16T07:22:53","modified_gmt":"2025-08-16T07:22:53","slug":"san-rocco-in-aurisina-vier-tage-fest-nur-einen-katzensprung-von-portopiccolo-entfernt","status":"publish","type":"post","link":"https:\/\/www.portopiccoloapartments.com\/blog\/de\/san-rocco-in-aurisina-vier-tage-fest-nur-einen-katzensprung-von-portopiccolo-entfernt\/","title":{"rendered":"San Rocco in Aurisina: Vier Tage Fest, nur einen Katzensprung von Portopiccolo entfernt"},"content":{"rendered":"\t\t<div data-elementor-type=\"wp-post\" data-elementor-id=\"2003\" class=\"elementor elementor-2003 elementor-2000\">\n\t\t\t\t<div class=\"elementor-element elementor-element-4958377 e-flex e-con-boxed e-con e-parent\" data-id=\"4958377\" data-element_type=\"container\" data-core-v316-plus=\"true\">\n\t\t\t\t\t<div class=\"e-con-inner\">\n\t\t\t\t<div class=\"elementor-element elementor-element-17b2d14 elementor-widget elementor-widget-heading\" data-id=\"17b2d14\" data-element_type=\"widget\" data-widget_type=\"heading.default\">\n\t\t\t\t<div class=\"elementor-widget-container\">\n\t\t\t<style>\/*! elementor - v3.20.0 - 10-04-2024 *\/\n.elementor-heading-title{padding:0;margin:0;line-height:1}.elementor-widget-heading .elementor-heading-title[class*=elementor-size-]>a{color:inherit;font-size:inherit;line-height:inherit}.elementor-widget-heading .elementor-heading-title.elementor-size-small{font-size:15px}.elementor-widget-heading .elementor-heading-title.elementor-size-medium{font-size:19px}.elementor-widget-heading .elementor-heading-title.elementor-size-large{font-size:29px}.elementor-widget-heading .elementor-heading-title.elementor-size-xl{font-size:39px}.elementor-widget-heading .elementor-heading-title.elementor-size-xxl{font-size:59px}<\/style><h2 class=\"elementor-heading-title elementor-size-default\">San Rocco in Aurisina: Vier Tage Fest, nur einen Katzensprung von Portopiccolo entfernt<\/h2>\t\t<\/div>\n\t\t\t\t<\/div>\n\t\t\t\t<div class=\"elementor-element elementor-element-a8ec6b2 elementor-widget elementor-widget-text-editor\" data-id=\"a8ec6b2\" data-element_type=\"widget\" data-widget_type=\"text-editor.default\">\n\t\t\t\t<div class=\"elementor-widget-container\">\n\t\t\t<style>\/*! elementor - v3.20.0 - 10-04-2024 *\/\n.elementor-widget-text-editor.elementor-drop-cap-view-stacked .elementor-drop-cap{background-color:#69727d;color:#fff}.elementor-widget-text-editor.elementor-drop-cap-view-framed .elementor-drop-cap{color:#69727d;border:3px solid;background-color:transparent}.elementor-widget-text-editor:not(.elementor-drop-cap-view-default) .elementor-drop-cap{margin-top:8px}.elementor-widget-text-editor:not(.elementor-drop-cap-view-default) .elementor-drop-cap-letter{width:1em;height:1em}.elementor-widget-text-editor .elementor-drop-cap{float:left;text-align:center;line-height:1;font-size:50px}.elementor-widget-text-editor .elementor-drop-cap-letter{display:inline-block}<\/style>\t\t\t\t<p>Vom\u00a0<strong>14. bis 17. August<\/strong>, weniger als zehn Autominuten von <span style=\"color: #aa8e1a;\">Portopiccolo<\/span>, feiert Aurisina seinen Schutzpatron\u00a0<strong>San Rocco<\/strong>\u00a0mit einem abwechslungsreichen Programm aus Tradition, Musik, Sport und regionalen Spezialit\u00e4ten. Der neu gestaltete Hauptplatz wird zum Mittelpunkt der Feierlichkeiten.<\/p>\t\t\t\t\t\t<\/div>\n\t\t\t\t<\/div>\n\t\t\t\t\t<\/div>\n\t\t\t\t<\/div>\n\t\t<div class=\"elementor-element elementor-element-75dd548 e-flex e-con-boxed e-con e-parent\" data-id=\"75dd548\" data-element_type=\"container\" data-core-v316-plus=\"true\">\n\t\t\t\t\t<div class=\"e-con-inner\">\n\t\t\t\t<div class=\"elementor-element elementor-element-1ca5c2d elementor-widget elementor-widget-text-editor\" data-id=\"1ca5c2d\" data-element_type=\"widget\" data-widget_type=\"text-editor.default\">\n\t\t\t\t<div class=\"elementor-widget-container\">\n\t\t\t\t\t\t\t<p><strong data-olk-copy-source=\"MessageBody\">Donnerstag, 14. August<\/strong><\/p><ul><li>20:00 Uhr \u2013 Offizielle Er\u00f6ffnung und Verleihung der kommunalen Auszeichnungen (8 Einzel- und 1 Kollektivauszeichnung).<\/li><li>20:30 Uhr \u2013 Konzert von <strong>Ano urco al pej dvej<\/strong> auf der Piazza<\/li><\/ul><p><strong data-olk-copy-source=\"MessageBody\">Freitag, 15. August<\/strong><\/p><ul><li>Ab dem Morgen \u2013 St\u00e4nde lokaler Produzenten und aus Ilirska Bistrica.<\/li><li>19:00 Uhr \u2013 Pr\u00e4sentation \u201e<em>Radost v travi<\/em>\u201c von <strong>Marja Novak Vogri\u010d<\/strong> (Garten der Pfarrei).<\/li><li>20:30 Uhr \u2013 Konzert <strong>Gas Kras<\/strong> (Sokol-Feld).<\/li><\/ul><p><strong data-olk-copy-source=\"MessageBody\">Samstag, 16. August<\/strong><\/p><ul><li>09:00 Uhr \u2013 Beachvolleyballturnier (Sokol-Platz).<\/li><li>11:00 Uhr \u2013 Feierliche Messe auf dem Platz.<\/li><li>12:00 Uhr \u2013 F\u00fchrung durch <em>Rimad\u2019Origine<\/em> (Casa della Pietra).<\/li><li>17:00 Uhr \u2013 Workshop f\u00fcr Kinder zum Thema Bienen + Flohmarkt auf dem Platz.<\/li><li>18:00 Uhr \u2013 Treffen zum Thema Imkerei.<\/li><li>19:30 Uhr \u2013 Gespr\u00e4ch zwischen <strong>Du\u0161an Jelin\u010di\u010d<\/strong> und <strong>Pietro Spirito<\/strong> \u00fcber <em>\u00c8 notte sul confine<\/em> (Es ist Nacht an der Grenze).<\/li><li>20:30 Uhr \u2013 Konzert <strong>Rujni muzikanti.<\/strong><\/li><\/ul><p><strong data-olk-copy-source=\"MessageBody\">Sonntag, 17. August<\/strong><\/p><ul><li>09:30 Uhr \u2013 Messe und Prozession.<\/li><li>11:00 Uhr \u2013 F\u00fchrung durch <em>Rimad\u2019Origine<\/em>.<\/li><li>20:30 Uhr \u2013 Konzert <strong>Kra\u0161ki muzikanti<\/strong>.<\/li><\/ul>\t\t\t\t\t\t<\/div>\n\t\t\t\t<\/div>\n\t\t\t\t\t<\/div>\n\t\t\t\t<\/div>\n\t\t<div class=\"elementor-element elementor-element-646d086 e-flex e-con-boxed e-con e-parent\" data-id=\"646d086\" data-element_type=\"container\" data-core-v316-plus=\"true\">\n\t\t\t\t\t<div class=\"e-con-inner\">\n\t\t\t\t<div class=\"elementor-element elementor-element-346caf4 elementor-widget elementor-widget-image\" data-id=\"346caf4\" data-element_type=\"widget\" data-widget_type=\"image.default\">\n\t\t\t\t<div class=\"elementor-widget-container\">\n\t\t\t<style>\/*! elementor - v3.20.0 - 10-04-2024 *\/\n.elementor-widget-image{text-align:center}.elementor-widget-image a{display:inline-block}.elementor-widget-image a img[src$=\".svg\"]{width:48px}.elementor-widget-image img{vertical-align:middle;display:inline-block}<\/style>\t\t\t\t\t\t\t\t\t\t<img fetchpriority=\"high\" decoding=\"async\" width=\"751\" height=\"246\" src=\"https:\/\/www.portopiccoloapartments.com\/blog\/wp-content\/uploads\/2025\/08\/IMG-20250813-WA0074-1920x630.jpg\" class=\"attachment-large size-large wp-image-1986\" alt=\"\" \/>\t\t\t\t\t\t\t\t\t\t\t\t\t<\/div>\n\t\t\t\t<\/div>\n\t\t\t\t\t<\/div>\n\t\t\t\t<\/div>\n\t\t<div class=\"elementor-element elementor-element-670061c e-flex e-con-boxed e-con e-parent\" data-id=\"670061c\" data-element_type=\"container\" data-core-v316-plus=\"true\">\n\t\t\t\t\t<div class=\"e-con-inner\">\n\t\t\t\t<div class=\"elementor-element elementor-element-4204a4f elementor-widget elementor-widget-text-editor\" data-id=\"4204a4f\" data-element_type=\"widget\" data-widget_type=\"text-editor.default\">\n\t\t\t\t<div class=\"elementor-widget-container\">\n\t\t\t\t\t\t\t<p style=\"text-align: justify;\">W\u00e4hrend der gesamten Veranstaltung kann die Fotoausstellung zum 80-j\u00e4hrigen Jubil\u00e4um des slowenischen Kulturvereins Igo Gruden besucht werden.<\/p><p style=\"text-align: justify;\">F\u00fcr diejenigen, die <a href=\"https:\/\/www.portopiccoloapartments.com\/de\/\">in Portopiccolo \u00fcbernachten<\/a>, ist dies eine Gelegenheit, ein lebendiges Dorf zu entdecken, mit St\u00e4nden mit lokalen Spezialit\u00e4ten, Live-Musik und der herzlichen Gastfreundschaft der Karst-Gemeinde.<\/p>\t\t\t\t\t\t<\/div>\n\t\t\t\t<\/div>\n\t\t\t\t\t<\/div>\n\t\t\t\t<\/div>\n\t\t\t\t<\/div>\n\t\t","protected":false},"excerpt":{"rendered":"<p>San Rocco in Aurisina: Vier Tage Fest, nur einen Katzensprung von Portopiccolo entfernt Vom\u00a014. bis 17. August, weniger als zehn&#8230;<\/p>\n","protected":false},"author":2,"featured_media":1998,"comment_status":"open","ping_status":"open","sticky":false,"template":"","format":"standard","meta":{"footnotes":""},"categories":[39,92],"tags":[],"class_list":["post-2003","post","type-post","status-publish","format-standard","has-post-thumbnail","hentry","category-lebensstil","category-lifestyle-de"],"yoast_head":"<!-- This site is optimized with the Yoast SEO plugin v22.4 - https:\/\/yoast.com\/wordpress\/plugins\/seo\/ -->\n<title>San Rocco in Aurisina: Vier Tage Fest, nur einen Katzensprung von Portopiccolo entfernt - Blog<\/title>\n<meta name=\"robots\" content=\"index, follow, max-snippet:-1, max-image-preview:large, max-video-preview:-1\" \/>\n<link rel=\"canonical\" href=\"https:\/\/www.portopiccoloapartments.com\/blog\/de\/san-rocco-in-aurisina-vier-tage-fest-nur-einen-katzensprung-von-portopiccolo-entfernt\/\" \/>\n<meta property=\"og:locale\" content=\"de_DE\" \/>\n<meta property=\"og:type\" content=\"article\" \/>\n<meta property=\"og:title\" content=\"San Rocco in Aurisina: Vier Tage Fest, nur einen Katzensprung von Portopiccolo entfernt - Blog\" \/>\n<meta property=\"og:description\" content=\"San Rocco in Aurisina: Vier Tage Fest, nur einen Katzensprung von Portopiccolo entfernt Vom\u00a014. bis 17. August, weniger als zehn...\" \/>\n<meta property=\"og:url\" content=\"https:\/\/www.portopiccoloapartments.com\/blog\/de\/san-rocco-in-aurisina-vier-tage-fest-nur-einen-katzensprung-von-portopiccolo-entfernt\/\" \/>\n<meta property=\"og:site_name\" content=\"Blog\" \/>\n<meta property=\"article:published_time\" content=\"2025-08-15T09:59:57+00:00\" \/>\n<meta property=\"article:modified_time\" content=\"2025-08-16T07:22:53+00:00\" \/>\n<meta property=\"og:image\" content=\"https:\/\/www.portopiccoloapartments.com\/blog\/wp-content\/uploads\/2025\/08\/IMG-20250813-WA0073-scaled.jpg\" \/>\n\t<meta property=\"og:image:width\" content=\"2560\" \/>\n\t<meta property=\"og:image:height\" content=\"1146\" \/>\n\t<meta property=\"og:image:type\" content=\"image\/jpeg\" \/>\n<meta name=\"author\" content=\"portopiccoloapartments\" \/>\n<meta name=\"twitter:card\" content=\"summary_large_image\" \/>\n<meta name=\"twitter:label1\" content=\"Verfasst von\" \/>\n\t<meta name=\"twitter:data1\" content=\"portopiccoloapartments\" \/>\n\t<meta name=\"twitter:label2\" content=\"Gesch\u00e4tzte Lesezeit\" \/>\n\t<meta name=\"twitter:data2\" content=\"2\u00a0Minuten\" \/>\n<script type=\"application\/ld+json\" class=\"yoast-schema-graph\">{\"@context\":\"https:\/\/schema.org\",\"@graph\":[{\"@type\":\"WebPage\",\"@id\":\"https:\/\/www.portopiccoloapartments.com\/blog\/de\/san-rocco-in-aurisina-vier-tage-fest-nur-einen-katzensprung-von-portopiccolo-entfernt\/\",\"url\":\"https:\/\/www.portopiccoloapartments.com\/blog\/de\/san-rocco-in-aurisina-vier-tage-fest-nur-einen-katzensprung-von-portopiccolo-entfernt\/\",\"name\":\"San Rocco in Aurisina: Vier Tage Fest, nur einen Katzensprung von Portopiccolo entfernt - Blog\",\"isPartOf\":{\"@id\":\"https:\/\/www.portopiccoloapartments.com\/blog\/#website\"},\"primaryImageOfPage\":{\"@id\":\"https:\/\/www.portopiccoloapartments.com\/blog\/de\/san-rocco-in-aurisina-vier-tage-fest-nur-einen-katzensprung-von-portopiccolo-entfernt\/#primaryimage\"},\"image\":{\"@id\":\"https:\/\/www.portopiccoloapartments.com\/blog\/de\/san-rocco-in-aurisina-vier-tage-fest-nur-einen-katzensprung-von-portopiccolo-entfernt\/#primaryimage\"},\"thumbnailUrl\":\"https:\/\/www.portopiccoloapartments.com\/blog\/wp-content\/uploads\/2025\/08\/IMG-20250813-WA0073-scaled.jpg\",\"datePublished\":\"2025-08-15T09:59:57+00:00\",\"dateModified\":\"2025-08-16T07:22:53+00:00\",\"author\":{\"@id\":\"https:\/\/www.portopiccoloapartments.com\/blog\/#\/schema\/person\/61d8286d97391fc95a71ef6b3d87b890\"},\"breadcrumb\":{\"@id\":\"https:\/\/www.portopiccoloapartments.com\/blog\/de\/san-rocco-in-aurisina-vier-tage-fest-nur-einen-katzensprung-von-portopiccolo-entfernt\/#breadcrumb\"},\"inLanguage\":\"de\",\"potentialAction\":[{\"@type\":\"ReadAction\",\"target\":[\"https:\/\/www.portopiccoloapartments.com\/blog\/de\/san-rocco-in-aurisina-vier-tage-fest-nur-einen-katzensprung-von-portopiccolo-entfernt\/\"]}]},{\"@type\":\"ImageObject\",\"inLanguage\":\"de\",\"@id\":\"https:\/\/www.portopiccoloapartments.com\/blog\/de\/san-rocco-in-aurisina-vier-tage-fest-nur-einen-katzensprung-von-portopiccolo-entfernt\/#primaryimage\",\"url\":\"https:\/\/www.portopiccoloapartments.com\/blog\/wp-content\/uploads\/2025\/08\/IMG-20250813-WA0073-scaled.jpg\",\"contentUrl\":\"https:\/\/www.portopiccoloapartments.com\/blog\/wp-content\/uploads\/2025\/08\/IMG-20250813-WA0073-scaled.jpg\",\"width\":2560,\"height\":1146},{\"@type\":\"BreadcrumbList\",\"@id\":\"https:\/\/www.portopiccoloapartments.com\/blog\/de\/san-rocco-in-aurisina-vier-tage-fest-nur-einen-katzensprung-von-portopiccolo-entfernt\/#breadcrumb\",\"itemListElement\":[{\"@type\":\"ListItem\",\"position\":1,\"name\":\"Portada\",\"item\":\"https:\/\/www.portopiccoloapartments.com\/blog\/\"},{\"@type\":\"ListItem\",\"position\":2,\"name\":\"San Rocco in Aurisina: Vier Tage Fest, nur einen Katzensprung von Portopiccolo entfernt\"}]},{\"@type\":\"WebSite\",\"@id\":\"https:\/\/www.portopiccoloapartments.com\/blog\/#website\",\"url\":\"https:\/\/www.portopiccoloapartments.com\/blog\/\",\"name\":\"Blog\",\"description\":\"Portopiccoloapartments\",\"potentialAction\":[{\"@type\":\"SearchAction\",\"target\":{\"@type\":\"EntryPoint\",\"urlTemplate\":\"https:\/\/www.portopiccoloapartments.com\/blog\/?s={search_term_string}\"},\"query-input\":\"required name=search_term_string\"}],\"inLanguage\":\"de\"},{\"@type\":\"Person\",\"@id\":\"https:\/\/www.portopiccoloapartments.com\/blog\/#\/schema\/person\/61d8286d97391fc95a71ef6b3d87b890\",\"name\":\"portopiccoloapartments\",\"image\":{\"@type\":\"ImageObject\",\"inLanguage\":\"de\",\"@id\":\"https:\/\/www.portopiccoloapartments.com\/blog\/#\/schema\/person\/image\/\",\"url\":\"https:\/\/secure.gravatar.com\/avatar\/66183d990d4f136eb771e77d3a7da5bfa1e9d3add48bb98e18074e4d39cd2b10?s=96&d=mm&r=g\",\"contentUrl\":\"https:\/\/secure.gravatar.com\/avatar\/66183d990d4f136eb771e77d3a7da5bfa1e9d3add48bb98e18074e4d39cd2b10?s=96&d=mm&r=g\",\"caption\":\"portopiccoloapartments\"},\"url\":\"https:\/\/www.portopiccoloapartments.com\/blog\/de\/author\/portopiccoloapartments\/\"}]}<\/script>\n<!-- \/ Yoast SEO plugin. -->","yoast_head_json":{"title":"San Rocco in Aurisina: Vier Tage Fest, nur einen Katzensprung von Portopiccolo entfernt - Blog","robots":{"index":"index","follow":"follow","max-snippet":"max-snippet:-1","max-image-preview":"max-image-preview:large","max-video-preview":"max-video-preview:-1"},"canonical":"https:\/\/www.portopiccoloapartments.com\/blog\/de\/san-rocco-in-aurisina-vier-tage-fest-nur-einen-katzensprung-von-portopiccolo-entfernt\/","og_locale":"de_DE","og_type":"article","og_title":"San Rocco in Aurisina: Vier Tage Fest, nur einen Katzensprung von Portopiccolo entfernt - Blog","og_description":"San Rocco in Aurisina: Vier Tage Fest, nur einen Katzensprung von Portopiccolo entfernt Vom\u00a014. bis 17. August, weniger als zehn...","og_url":"https:\/\/www.portopiccoloapartments.com\/blog\/de\/san-rocco-in-aurisina-vier-tage-fest-nur-einen-katzensprung-von-portopiccolo-entfernt\/","og_site_name":"Blog","article_published_time":"2025-08-15T09:59:57+00:00","article_modified_time":"2025-08-16T07:22:53+00:00","og_image":[{"width":2560,"height":1146,"url":"https:\/\/www.portopiccoloapartments.com\/blog\/wp-content\/uploads\/2025\/08\/IMG-20250813-WA0073-scaled.jpg","type":"image\/jpeg"}],"author":"portopiccoloapartments","twitter_card":"summary_large_image","twitter_misc":{"Verfasst von":"portopiccoloapartments","Gesch\u00e4tzte Lesezeit":"2\u00a0Minuten"},"schema":{"@context":"https:\/\/schema.org","@graph":[{"@type":"WebPage","@id":"https:\/\/www.portopiccoloapartments.com\/blog\/de\/san-rocco-in-aurisina-vier-tage-fest-nur-einen-katzensprung-von-portopiccolo-entfernt\/","url":"https:\/\/www.portopiccoloapartments.com\/blog\/de\/san-rocco-in-aurisina-vier-tage-fest-nur-einen-katzensprung-von-portopiccolo-entfernt\/","name":"San Rocco in Aurisina: Vier Tage Fest, nur einen Katzensprung von Portopiccolo entfernt - Blog","isPartOf":{"@id":"https:\/\/www.portopiccoloapartments.com\/blog\/#website"},"primaryImageOfPage":{"@id":"https:\/\/www.portopiccoloapartments.com\/blog\/de\/san-rocco-in-aurisina-vier-tage-fest-nur-einen-katzensprung-von-portopiccolo-entfernt\/#primaryimage"},"image":{"@id":"https:\/\/www.portopiccoloapartments.com\/blog\/de\/san-rocco-in-aurisina-vier-tage-fest-nur-einen-katzensprung-von-portopiccolo-entfernt\/#primaryimage"},"thumbnailUrl":"https:\/\/www.portopiccoloapartments.com\/blog\/wp-content\/uploads\/2025\/08\/IMG-20250813-WA0073-scaled.jpg","datePublished":"2025-08-15T09:59:57+00:00","dateModified":"2025-08-16T07:22:53+00:00","author":{"@id":"https:\/\/www.portopiccoloapartments.com\/blog\/#\/schema\/person\/61d8286d97391fc95a71ef6b3d87b890"},"breadcrumb":{"@id":"https:\/\/www.portopiccoloapartments.com\/blog\/de\/san-rocco-in-aurisina-vier-tage-fest-nur-einen-katzensprung-von-portopiccolo-entfernt\/#breadcrumb"},"inLanguage":"de","potentialAction":[{"@type":"ReadAction","target":["https:\/\/www.portopiccoloapartments.com\/blog\/de\/san-rocco-in-aurisina-vier-tage-fest-nur-einen-katzensprung-von-portopiccolo-entfernt\/"]}]},{"@type":"ImageObject","inLanguage":"de","@id":"https:\/\/www.portopiccoloapartments.com\/blog\/de\/san-rocco-in-aurisina-vier-tage-fest-nur-einen-katzensprung-von-portopiccolo-entfernt\/#primaryimage","url":"https:\/\/www.portopiccoloapartments.com\/blog\/wp-content\/uploads\/2025\/08\/IMG-20250813-WA0073-scaled.jpg","contentUrl":"https:\/\/www.portopiccoloapartments.com\/blog\/wp-content\/uploads\/2025\/08\/IMG-20250813-WA0073-scaled.jpg","width":2560,"height":1146},{"@type":"BreadcrumbList","@id":"https:\/\/www.portopiccoloapartments.com\/blog\/de\/san-rocco-in-aurisina-vier-tage-fest-nur-einen-katzensprung-von-portopiccolo-entfernt\/#breadcrumb","itemListElement":[{"@type":"ListItem","position":1,"name":"Portada","item":"https:\/\/www.portopiccoloapartments.com\/blog\/"},{"@type":"ListItem","position":2,"name":"San Rocco in Aurisina: Vier Tage Fest, nur einen Katzensprung von Portopiccolo entfernt"}]},{"@type":"WebSite","@id":"https:\/\/www.portopiccoloapartments.com\/blog\/#website","url":"https:\/\/www.portopiccoloapartments.com\/blog\/","name":"Blog","description":"Portopiccoloapartments","potentialAction":[{"@type":"SearchAction","target":{"@type":"EntryPoint","urlTemplate":"https:\/\/www.portopiccoloapartments.com\/blog\/?s={search_term_string}"},"query-input":"required name=search_term_string"}],"inLanguage":"de"},{"@type":"Person","@id":"https:\/\/www.portopiccoloapartments.com\/blog\/#\/schema\/person\/61d8286d97391fc95a71ef6b3d87b890","name":"portopiccoloapartments","image":{"@type":"ImageObject","inLanguage":"de","@id":"https:\/\/www.portopiccoloapartments.com\/blog\/#\/schema\/person\/image\/","url":"https:\/\/secure.gravatar.com\/avatar\/66183d990d4f136eb771e77d3a7da5bfa1e9d3add48bb98e18074e4d39cd2b10?s=96&d=mm&r=g","contentUrl":"https:\/\/secure.gravatar.com\/avatar\/66183d990d4f136eb771e77d3a7da5bfa1e9d3add48bb98e18074e4d39cd2b10?s=96&d=mm&r=g","caption":"portopiccoloapartments"},"url":"https:\/\/www.portopiccoloapartments.com\/blog\/de\/author\/portopiccoloapartments\/"}]}},"_links":{"self":[{"href":"https:\/\/www.portopiccoloapartments.com\/blog\/de\/wp-json\/wp\/v2\/posts\/2003","targetHints":{"allow":["GET"]}}],"collection":[{"href":"https:\/\/www.portopiccoloapartments.com\/blog\/de\/wp-json\/wp\/v2\/posts"}],"about":[{"href":"https:\/\/www.portopiccoloapartments.com\/blog\/de\/wp-json\/wp\/v2\/types\/post"}],"author":[{"embeddable":true,"href":"https:\/\/www.portopiccoloapartments.com\/blog\/de\/wp-json\/wp\/v2\/users\/2"}],"replies":[{"embeddable":true,"href":"https:\/\/www.portopiccoloapartments.com\/blog\/de\/wp-json\/wp\/v2\/comments?post=2003"}],"version-history":[{"count":17,"href":"https:\/\/www.portopiccoloapartments.com\/blog\/de\/wp-json\/wp\/v2\/posts\/2003\/revisions"}],"predecessor-version":[{"id":2057,"href":"https:\/\/www.portopiccoloapartments.com\/blog\/de\/wp-json\/wp\/v2\/posts\/2003\/revisions\/2057"}],"wp:featuredmedia":[{"embeddable":true,"href":"https:\/\/www.portopiccoloapartments.com\/blog\/de\/wp-json\/wp\/v2\/media\/1998"}],"wp:attachment":[{"href":"https:\/\/www.portopiccoloapartments.com\/blog\/de\/wp-json\/wp\/v2\/media?parent=2003"}],"wp:term":[{"taxonomy":"category","embeddable":true,"href":"https:\/\/www.portopiccoloapartments.com\/blog\/de\/wp-json\/wp\/v2\/categories?post=2003"},{"taxonomy":"post_tag","embeddable":true,"href":"https:\/\/www.portopiccoloapartments.com\/blog\/de\/wp-json\/wp\/v2\/tags?post=2003"}],"curies":[{"name":"wp","href":"https:\/\/api.w.org\/{rel}","templated":true}]}}