{"id":2069,"date":"2025-09-13T10:55:03","date_gmt":"2025-09-13T10:55:03","guid":{"rendered":"https:\/\/www.portopiccoloapartments.com\/blog\/?p=2069"},"modified":"2025-09-13T12:34:03","modified_gmt":"2025-09-13T12:34:03","slug":"la-magia-della-barcolana-vissuta-a-portopiccolo-apartments-un-trofeo-speciale-dal-6-ottobre","status":"publish","type":"post","link":"https:\/\/www.portopiccoloapartments.com\/blog\/de\/la-magia-della-barcolana-vissuta-a-portopiccolo-apartments-un-trofeo-speciale-dal-6-ottobre\/","title":{"rendered":"Die Magie der Barcolana 2025 in den Portopiccolo Apartments: Ein spezieller Pokal ab 6. Oktober"},"content":{"rendered":"\t\t<div data-elementor-type=\"wp-post\" data-elementor-id=\"2069\" class=\"elementor elementor-2069 elementor-2063\">\n\t\t\t\t<div class=\"elementor-element elementor-element-9c5f25f e-flex e-con-boxed e-con e-parent\" data-id=\"9c5f25f\" data-element_type=\"container\" data-core-v316-plus=\"true\">\n\t\t\t\t\t<div class=\"e-con-inner\">\n\t\t\t\t<div class=\"elementor-element elementor-element-7cd9285 elementor-widget elementor-widget-heading\" data-id=\"7cd9285\" data-element_type=\"widget\" data-widget_type=\"heading.default\">\n\t\t\t\t<div class=\"elementor-widget-container\">\n\t\t\t<style>\/*! elementor - v3.20.0 - 10-04-2024 *\/\n.elementor-heading-title{padding:0;margin:0;line-height:1}.elementor-widget-heading .elementor-heading-title[class*=elementor-size-]>a{color:inherit;font-size:inherit;line-height:inherit}.elementor-widget-heading .elementor-heading-title.elementor-size-small{font-size:15px}.elementor-widget-heading .elementor-heading-title.elementor-size-medium{font-size:19px}.elementor-widget-heading .elementor-heading-title.elementor-size-large{font-size:29px}.elementor-widget-heading .elementor-heading-title.elementor-size-xl{font-size:39px}.elementor-widget-heading .elementor-heading-title.elementor-size-xxl{font-size:59px}<\/style><h2 class=\"elementor-heading-title elementor-size-default\">Die Magie der Barcolana 2025 in den Portopiccolo Apartments: Ein spezieller Pokal ab 6. Oktober<\/h2>\t\t<\/div>\n\t\t\t\t<\/div>\n\t\t\t\t<div class=\"elementor-element elementor-element-ac2e7de elementor-widget elementor-widget-text-editor\" data-id=\"ac2e7de\" data-element_type=\"widget\" data-widget_type=\"text-editor.default\">\n\t\t\t\t<div class=\"elementor-widget-container\">\n\t\t\t<style>\/*! elementor - v3.20.0 - 10-04-2024 *\/\n.elementor-widget-text-editor.elementor-drop-cap-view-stacked .elementor-drop-cap{background-color:#69727d;color:#fff}.elementor-widget-text-editor.elementor-drop-cap-view-framed .elementor-drop-cap{color:#69727d;border:3px solid;background-color:transparent}.elementor-widget-text-editor:not(.elementor-drop-cap-view-default) .elementor-drop-cap{margin-top:8px}.elementor-widget-text-editor:not(.elementor-drop-cap-view-default) .elementor-drop-cap-letter{width:1em;height:1em}.elementor-widget-text-editor .elementor-drop-cap{float:left;text-align:center;line-height:1;font-size:50px}.elementor-widget-text-editor .elementor-drop-cap-letter{display:inline-block}<\/style>\t\t\t\t<p style=\"text-align: justify;\">Die <strong data-start=\"2969\" data-end=\"3006\">Barcolana57 presented by Generali<\/strong> n\u00e4hert sich 600 Teilnehmern und verspricht zwei unvergessliche Wochen voller <strong data-start=\"3084\" data-end=\"3132\">Sport, Meer und Spektakel im Golf von Triest<\/strong>. Vom <strong data-start=\"3138\" data-end=\"3165\">1. bis 11. Oktober 2025<\/strong> wird ein reichhaltiger Kalender internationaler Segelveranstaltungen Portopiccolo erneut ins Rampenlicht stellen.<\/p>\t\t\t\t\t\t<\/div>\n\t\t\t\t<\/div>\n\t\t\t\t\t<\/div>\n\t\t\t\t<\/div>\n\t\t<div class=\"elementor-element elementor-element-521c3d9 e-flex e-con-boxed e-con e-parent\" data-id=\"521c3d9\" data-element_type=\"container\" data-core-v316-plus=\"true\">\n\t\t\t\t\t<div class=\"e-con-inner\">\n\t\t\t\t<div class=\"elementor-element elementor-element-78af4b2 elementor-widget elementor-widget-heading\" data-id=\"78af4b2\" data-element_type=\"widget\" data-widget_type=\"heading.default\">\n\t\t\t\t<div class=\"elementor-widget-container\">\n\t\t\t<h3 class=\"elementor-heading-title elementor-size-default\">Barcolana Para Sailing - Eurosaf Inclusive European Chamionship 2025<\/h3>\t\t<\/div>\n\t\t\t\t<\/div>\n\t\t\t\t<div class=\"elementor-element elementor-element-87a4ab7 elementor-widget elementor-widget-text-editor\" data-id=\"87a4ab7\" data-element_type=\"widget\" data-widget_type=\"text-editor.default\">\n\t\t\t\t<div class=\"elementor-widget-container\">\n\t\t\t\t\t\t\t<p style=\"text-align: justify;\">Vom <strong data-start=\"3364\" data-end=\"3385\">1. bis 5. Oktober<\/strong> findet im Bacino Zero des Porto Vecchio die <strong data-start=\"3430\" data-end=\"3463\">Hansa 303 Europameisterschaft<\/strong> statt, organisiert zusammen mit der Societ\u00e0 Triestina della Vela. \u00dcber 40 Crews feiern Segeln als Sport f\u00fcr alle.<\/p>\t\t\t\t\t\t<\/div>\n\t\t\t\t<\/div>\n\t\t\t\t<div class=\"elementor-element elementor-element-885f3d3 elementor-widget elementor-widget-image\" data-id=\"885f3d3\" data-element_type=\"widget\" data-widget_type=\"image.default\">\n\t\t\t\t<div class=\"elementor-widget-container\">\n\t\t\t<style>\/*! elementor - v3.20.0 - 10-04-2024 *\/\n.elementor-widget-image{text-align:center}.elementor-widget-image a{display:inline-block}.elementor-widget-image a img[src$=\".svg\"]{width:48px}.elementor-widget-image img{vertical-align:middle;display:inline-block}<\/style>\t\t\t\t\t\t\t\t\t\t<img fetchpriority=\"high\" decoding=\"async\" width=\"751\" height=\"501\" src=\"https:\/\/www.portopiccoloapartments.com\/blog\/wp-content\/uploads\/2025\/09\/Barcolana-Para-Sailing-768x512.jpg\" class=\"attachment-medium_large size-medium_large wp-image-2098\" alt=\"\" srcset=\"https:\/\/www.portopiccoloapartments.com\/blog\/wp-content\/uploads\/2025\/09\/Barcolana-Para-Sailing-768x512.jpg 768w, https:\/\/www.portopiccoloapartments.com\/blog\/wp-content\/uploads\/2025\/09\/Barcolana-Para-Sailing-1536x1024.jpg 1536w, https:\/\/www.portopiccoloapartments.com\/blog\/wp-content\/uploads\/2025\/09\/Barcolana-Para-Sailing-2048x1365.jpg 2048w\" sizes=\"(max-width: 751px) 100vw, 751px\" \/>\t\t\t\t\t\t\t\t\t\t\t\t\t<\/div>\n\t\t\t\t<\/div>\n\t\t\t\t\t<\/div>\n\t\t\t\t<\/div>\n\t\t<div class=\"elementor-element elementor-element-c2f46dc e-flex e-con-boxed e-con e-parent\" data-id=\"c2f46dc\" data-element_type=\"container\" data-core-v316-plus=\"true\">\n\t\t\t\t\t<div class=\"e-con-inner\">\n\t\t\t\t<div class=\"elementor-element elementor-element-35decfe elementor-widget elementor-widget-heading\" data-id=\"35decfe\" data-element_type=\"widget\" data-widget_type=\"heading.default\">\n\t\t\t\t<div class=\"elementor-widget-container\">\n\t\t\t<h3 class=\"elementor-heading-title elementor-size-default\">Barcolana Solaris Adriatic Cup<\/h3>\t\t<\/div>\n\t\t\t\t<\/div>\n\t\t\t\t<div class=\"elementor-element elementor-element-97a8e17 elementor-widget elementor-widget-text-editor\" data-id=\"97a8e17\" data-element_type=\"widget\" data-widget_type=\"text-editor.default\">\n\t\t\t\t<div class=\"elementor-widget-container\">\n\t\t\t\t\t\t\t<p style=\"text-align: justify;\">Am <strong data-start=\"3622\" data-end=\"3644\">9. und 10. Oktober<\/strong> kehrt das Solaris-Rennen zur\u00fcck \u2013 ein sportliches Fest mit ORC-Rennen und geselligen Momenten an den Rive von Triest.<\/p>\t\t\t\t\t\t<\/div>\n\t\t\t\t<\/div>\n\t\t\t\t\t<\/div>\n\t\t\t\t<\/div>\n\t\t<div class=\"elementor-element elementor-element-78ccbdc e-flex e-con-boxed e-con e-parent\" data-id=\"78ccbdc\" data-element_type=\"container\" data-core-v316-plus=\"true\">\n\t\t\t\t\t<div class=\"e-con-inner\">\n\t\t\t\t<div class=\"elementor-element elementor-element-d932df4 elementor-widget elementor-widget-heading\" data-id=\"d932df4\" data-element_type=\"widget\" data-widget_type=\"heading.default\">\n\t\t\t\t<div class=\"elementor-widget-container\">\n\t\t\t<h3 class=\"elementor-heading-title elementor-size-default\">Barcolana Maxi \u2013 Portopiccolo-Pokal<\/h3>\t\t<\/div>\n\t\t\t\t<\/div>\n\t\t\t\t<div class=\"elementor-element elementor-element-8294a96 elementor-widget elementor-widget-text-editor\" data-id=\"8294a96\" data-element_type=\"widget\" data-widget_type=\"text-editor.default\">\n\t\t\t\t<div class=\"elementor-widget-container\">\n\t\t\t\t\t\t\t<p style=\"text-align: justify;\">Ab dem <strong data-start=\"3816\" data-end=\"3830\">6. Oktober<\/strong> beginnt die Herausforderung f\u00fcr Boote \u00fcber 16 Meter. In der <strong data-start=\"3891\" data-end=\"3910\">neunten Auflage<\/strong> ist der <strong data-start=\"3919\" data-end=\"3958\">Barcolana Maxi \u2013 Portopiccolo-Pokal<\/strong> ein Kult-Event mit ORC-Rennen und der M\u00f6glichkeit, die Route des Herbstpokals vorab zu testen.<\/p>\t\t\t\t\t\t<\/div>\n\t\t\t\t<\/div>\n\t\t\t\t\t<\/div>\n\t\t\t\t<\/div>\n\t\t<div class=\"elementor-element elementor-element-3c13971 e-flex e-con-boxed e-con e-parent\" data-id=\"3c13971\" data-element_type=\"container\" data-core-v316-plus=\"true\">\n\t\t\t\t\t<div class=\"e-con-inner\">\n\t\t\t\t<div class=\"elementor-element elementor-element-4977452 elementor-widget elementor-widget-heading\" data-id=\"4977452\" data-element_type=\"widget\" data-widget_type=\"heading.default\">\n\t\t\t\t<div class=\"elementor-widget-container\">\n\t\t\t<h3 class=\"elementor-heading-title elementor-size-default\">Barcolana TriEste24<\/h3>\t\t<\/div>\n\t\t\t\t<\/div>\n\t\t\t\t<div class=\"elementor-element elementor-element-fefe83e elementor-widget elementor-widget-text-editor\" data-id=\"fefe83e\" data-element_type=\"widget\" data-widget_type=\"text-editor.default\">\n\t\t\t\t<div class=\"elementor-widget-container\">\n\t\t\t\t\t\t\t<p data-start=\"4084\" data-end=\"4391\">Ab dem <strong data-start=\"4091\" data-end=\"4107\">1. September<\/strong> \u00f6ffnen die Anmeldungen f\u00fcr die erste <strong data-start=\"4145\" data-end=\"4175\">Este24 Europameisterschaft<\/strong>, die vom <strong data-start=\"4185\" data-end=\"4207\">9. bis 11. Oktober<\/strong> stattfindet. Das Event ist Teil des italienischen Circuits und beinhaltet klassische Regatten sowie ein <strong data-start=\"4312\" data-end=\"4329\">Stadionrennen<\/strong> am 10. Oktober, gefolgt von der Teilnahme an der Barcolana.<\/p><p data-start=\"4393\" data-end=\"4480\">Weitere Informationen und Anmeldung: <a class=\"decorated-link\" href=\"https:\/\/www.barcolana.it\" target=\"_new\" rel=\"noopener\" data-start=\"4433\" data-end=\"4477\">www.barcolana.it<\/a>.<\/p>\t\t\t\t\t\t<\/div>\n\t\t\t\t<\/div>\n\t\t\t\t\t<\/div>\n\t\t\t\t<\/div>\n\t\t<div class=\"elementor-element elementor-element-ab29f46 e-flex e-con-boxed e-con e-parent\" data-id=\"ab29f46\" data-element_type=\"container\" data-core-v316-plus=\"true\">\n\t\t\t\t\t<div class=\"e-con-inner\">\n\t\t\t\t<div class=\"elementor-element elementor-element-526726e elementor-widget elementor-widget-heading\" data-id=\"526726e\" data-element_type=\"widget\" data-widget_type=\"heading.default\">\n\t\t\t\t<div class=\"elementor-widget-container\">\n\t\t\t<h3 class=\"elementor-heading-title elementor-size-default\">Portopiccolo: Herz der Barcolana<\/h3>\t\t<\/div>\n\t\t\t\t<\/div>\n\t\t\t\t<div class=\"elementor-element elementor-element-422f614 elementor-widget elementor-widget-text-editor\" data-id=\"422f614\" data-element_type=\"widget\" data-widget_type=\"text-editor.default\">\n\t\t\t\t<div class=\"elementor-widget-container\">\n\t\t\t\t\t\t\t<p data-start=\"4522\" data-end=\"4725\">W\u00e4hrend der Veranstaltung wird <strong data-start=\"4553\" data-end=\"4569\">Portopiccolo<\/strong> zum Treffpunkt f\u00fcr Crews, Bootsbesitzer und Enthusiasten und best\u00e4tigt seine Rolle als Zentrum f\u00fcr <strong data-start=\"4669\" data-end=\"4703\">Gastfreundschaft und Lifestyle<\/strong> im Golf von Triest.<\/p><p data-start=\"4727\" data-end=\"4940\">\ud83c\udf0a <strong data-start=\"4730\" data-end=\"4786\">M\u00f6chten Sie die Magie der Barcolana hautnah erleben?<\/strong><br data-start=\"4786\" data-end=\"4789\" \/>Entdecken Sie die <a href=\"https:\/\/www.portopiccoloapartments.com\/de\/\"><strong data-start=\"4807\" data-end=\"4834\">Portopiccolo Apartments<\/strong><\/a>, verf\u00fcgbar w\u00e4hrend der Veranstaltung, und buchen Sie Ihr exklusives Erlebnis im Herzen des Mittelmeers.<\/p>\t\t\t\t\t\t<\/div>\n\t\t\t\t<\/div>\n\t\t\t\t\t<\/div>\n\t\t\t\t<\/div>\n\t\t\t\t<\/div>\n\t\t","protected":false},"excerpt":{"rendered":"<p>Die Magie der Barcolana 2025 in den Portopiccolo Apartments: Ein spezieller Pokal ab 6. Oktober Die Barcolana57 presented by Generali&#8230;<\/p>\n","protected":false},"author":2,"featured_media":2083,"comment_status":"open","ping_status":"open","sticky":false,"template":"","format":"standard","meta":{"footnotes":""},"categories":[39],"tags":[119,122,120,64],"class_list":["post-2069","post","type-post","status-publish","format-standard","has-post-thumbnail","hentry","category-lebensstil","tag-barcolana-2025-3-de","tag-barcolana57-de","tag-golfo-di-trieste-de","tag-portopiccolo-apartments-de"],"yoast_head":"<!-- This site is optimized with the Yoast SEO plugin v22.4 - https:\/\/yoast.com\/wordpress\/plugins\/seo\/ -->\n<title>Barcolana 2025: Erleben Sie das Event in Portopiccolo Apartments<\/title>\n<meta name=\"description\" content=\"Entdecken Sie die Magie der Barcolana 2025 in Triest. Segeln, Events und exklusive Unterk\u00fcnfte in den Portopiccolo Apartments. Jetzt buchen!\" \/>\n<meta name=\"robots\" content=\"index, follow, max-snippet:-1, max-image-preview:large, max-video-preview:-1\" \/>\n<link rel=\"canonical\" href=\"https:\/\/www.portopiccoloapartments.com\/blog\/de\/la-magia-della-barcolana-vissuta-a-portopiccolo-apartments-un-trofeo-speciale-dal-6-ottobre\/\" \/>\n<meta property=\"og:locale\" content=\"de_DE\" \/>\n<meta property=\"og:type\" content=\"article\" \/>\n<meta property=\"og:title\" content=\"Barcolana 2025: Erleben Sie das Event in Portopiccolo Apartments\" \/>\n<meta property=\"og:description\" content=\"Entdecken Sie die Magie der Barcolana 2025 in Triest. Segeln, Events und exklusive Unterk\u00fcnfte in den Portopiccolo Apartments. Jetzt buchen!\" \/>\n<meta property=\"og:url\" content=\"https:\/\/www.portopiccoloapartments.com\/blog\/de\/la-magia-della-barcolana-vissuta-a-portopiccolo-apartments-un-trofeo-speciale-dal-6-ottobre\/\" \/>\n<meta property=\"og:site_name\" content=\"Blog\" \/>\n<meta property=\"article:published_time\" content=\"2025-09-13T10:55:03+00:00\" \/>\n<meta property=\"article:modified_time\" content=\"2025-09-13T12:34:03+00:00\" \/>\n<meta property=\"og:image\" content=\"https:\/\/www.portopiccoloapartments.com\/blog\/wp-content\/uploads\/2025\/09\/Barcolana-Maxi-scaled.jpg\" \/>\n\t<meta property=\"og:image:width\" content=\"2560\" \/>\n\t<meta property=\"og:image:height\" content=\"1636\" \/>\n\t<meta property=\"og:image:type\" content=\"image\/jpeg\" \/>\n<meta name=\"author\" content=\"portopiccoloapartments\" \/>\n<meta name=\"twitter:card\" content=\"summary_large_image\" \/>\n<meta name=\"twitter:label1\" content=\"Verfasst von\" \/>\n\t<meta name=\"twitter:data1\" content=\"portopiccoloapartments\" \/>\n\t<meta name=\"twitter:label2\" content=\"Gesch\u00e4tzte Lesezeit\" \/>\n\t<meta name=\"twitter:data2\" content=\"2\u00a0Minuten\" \/>\n<script type=\"application\/ld+json\" class=\"yoast-schema-graph\">{\"@context\":\"https:\/\/schema.org\",\"@graph\":[{\"@type\":\"WebPage\",\"@id\":\"https:\/\/www.portopiccoloapartments.com\/blog\/de\/la-magia-della-barcolana-vissuta-a-portopiccolo-apartments-un-trofeo-speciale-dal-6-ottobre\/\",\"url\":\"https:\/\/www.portopiccoloapartments.com\/blog\/de\/la-magia-della-barcolana-vissuta-a-portopiccolo-apartments-un-trofeo-speciale-dal-6-ottobre\/\",\"name\":\"Barcolana 2025: Erleben Sie das Event in Portopiccolo Apartments\",\"isPartOf\":{\"@id\":\"https:\/\/www.portopiccoloapartments.com\/blog\/#website\"},\"primaryImageOfPage\":{\"@id\":\"https:\/\/www.portopiccoloapartments.com\/blog\/de\/la-magia-della-barcolana-vissuta-a-portopiccolo-apartments-un-trofeo-speciale-dal-6-ottobre\/#primaryimage\"},\"image\":{\"@id\":\"https:\/\/www.portopiccoloapartments.com\/blog\/de\/la-magia-della-barcolana-vissuta-a-portopiccolo-apartments-un-trofeo-speciale-dal-6-ottobre\/#primaryimage\"},\"thumbnailUrl\":\"https:\/\/www.portopiccoloapartments.com\/blog\/wp-content\/uploads\/2025\/09\/Barcolana-Maxi-scaled.jpg\",\"datePublished\":\"2025-09-13T10:55:03+00:00\",\"dateModified\":\"2025-09-13T12:34:03+00:00\",\"author\":{\"@id\":\"https:\/\/www.portopiccoloapartments.com\/blog\/#\/schema\/person\/61d8286d97391fc95a71ef6b3d87b890\"},\"description\":\"Entdecken Sie die Magie der Barcolana 2025 in Triest. Segeln, Events und exklusive Unterk\u00fcnfte in den Portopiccolo Apartments. Jetzt buchen!\",\"breadcrumb\":{\"@id\":\"https:\/\/www.portopiccoloapartments.com\/blog\/de\/la-magia-della-barcolana-vissuta-a-portopiccolo-apartments-un-trofeo-speciale-dal-6-ottobre\/#breadcrumb\"},\"inLanguage\":\"de\",\"potentialAction\":[{\"@type\":\"ReadAction\",\"target\":[\"https:\/\/www.portopiccoloapartments.com\/blog\/de\/la-magia-della-barcolana-vissuta-a-portopiccolo-apartments-un-trofeo-speciale-dal-6-ottobre\/\"]}]},{\"@type\":\"ImageObject\",\"inLanguage\":\"de\",\"@id\":\"https:\/\/www.portopiccoloapartments.com\/blog\/de\/la-magia-della-barcolana-vissuta-a-portopiccolo-apartments-un-trofeo-speciale-dal-6-ottobre\/#primaryimage\",\"url\":\"https:\/\/www.portopiccoloapartments.com\/blog\/wp-content\/uploads\/2025\/09\/Barcolana-Maxi-scaled.jpg\",\"contentUrl\":\"https:\/\/www.portopiccoloapartments.com\/blog\/wp-content\/uploads\/2025\/09\/Barcolana-Maxi-scaled.jpg\",\"width\":2560,\"height\":1636},{\"@type\":\"BreadcrumbList\",\"@id\":\"https:\/\/www.portopiccoloapartments.com\/blog\/de\/la-magia-della-barcolana-vissuta-a-portopiccolo-apartments-un-trofeo-speciale-dal-6-ottobre\/#breadcrumb\",\"itemListElement\":[{\"@type\":\"ListItem\",\"position\":1,\"name\":\"Portada\",\"item\":\"https:\/\/www.portopiccoloapartments.com\/blog\/\"},{\"@type\":\"ListItem\",\"position\":2,\"name\":\"Die Magie der Barcolana 2025 in den Portopiccolo Apartments: Ein spezieller Pokal ab 6. Oktober\"}]},{\"@type\":\"WebSite\",\"@id\":\"https:\/\/www.portopiccoloapartments.com\/blog\/#website\",\"url\":\"https:\/\/www.portopiccoloapartments.com\/blog\/\",\"name\":\"Blog\",\"description\":\"Portopiccoloapartments\",\"potentialAction\":[{\"@type\":\"SearchAction\",\"target\":{\"@type\":\"EntryPoint\",\"urlTemplate\":\"https:\/\/www.portopiccoloapartments.com\/blog\/?s={search_term_string}\"},\"query-input\":\"required name=search_term_string\"}],\"inLanguage\":\"de\"},{\"@type\":\"Person\",\"@id\":\"https:\/\/www.portopiccoloapartments.com\/blog\/#\/schema\/person\/61d8286d97391fc95a71ef6b3d87b890\",\"name\":\"portopiccoloapartments\",\"image\":{\"@type\":\"ImageObject\",\"inLanguage\":\"de\",\"@id\":\"https:\/\/www.portopiccoloapartments.com\/blog\/#\/schema\/person\/image\/\",\"url\":\"https:\/\/secure.gravatar.com\/avatar\/66183d990d4f136eb771e77d3a7da5bfa1e9d3add48bb98e18074e4d39cd2b10?s=96&d=mm&r=g\",\"contentUrl\":\"https:\/\/secure.gravatar.com\/avatar\/66183d990d4f136eb771e77d3a7da5bfa1e9d3add48bb98e18074e4d39cd2b10?s=96&d=mm&r=g\",\"caption\":\"portopiccoloapartments\"},\"url\":\"https:\/\/www.portopiccoloapartments.com\/blog\/de\/author\/portopiccoloapartments\/\"}]}<\/script>\n<!-- \/ Yoast SEO plugin. -->","yoast_head_json":{"title":"Barcolana 2025: Erleben Sie das Event in Portopiccolo Apartments","description":"Entdecken Sie die Magie der Barcolana 2025 in Triest. Segeln, Events und exklusive Unterk\u00fcnfte in den Portopiccolo Apartments. Jetzt buchen!","robots":{"index":"index","follow":"follow","max-snippet":"max-snippet:-1","max-image-preview":"max-image-preview:large","max-video-preview":"max-video-preview:-1"},"canonical":"https:\/\/www.portopiccoloapartments.com\/blog\/de\/la-magia-della-barcolana-vissuta-a-portopiccolo-apartments-un-trofeo-speciale-dal-6-ottobre\/","og_locale":"de_DE","og_type":"article","og_title":"Barcolana 2025: Erleben Sie das Event in Portopiccolo Apartments","og_description":"Entdecken Sie die Magie der Barcolana 2025 in Triest. Segeln, Events und exklusive Unterk\u00fcnfte in den Portopiccolo Apartments. Jetzt buchen!","og_url":"https:\/\/www.portopiccoloapartments.com\/blog\/de\/la-magia-della-barcolana-vissuta-a-portopiccolo-apartments-un-trofeo-speciale-dal-6-ottobre\/","og_site_name":"Blog","article_published_time":"2025-09-13T10:55:03+00:00","article_modified_time":"2025-09-13T12:34:03+00:00","og_image":[{"width":2560,"height":1636,"url":"https:\/\/www.portopiccoloapartments.com\/blog\/wp-content\/uploads\/2025\/09\/Barcolana-Maxi-scaled.jpg","type":"image\/jpeg"}],"author":"portopiccoloapartments","twitter_card":"summary_large_image","twitter_misc":{"Verfasst von":"portopiccoloapartments","Gesch\u00e4tzte Lesezeit":"2\u00a0Minuten"},"schema":{"@context":"https:\/\/schema.org","@graph":[{"@type":"WebPage","@id":"https:\/\/www.portopiccoloapartments.com\/blog\/de\/la-magia-della-barcolana-vissuta-a-portopiccolo-apartments-un-trofeo-speciale-dal-6-ottobre\/","url":"https:\/\/www.portopiccoloapartments.com\/blog\/de\/la-magia-della-barcolana-vissuta-a-portopiccolo-apartments-un-trofeo-speciale-dal-6-ottobre\/","name":"Barcolana 2025: Erleben Sie das Event in Portopiccolo Apartments","isPartOf":{"@id":"https:\/\/www.portopiccoloapartments.com\/blog\/#website"},"primaryImageOfPage":{"@id":"https:\/\/www.portopiccoloapartments.com\/blog\/de\/la-magia-della-barcolana-vissuta-a-portopiccolo-apartments-un-trofeo-speciale-dal-6-ottobre\/#primaryimage"},"image":{"@id":"https:\/\/www.portopiccoloapartments.com\/blog\/de\/la-magia-della-barcolana-vissuta-a-portopiccolo-apartments-un-trofeo-speciale-dal-6-ottobre\/#primaryimage"},"thumbnailUrl":"https:\/\/www.portopiccoloapartments.com\/blog\/wp-content\/uploads\/2025\/09\/Barcolana-Maxi-scaled.jpg","datePublished":"2025-09-13T10:55:03+00:00","dateModified":"2025-09-13T12:34:03+00:00","author":{"@id":"https:\/\/www.portopiccoloapartments.com\/blog\/#\/schema\/person\/61d8286d97391fc95a71ef6b3d87b890"},"description":"Entdecken Sie die Magie der Barcolana 2025 in Triest. Segeln, Events und exklusive Unterk\u00fcnfte in den Portopiccolo Apartments. Jetzt buchen!","breadcrumb":{"@id":"https:\/\/www.portopiccoloapartments.com\/blog\/de\/la-magia-della-barcolana-vissuta-a-portopiccolo-apartments-un-trofeo-speciale-dal-6-ottobre\/#breadcrumb"},"inLanguage":"de","potentialAction":[{"@type":"ReadAction","target":["https:\/\/www.portopiccoloapartments.com\/blog\/de\/la-magia-della-barcolana-vissuta-a-portopiccolo-apartments-un-trofeo-speciale-dal-6-ottobre\/"]}]},{"@type":"ImageObject","inLanguage":"de","@id":"https:\/\/www.portopiccoloapartments.com\/blog\/de\/la-magia-della-barcolana-vissuta-a-portopiccolo-apartments-un-trofeo-speciale-dal-6-ottobre\/#primaryimage","url":"https:\/\/www.portopiccoloapartments.com\/blog\/wp-content\/uploads\/2025\/09\/Barcolana-Maxi-scaled.jpg","contentUrl":"https:\/\/www.portopiccoloapartments.com\/blog\/wp-content\/uploads\/2025\/09\/Barcolana-Maxi-scaled.jpg","width":2560,"height":1636},{"@type":"BreadcrumbList","@id":"https:\/\/www.portopiccoloapartments.com\/blog\/de\/la-magia-della-barcolana-vissuta-a-portopiccolo-apartments-un-trofeo-speciale-dal-6-ottobre\/#breadcrumb","itemListElement":[{"@type":"ListItem","position":1,"name":"Portada","item":"https:\/\/www.portopiccoloapartments.com\/blog\/"},{"@type":"ListItem","position":2,"name":"Die Magie der Barcolana 2025 in den Portopiccolo Apartments: Ein spezieller Pokal ab 6. Oktober"}]},{"@type":"WebSite","@id":"https:\/\/www.portopiccoloapartments.com\/blog\/#website","url":"https:\/\/www.portopiccoloapartments.com\/blog\/","name":"Blog","description":"Portopiccoloapartments","potentialAction":[{"@type":"SearchAction","target":{"@type":"EntryPoint","urlTemplate":"https:\/\/www.portopiccoloapartments.com\/blog\/?s={search_term_string}"},"query-input":"required name=search_term_string"}],"inLanguage":"de"},{"@type":"Person","@id":"https:\/\/www.portopiccoloapartments.com\/blog\/#\/schema\/person\/61d8286d97391fc95a71ef6b3d87b890","name":"portopiccoloapartments","image":{"@type":"ImageObject","inLanguage":"de","@id":"https:\/\/www.portopiccoloapartments.com\/blog\/#\/schema\/person\/image\/","url":"https:\/\/secure.gravatar.com\/avatar\/66183d990d4f136eb771e77d3a7da5bfa1e9d3add48bb98e18074e4d39cd2b10?s=96&d=mm&r=g","contentUrl":"https:\/\/secure.gravatar.com\/avatar\/66183d990d4f136eb771e77d3a7da5bfa1e9d3add48bb98e18074e4d39cd2b10?s=96&d=mm&r=g","caption":"portopiccoloapartments"},"url":"https:\/\/www.portopiccoloapartments.com\/blog\/de\/author\/portopiccoloapartments\/"}]}},"_links":{"self":[{"href":"https:\/\/www.portopiccoloapartments.com\/blog\/de\/wp-json\/wp\/v2\/posts\/2069","targetHints":{"allow":["GET"]}}],"collection":[{"href":"https:\/\/www.portopiccoloapartments.com\/blog\/de\/wp-json\/wp\/v2\/posts"}],"about":[{"href":"https:\/\/www.portopiccoloapartments.com\/blog\/de\/wp-json\/wp\/v2\/types\/post"}],"author":[{"embeddable":true,"href":"https:\/\/www.portopiccoloapartments.com\/blog\/de\/wp-json\/wp\/v2\/users\/2"}],"replies":[{"embeddable":true,"href":"https:\/\/www.portopiccoloapartments.com\/blog\/de\/wp-json\/wp\/v2\/comments?post=2069"}],"version-history":[{"count":27,"href":"https:\/\/www.portopiccoloapartments.com\/blog\/de\/wp-json\/wp\/v2\/posts\/2069\/revisions"}],"predecessor-version":[{"id":2153,"href":"https:\/\/www.portopiccoloapartments.com\/blog\/de\/wp-json\/wp\/v2\/posts\/2069\/revisions\/2153"}],"wp:featuredmedia":[{"embeddable":true,"href":"https:\/\/www.portopiccoloapartments.com\/blog\/de\/wp-json\/wp\/v2\/media\/2083"}],"wp:attachment":[{"href":"https:\/\/www.portopiccoloapartments.com\/blog\/de\/wp-json\/wp\/v2\/media?parent=2069"}],"wp:term":[{"taxonomy":"category","embeddable":true,"href":"https:\/\/www.portopiccoloapartments.com\/blog\/de\/wp-json\/wp\/v2\/categories?post=2069"},{"taxonomy":"post_tag","embeddable":true,"href":"https:\/\/www.portopiccoloapartments.com\/blog\/de\/wp-json\/wp\/v2\/tags?post=2069"}],"curies":[{"name":"wp","href":"https:\/\/api.w.org\/{rel}","templated":true}]}}