{"id":97,"date":"2024-03-27T20:47:11","date_gmt":"2024-03-27T20:47:11","guid":{"rendered":"https:\/\/www.portopiccoloapartments.com\/blog\/pasqua-a-porto-piccolo-new\/"},"modified":"2024-03-29T12:08:44","modified_gmt":"2024-03-29T12:08:44","slug":"ostern-in-portopiccolo","status":"publish","type":"post","link":"https:\/\/www.portopiccoloapartments.com\/blog\/de\/ostern-in-portopiccolo\/","title":{"rendered":"Ostern in Portopiccolo"},"content":{"rendered":"\t\t<div data-elementor-type=\"wp-post\" data-elementor-id=\"97\" class=\"elementor elementor-97 elementor-91\">\n\t\t\t\t<div class=\"elementor-element elementor-element-666138d e-flex e-con-boxed e-con e-parent\" data-id=\"666138d\" data-element_type=\"container\" data-core-v316-plus=\"true\">\n\t\t\t\t\t<div class=\"e-con-inner\">\n\t\t\t\t<div class=\"elementor-element elementor-element-9f5b401 elementor-widget elementor-widget-heading\" data-id=\"9f5b401\" data-element_type=\"widget\" data-widget_type=\"heading.default\">\n\t\t\t\t<div class=\"elementor-widget-container\">\n\t\t\t<style>\/*! elementor - v3.20.0 - 10-04-2024 *\/\n.elementor-heading-title{padding:0;margin:0;line-height:1}.elementor-widget-heading .elementor-heading-title[class*=elementor-size-]>a{color:inherit;font-size:inherit;line-height:inherit}.elementor-widget-heading .elementor-heading-title.elementor-size-small{font-size:15px}.elementor-widget-heading .elementor-heading-title.elementor-size-medium{font-size:19px}.elementor-widget-heading .elementor-heading-title.elementor-size-large{font-size:29px}.elementor-widget-heading .elementor-heading-title.elementor-size-xl{font-size:39px}.elementor-widget-heading .elementor-heading-title.elementor-size-xxl{font-size:59px}<\/style><h2 class=\"elementor-heading-title elementor-size-default\">Ostern in Portopiccolo<\/h2>\t\t<\/div>\n\t\t\t\t<\/div>\n\t\t\t\t<div class=\"elementor-element elementor-element-078dee2 elementor-widget elementor-widget-text-editor\" data-id=\"078dee2\" data-element_type=\"widget\" data-widget_type=\"text-editor.default\">\n\t\t\t\t<div class=\"elementor-widget-container\">\n\t\t\t<style>\/*! elementor - v3.20.0 - 10-04-2024 *\/\n.elementor-widget-text-editor.elementor-drop-cap-view-stacked .elementor-drop-cap{background-color:#69727d;color:#fff}.elementor-widget-text-editor.elementor-drop-cap-view-framed .elementor-drop-cap{color:#69727d;border:3px solid;background-color:transparent}.elementor-widget-text-editor:not(.elementor-drop-cap-view-default) .elementor-drop-cap{margin-top:8px}.elementor-widget-text-editor:not(.elementor-drop-cap-view-default) .elementor-drop-cap-letter{width:1em;height:1em}.elementor-widget-text-editor .elementor-drop-cap{float:left;text-align:center;line-height:1;font-size:50px}.elementor-widget-text-editor .elementor-drop-cap-letter{display:inline-block}<\/style>\t\t\t\t<p>\ud83c\udf37\ud83d\udc23 Willkommen in der lebendigsten Jahreszeit des Jahres! \ud83d\udc30\ud83c\udf3c<\/p><p>Es ist an der Zeit, Raum f\u00fcr Wiedergeburt und Freude zu schaffen, und wie k\u00f6nnte man das besser tun als mit einem neuen Osterabenteuer? Wir bei Portopiccolo Apartments freuen uns, neue Initiativen anzuk\u00fcndigen, die die T\u00fcren zur Kreativit\u00e4t, Begeisterung und zum Teilen unvergesslicher Momente \u00f6ffnen!<\/p><p>Kommen Sie und entdecken Sie ein einzigartiges Erlebnis, das Ihr Ostern noch spezieller macht. Ob Sie ein Feinschmecker sind oder nach Spa\u00df f\u00fcr die ganze Familie suchen, wir haben etwas Au\u00dfergew\u00f6hnliches f\u00fcr Sie.<\/p><p>\ud83c\udfa8 Entdecken Sie die Fotografieausstellung in der Portopiccolo Art Gallery, um Ihre Seele zu erfreuen. Sie ist jedes Wochenende bis zum 10. April 2024 verf\u00fcgbar.<\/p><p>\ud83e\udd42 Sto\u00dfen Sie mit Ostercocktails in der Bar KONG und exquisiten Weinen in der Sangre de Uva Wine Bar an, die w\u00e4hrend der Osterzeit er\u00f6ffnet wird.<\/p><p>\ud83c\udf55 Genie\u00dfen Sie den authentischen italienischen Geschmack in der neu er\u00f6ffneten Trattoria Pizzeria L\u2019Oro di Napoli, wo jeder Bissen eine Reise ins Herz der traditionellen K\u00fcche ist.<\/p><p>\ud83c\udf38 Seien Sie Teil dieses Festes der Farben, D\u00fcfte und L\u00e4cheln! Begleiten Sie uns in diesem aufregenden Osterabenteuer in Portopiccolo. Lassen Sie Ihr Osterfest als Moment purer Freude und Gl\u00fcck in Erinnerung bleiben!<\/p><p>Warten Sie nicht l\u00e4nger, Ihr neues Osterabenteuer wartet auf Sie! \ud83d\udc30\ud83c\udf37<\/p>\t\t\t\t\t\t<\/div>\n\t\t\t\t<\/div>\n\t\t\t\t\t<\/div>\n\t\t\t\t<\/div>\n\t\t\t\t<\/div>\n\t\t","protected":false},"excerpt":{"rendered":"<p>Ostern in Portopiccolo \ud83c\udf37\ud83d\udc23 Willkommen in der lebendigsten Jahreszeit des Jahres! \ud83d\udc30\ud83c\udf3c Es ist an der Zeit, Raum f\u00fcr Wiedergeburt&#8230;<\/p>\n","protected":false},"author":2,"featured_media":84,"comment_status":"open","ping_status":"open","sticky":false,"template":"","format":"standard","meta":{"footnotes":""},"categories":[20],"tags":[],"class_list":["post-97","post","type-post","status-publish","format-standard","has-post-thumbnail","hentry","category-portopiccolo-apartments-de"],"yoast_head":"<!-- This site is optimized with the Yoast SEO plugin v22.4 - https:\/\/yoast.com\/wordpress\/plugins\/seo\/ -->\n<title>Ostern in Portopiccolo - Blog<\/title>\n<meta name=\"robots\" content=\"index, follow, max-snippet:-1, max-image-preview:large, max-video-preview:-1\" \/>\n<link rel=\"canonical\" href=\"https:\/\/www.portopiccoloapartments.com\/blog\/de\/ostern-in-portopiccolo\/\" \/>\n<meta property=\"og:locale\" content=\"de_DE\" \/>\n<meta property=\"og:type\" content=\"article\" \/>\n<meta property=\"og:title\" content=\"Ostern in Portopiccolo - Blog\" \/>\n<meta property=\"og:description\" content=\"Ostern in Portopiccolo \ud83c\udf37\ud83d\udc23 Willkommen in der lebendigsten Jahreszeit des Jahres! \ud83d\udc30\ud83c\udf3c Es ist an der Zeit, Raum f\u00fcr Wiedergeburt...\" \/>\n<meta property=\"og:url\" content=\"https:\/\/www.portopiccoloapartments.com\/blog\/de\/ostern-in-portopiccolo\/\" \/>\n<meta property=\"og:site_name\" content=\"Blog\" \/>\n<meta property=\"article:published_time\" content=\"2024-03-27T20:47:11+00:00\" \/>\n<meta property=\"article:modified_time\" content=\"2024-03-29T12:08:44+00:00\" \/>\n<meta property=\"og:image\" content=\"https:\/\/www.portopiccoloapartments.com\/blog\/wp-content\/uploads\/2024\/03\/Pasqua-a-Portopiccolo.jpg\" \/>\n\t<meta property=\"og:image:width\" content=\"1200\" \/>\n\t<meta property=\"og:image:height\" content=\"800\" \/>\n\t<meta property=\"og:image:type\" content=\"image\/jpeg\" \/>\n<meta name=\"author\" content=\"portopiccoloapartments\" \/>\n<meta name=\"twitter:card\" content=\"summary_large_image\" \/>\n<meta name=\"twitter:label1\" content=\"Verfasst von\" \/>\n\t<meta name=\"twitter:data1\" content=\"portopiccoloapartments\" \/>\n\t<meta name=\"twitter:label2\" content=\"Gesch\u00e4tzte Lesezeit\" \/>\n\t<meta name=\"twitter:data2\" content=\"2\u00a0Minuten\" \/>\n<script type=\"application\/ld+json\" class=\"yoast-schema-graph\">{\"@context\":\"https:\/\/schema.org\",\"@graph\":[{\"@type\":\"WebPage\",\"@id\":\"https:\/\/www.portopiccoloapartments.com\/blog\/de\/ostern-in-portopiccolo\/\",\"url\":\"https:\/\/www.portopiccoloapartments.com\/blog\/de\/ostern-in-portopiccolo\/\",\"name\":\"Ostern in Portopiccolo - Blog\",\"isPartOf\":{\"@id\":\"https:\/\/www.portopiccoloapartments.com\/blog\/#website\"},\"primaryImageOfPage\":{\"@id\":\"https:\/\/www.portopiccoloapartments.com\/blog\/de\/ostern-in-portopiccolo\/#primaryimage\"},\"image\":{\"@id\":\"https:\/\/www.portopiccoloapartments.com\/blog\/de\/ostern-in-portopiccolo\/#primaryimage\"},\"thumbnailUrl\":\"https:\/\/www.portopiccoloapartments.com\/blog\/wp-content\/uploads\/2024\/03\/Pasqua-a-Portopiccolo.jpg\",\"datePublished\":\"2024-03-27T20:47:11+00:00\",\"dateModified\":\"2024-03-29T12:08:44+00:00\",\"author\":{\"@id\":\"https:\/\/www.portopiccoloapartments.com\/blog\/#\/schema\/person\/61d8286d97391fc95a71ef6b3d87b890\"},\"breadcrumb\":{\"@id\":\"https:\/\/www.portopiccoloapartments.com\/blog\/de\/ostern-in-portopiccolo\/#breadcrumb\"},\"inLanguage\":\"de\",\"potentialAction\":[{\"@type\":\"ReadAction\",\"target\":[\"https:\/\/www.portopiccoloapartments.com\/blog\/de\/ostern-in-portopiccolo\/\"]}]},{\"@type\":\"ImageObject\",\"inLanguage\":\"de\",\"@id\":\"https:\/\/www.portopiccoloapartments.com\/blog\/de\/ostern-in-portopiccolo\/#primaryimage\",\"url\":\"https:\/\/www.portopiccoloapartments.com\/blog\/wp-content\/uploads\/2024\/03\/Pasqua-a-Portopiccolo.jpg\",\"contentUrl\":\"https:\/\/www.portopiccoloapartments.com\/blog\/wp-content\/uploads\/2024\/03\/Pasqua-a-Portopiccolo.jpg\",\"width\":1200,\"height\":800},{\"@type\":\"BreadcrumbList\",\"@id\":\"https:\/\/www.portopiccoloapartments.com\/blog\/de\/ostern-in-portopiccolo\/#breadcrumb\",\"itemListElement\":[{\"@type\":\"ListItem\",\"position\":1,\"name\":\"Portada\",\"item\":\"https:\/\/www.portopiccoloapartments.com\/blog\/\"},{\"@type\":\"ListItem\",\"position\":2,\"name\":\"Ostern in Portopiccolo\"}]},{\"@type\":\"WebSite\",\"@id\":\"https:\/\/www.portopiccoloapartments.com\/blog\/#website\",\"url\":\"https:\/\/www.portopiccoloapartments.com\/blog\/\",\"name\":\"Blog\",\"description\":\"Portopiccoloapartments\",\"potentialAction\":[{\"@type\":\"SearchAction\",\"target\":{\"@type\":\"EntryPoint\",\"urlTemplate\":\"https:\/\/www.portopiccoloapartments.com\/blog\/?s={search_term_string}\"},\"query-input\":\"required name=search_term_string\"}],\"inLanguage\":\"de\"},{\"@type\":\"Person\",\"@id\":\"https:\/\/www.portopiccoloapartments.com\/blog\/#\/schema\/person\/61d8286d97391fc95a71ef6b3d87b890\",\"name\":\"portopiccoloapartments\",\"image\":{\"@type\":\"ImageObject\",\"inLanguage\":\"de\",\"@id\":\"https:\/\/www.portopiccoloapartments.com\/blog\/#\/schema\/person\/image\/\",\"url\":\"https:\/\/secure.gravatar.com\/avatar\/66183d990d4f136eb771e77d3a7da5bfa1e9d3add48bb98e18074e4d39cd2b10?s=96&d=mm&r=g\",\"contentUrl\":\"https:\/\/secure.gravatar.com\/avatar\/66183d990d4f136eb771e77d3a7da5bfa1e9d3add48bb98e18074e4d39cd2b10?s=96&d=mm&r=g\",\"caption\":\"portopiccoloapartments\"},\"url\":\"https:\/\/www.portopiccoloapartments.com\/blog\/de\/author\/portopiccoloapartments\/\"}]}<\/script>\n<!-- \/ Yoast SEO plugin. -->","yoast_head_json":{"title":"Ostern in Portopiccolo - Blog","robots":{"index":"index","follow":"follow","max-snippet":"max-snippet:-1","max-image-preview":"max-image-preview:large","max-video-preview":"max-video-preview:-1"},"canonical":"https:\/\/www.portopiccoloapartments.com\/blog\/de\/ostern-in-portopiccolo\/","og_locale":"de_DE","og_type":"article","og_title":"Ostern in Portopiccolo - Blog","og_description":"Ostern in Portopiccolo \ud83c\udf37\ud83d\udc23 Willkommen in der lebendigsten Jahreszeit des Jahres! \ud83d\udc30\ud83c\udf3c Es ist an der Zeit, Raum f\u00fcr Wiedergeburt...","og_url":"https:\/\/www.portopiccoloapartments.com\/blog\/de\/ostern-in-portopiccolo\/","og_site_name":"Blog","article_published_time":"2024-03-27T20:47:11+00:00","article_modified_time":"2024-03-29T12:08:44+00:00","og_image":[{"width":1200,"height":800,"url":"https:\/\/www.portopiccoloapartments.com\/blog\/wp-content\/uploads\/2024\/03\/Pasqua-a-Portopiccolo.jpg","type":"image\/jpeg"}],"author":"portopiccoloapartments","twitter_card":"summary_large_image","twitter_misc":{"Verfasst von":"portopiccoloapartments","Gesch\u00e4tzte Lesezeit":"2\u00a0Minuten"},"schema":{"@context":"https:\/\/schema.org","@graph":[{"@type":"WebPage","@id":"https:\/\/www.portopiccoloapartments.com\/blog\/de\/ostern-in-portopiccolo\/","url":"https:\/\/www.portopiccoloapartments.com\/blog\/de\/ostern-in-portopiccolo\/","name":"Ostern in Portopiccolo - Blog","isPartOf":{"@id":"https:\/\/www.portopiccoloapartments.com\/blog\/#website"},"primaryImageOfPage":{"@id":"https:\/\/www.portopiccoloapartments.com\/blog\/de\/ostern-in-portopiccolo\/#primaryimage"},"image":{"@id":"https:\/\/www.portopiccoloapartments.com\/blog\/de\/ostern-in-portopiccolo\/#primaryimage"},"thumbnailUrl":"https:\/\/www.portopiccoloapartments.com\/blog\/wp-content\/uploads\/2024\/03\/Pasqua-a-Portopiccolo.jpg","datePublished":"2024-03-27T20:47:11+00:00","dateModified":"2024-03-29T12:08:44+00:00","author":{"@id":"https:\/\/www.portopiccoloapartments.com\/blog\/#\/schema\/person\/61d8286d97391fc95a71ef6b3d87b890"},"breadcrumb":{"@id":"https:\/\/www.portopiccoloapartments.com\/blog\/de\/ostern-in-portopiccolo\/#breadcrumb"},"inLanguage":"de","potentialAction":[{"@type":"ReadAction","target":["https:\/\/www.portopiccoloapartments.com\/blog\/de\/ostern-in-portopiccolo\/"]}]},{"@type":"ImageObject","inLanguage":"de","@id":"https:\/\/www.portopiccoloapartments.com\/blog\/de\/ostern-in-portopiccolo\/#primaryimage","url":"https:\/\/www.portopiccoloapartments.com\/blog\/wp-content\/uploads\/2024\/03\/Pasqua-a-Portopiccolo.jpg","contentUrl":"https:\/\/www.portopiccoloapartments.com\/blog\/wp-content\/uploads\/2024\/03\/Pasqua-a-Portopiccolo.jpg","width":1200,"height":800},{"@type":"BreadcrumbList","@id":"https:\/\/www.portopiccoloapartments.com\/blog\/de\/ostern-in-portopiccolo\/#breadcrumb","itemListElement":[{"@type":"ListItem","position":1,"name":"Portada","item":"https:\/\/www.portopiccoloapartments.com\/blog\/"},{"@type":"ListItem","position":2,"name":"Ostern in Portopiccolo"}]},{"@type":"WebSite","@id":"https:\/\/www.portopiccoloapartments.com\/blog\/#website","url":"https:\/\/www.portopiccoloapartments.com\/blog\/","name":"Blog","description":"Portopiccoloapartments","potentialAction":[{"@type":"SearchAction","target":{"@type":"EntryPoint","urlTemplate":"https:\/\/www.portopiccoloapartments.com\/blog\/?s={search_term_string}"},"query-input":"required name=search_term_string"}],"inLanguage":"de"},{"@type":"Person","@id":"https:\/\/www.portopiccoloapartments.com\/blog\/#\/schema\/person\/61d8286d97391fc95a71ef6b3d87b890","name":"portopiccoloapartments","image":{"@type":"ImageObject","inLanguage":"de","@id":"https:\/\/www.portopiccoloapartments.com\/blog\/#\/schema\/person\/image\/","url":"https:\/\/secure.gravatar.com\/avatar\/66183d990d4f136eb771e77d3a7da5bfa1e9d3add48bb98e18074e4d39cd2b10?s=96&d=mm&r=g","contentUrl":"https:\/\/secure.gravatar.com\/avatar\/66183d990d4f136eb771e77d3a7da5bfa1e9d3add48bb98e18074e4d39cd2b10?s=96&d=mm&r=g","caption":"portopiccoloapartments"},"url":"https:\/\/www.portopiccoloapartments.com\/blog\/de\/author\/portopiccoloapartments\/"}]}},"_links":{"self":[{"href":"https:\/\/www.portopiccoloapartments.com\/blog\/de\/wp-json\/wp\/v2\/posts\/97","targetHints":{"allow":["GET"]}}],"collection":[{"href":"https:\/\/www.portopiccoloapartments.com\/blog\/de\/wp-json\/wp\/v2\/posts"}],"about":[{"href":"https:\/\/www.portopiccoloapartments.com\/blog\/de\/wp-json\/wp\/v2\/types\/post"}],"author":[{"embeddable":true,"href":"https:\/\/www.portopiccoloapartments.com\/blog\/de\/wp-json\/wp\/v2\/users\/2"}],"replies":[{"embeddable":true,"href":"https:\/\/www.portopiccoloapartments.com\/blog\/de\/wp-json\/wp\/v2\/comments?post=97"}],"version-history":[{"count":8,"href":"https:\/\/www.portopiccoloapartments.com\/blog\/de\/wp-json\/wp\/v2\/posts\/97\/revisions"}],"predecessor-version":[{"id":134,"href":"https:\/\/www.portopiccoloapartments.com\/blog\/de\/wp-json\/wp\/v2\/posts\/97\/revisions\/134"}],"wp:featuredmedia":[{"embeddable":true,"href":"https:\/\/www.portopiccoloapartments.com\/blog\/de\/wp-json\/wp\/v2\/media\/84"}],"wp:attachment":[{"href":"https:\/\/www.portopiccoloapartments.com\/blog\/de\/wp-json\/wp\/v2\/media?parent=97"}],"wp:term":[{"taxonomy":"category","embeddable":true,"href":"https:\/\/www.portopiccoloapartments.com\/blog\/de\/wp-json\/wp\/v2\/categories?post=97"},{"taxonomy":"post_tag","embeddable":true,"href":"https:\/\/www.portopiccoloapartments.com\/blog\/de\/wp-json\/wp\/v2\/tags?post=97"}],"curies":[{"name":"wp","href":"https:\/\/api.w.org\/{rel}","templated":true}]}}