{"id":2002,"date":"2025-08-15T09:59:57","date_gmt":"2025-08-15T09:59:57","guid":{"rendered":"https:\/\/www.portopiccoloapartments.com\/blog\/?p=2002"},"modified":"2025-08-16T07:21:39","modified_gmt":"2025-08-16T07:21:39","slug":"san-rocco-in-aurisina-four-days-of-celebrations-just-a-stones-throw-from-portopiccolo","status":"publish","type":"post","link":"https:\/\/www.portopiccoloapartments.com\/blog\/en\/san-rocco-in-aurisina-four-days-of-celebrations-just-a-stones-throw-from-portopiccolo\/","title":{"rendered":"San Rocco in Aurisina: four days of celebrations just a stone&#8217;s throw from Portopiccolo"},"content":{"rendered":"\t\t<div data-elementor-type=\"wp-post\" data-elementor-id=\"2002\" class=\"elementor elementor-2002 elementor-2000\">\n\t\t\t\t<div class=\"elementor-element elementor-element-4958377 e-flex e-con-boxed e-con e-parent\" data-id=\"4958377\" data-element_type=\"container\" data-core-v316-plus=\"true\">\n\t\t\t\t\t<div class=\"e-con-inner\">\n\t\t\t\t<div class=\"elementor-element elementor-element-17b2d14 elementor-widget elementor-widget-heading\" data-id=\"17b2d14\" data-element_type=\"widget\" data-widget_type=\"heading.default\">\n\t\t\t\t<div class=\"elementor-widget-container\">\n\t\t\t<style>\/*! elementor - v3.20.0 - 10-04-2024 *\/\n.elementor-heading-title{padding:0;margin:0;line-height:1}.elementor-widget-heading .elementor-heading-title[class*=elementor-size-]>a{color:inherit;font-size:inherit;line-height:inherit}.elementor-widget-heading .elementor-heading-title.elementor-size-small{font-size:15px}.elementor-widget-heading .elementor-heading-title.elementor-size-medium{font-size:19px}.elementor-widget-heading .elementor-heading-title.elementor-size-large{font-size:29px}.elementor-widget-heading .elementor-heading-title.elementor-size-xl{font-size:39px}.elementor-widget-heading .elementor-heading-title.elementor-size-xxl{font-size:59px}<\/style><h2 class=\"elementor-heading-title elementor-size-default\">San Rocco in Aurisina: four days of celebration  just a stone's throw from Portopiccolo<\/h2>\t\t<\/div>\n\t\t\t\t<\/div>\n\t\t\t\t<div class=\"elementor-element elementor-element-a8ec6b2 elementor-widget elementor-widget-text-editor\" data-id=\"a8ec6b2\" data-element_type=\"widget\" data-widget_type=\"text-editor.default\">\n\t\t\t\t<div class=\"elementor-widget-container\">\n\t\t\t<style>\/*! elementor - v3.20.0 - 10-04-2024 *\/\n.elementor-widget-text-editor.elementor-drop-cap-view-stacked .elementor-drop-cap{background-color:#69727d;color:#fff}.elementor-widget-text-editor.elementor-drop-cap-view-framed .elementor-drop-cap{color:#69727d;border:3px solid;background-color:transparent}.elementor-widget-text-editor:not(.elementor-drop-cap-view-default) .elementor-drop-cap{margin-top:8px}.elementor-widget-text-editor:not(.elementor-drop-cap-view-default) .elementor-drop-cap-letter{width:1em;height:1em}.elementor-widget-text-editor .elementor-drop-cap{float:left;text-align:center;line-height:1;font-size:50px}.elementor-widget-text-editor .elementor-drop-cap-letter{display:inline-block}<\/style>\t\t\t\t<p style=\"text-align: justify;\">From<strong> 14 to 17 August<\/strong>, less than ten minutes&#8217; drive from <strong><span style=\"color: #aa8e1a;\">Portopiccolo<\/span><\/strong>, Aurisina celebrates its patron saint, San Rocco, with a packed calendar of events combining tradition, music, sport and gastronomy. The central square, renovated and reopened in March, will be the heart of a festival that offers something different every day.<\/p>\t\t\t\t\t\t<\/div>\n\t\t\t\t<\/div>\n\t\t\t\t\t<\/div>\n\t\t\t\t<\/div>\n\t\t<div class=\"elementor-element elementor-element-75dd548 e-flex e-con-boxed e-con e-parent\" data-id=\"75dd548\" data-element_type=\"container\" data-core-v316-plus=\"true\">\n\t\t\t\t\t<div class=\"e-con-inner\">\n\t\t\t\t<div class=\"elementor-element elementor-element-1ca5c2d elementor-widget elementor-widget-text-editor\" data-id=\"1ca5c2d\" data-element_type=\"widget\" data-widget_type=\"text-editor.default\">\n\t\t\t\t<div class=\"elementor-widget-container\">\n\t\t\t\t\t\t\t<p><strong>Thursday 14 August<\/strong><\/p><ul><li>8 p.m. \u2013 Official opening and presentation fo municipal honours (8 individual and 1 collective).<\/li><li>8:30 p.m. \u2013\u00a0 <strong>Ano urco al pej dvej<\/strong> concert in the square.<\/li><\/ul><p><strong>Friday 15 August<\/strong><\/p><ul><li>From the morning \u2013 Stands of local producers and Ilirska Bistrica.<\/li><li>7 p.m. \u2013 Presentation <em>Radost v travi<\/em> by <strong>Marja Novak Vogri\u010d<\/strong> (Rectory Garden).<\/li><li>20:30 \u2013 <strong>Gas Kras <\/strong>Concert (in Sokol field).<\/li><\/ul><p><strong>Saturday 16 August<\/strong><\/p><ul><li>09:00 a.m. \u2013 Beach volleyball tournament (Sokol court).<\/li><li>11:00 a.m. \u2013 Solemn mass in the square.<\/li><li>12:00 a.m. \u2013 Guided tour of <em>Rimad\u2019Origine<\/em> (House of Stone).<\/li><li>5:00 p.m. \u2013 Children&#8217;s workshop on bees + flea market in the square.<\/li><li>6:00 p.m. \u2013 Meeting on beekeeping.<\/li><li>7:30 p.m. \u2013 Dialogue between <strong>Du\u0161an Jelin\u010di\u010d<\/strong> and P<strong>ietro Spirito<\/strong> on <em>\u00c8 notte sul confine<\/em> (It&#8217;s night on the border).<\/li><li>8:30 p.m. \u2013 Concert by <strong>Rujni muzikanti.<\/strong><\/li><\/ul><p><strong>Sunday 17 August<\/strong><\/p><ul><li>09:30 \u2013 Mass and procession.<\/li><li>11:00 \u2013 Guided tour of <em>Rimad\u2019Origine<\/em>.<\/li><li>8:30 p.m. \u2013 Concert by <strong>Kra\u0161ki muzikanti<\/strong>.<\/li><\/ul>\t\t\t\t\t\t<\/div>\n\t\t\t\t<\/div>\n\t\t\t\t\t<\/div>\n\t\t\t\t<\/div>\n\t\t<div class=\"elementor-element elementor-element-646d086 e-flex e-con-boxed e-con e-parent\" data-id=\"646d086\" data-element_type=\"container\" data-core-v316-plus=\"true\">\n\t\t\t\t\t<div class=\"e-con-inner\">\n\t\t\t\t<div class=\"elementor-element elementor-element-346caf4 elementor-widget elementor-widget-image\" data-id=\"346caf4\" data-element_type=\"widget\" data-widget_type=\"image.default\">\n\t\t\t\t<div class=\"elementor-widget-container\">\n\t\t\t<style>\/*! elementor - v3.20.0 - 10-04-2024 *\/\n.elementor-widget-image{text-align:center}.elementor-widget-image a{display:inline-block}.elementor-widget-image a img[src$=\".svg\"]{width:48px}.elementor-widget-image img{vertical-align:middle;display:inline-block}<\/style>\t\t\t\t\t\t\t\t\t\t<img fetchpriority=\"high\" decoding=\"async\" width=\"751\" height=\"246\" src=\"https:\/\/www.portopiccoloapartments.com\/blog\/wp-content\/uploads\/2025\/08\/IMG-20250813-WA0074-1920x630.jpg\" class=\"attachment-large size-large wp-image-1986\" alt=\"\" \/>\t\t\t\t\t\t\t\t\t\t\t\t\t<\/div>\n\t\t\t\t<\/div>\n\t\t\t\t\t<\/div>\n\t\t\t\t<\/div>\n\t\t<div class=\"elementor-element elementor-element-670061c e-flex e-con-boxed e-con e-parent\" data-id=\"670061c\" data-element_type=\"container\" data-core-v316-plus=\"true\">\n\t\t\t\t\t<div class=\"e-con-inner\">\n\t\t\t\t<div class=\"elementor-element elementor-element-4204a4f elementor-widget elementor-widget-text-editor\" data-id=\"4204a4f\" data-element_type=\"widget\" data-widget_type=\"text-editor.default\">\n\t\t\t\t<div class=\"elementor-widget-container\">\n\t\t\t\t\t\t\t<p style=\"text-align: justify;\">Throughout the event, visitors will be able to view a photographic exhibition celebrating the 80th anniversary of the Igo Gruden Slovenian Cultural Association.<\/p><p style=\"text-align: justify;\">For those who <a href=\"https:\/\/www.portopiccoloapartments.com\/en\/\">stay in <span style=\"color: #aa8e1a;\">Portopiccolo<\/span><\/a>, this is an opportunity to discover a lively village, with stands offering local delicacies, live music and a warm welcome from the Karst community.<\/p>\t\t\t\t\t\t<\/div>\n\t\t\t\t<\/div>\n\t\t\t\t\t<\/div>\n\t\t\t\t<\/div>\n\t\t\t\t<\/div>\n\t\t","protected":false},"excerpt":{"rendered":"<p>San Rocco in Aurisina: four days of celebration just a stone&#8217;s throw from Portopiccolo From 14 to 17 August, less&#8230;<\/p>\n","protected":false},"author":2,"featured_media":1997,"comment_status":"open","ping_status":"open","sticky":false,"template":"","format":"standard","meta":{"footnotes":""},"categories":[80],"tags":[],"class_list":["post-2002","post","type-post","status-publish","format-standard","has-post-thumbnail","hentry","category-lifestyle-en"],"yoast_head":"<!-- This site is optimized with the Yoast SEO plugin v22.4 - https:\/\/yoast.com\/wordpress\/plugins\/seo\/ -->\n<title>San Rocco in Aurisina: four days of celebrations just a stone&#039;s throw from Portopiccolo - Blog<\/title>\n<meta name=\"robots\" content=\"index, follow, max-snippet:-1, max-image-preview:large, max-video-preview:-1\" \/>\n<link rel=\"canonical\" href=\"https:\/\/www.portopiccoloapartments.com\/blog\/en\/san-rocco-in-aurisina-four-days-of-celebrations-just-a-stones-throw-from-portopiccolo\/\" \/>\n<meta property=\"og:locale\" content=\"en_US\" \/>\n<meta property=\"og:type\" content=\"article\" \/>\n<meta property=\"og:title\" content=\"San Rocco in Aurisina: four days of celebrations just a stone&#039;s throw from Portopiccolo - Blog\" \/>\n<meta property=\"og:description\" content=\"San Rocco in Aurisina: four days of celebration just a stone&#8217;s throw from Portopiccolo From 14 to 17 August, less...\" \/>\n<meta property=\"og:url\" content=\"https:\/\/www.portopiccoloapartments.com\/blog\/en\/san-rocco-in-aurisina-four-days-of-celebrations-just-a-stones-throw-from-portopiccolo\/\" \/>\n<meta property=\"og:site_name\" content=\"Blog\" \/>\n<meta property=\"article:published_time\" content=\"2025-08-15T09:59:57+00:00\" \/>\n<meta property=\"article:modified_time\" content=\"2025-08-16T07:21:39+00:00\" \/>\n<meta property=\"og:image\" content=\"https:\/\/www.portopiccoloapartments.com\/blog\/wp-content\/uploads\/2025\/08\/IMG-20250813-WA0073-scaled.jpg\" \/>\n\t<meta property=\"og:image:width\" content=\"2560\" \/>\n\t<meta property=\"og:image:height\" content=\"1146\" \/>\n\t<meta property=\"og:image:type\" content=\"image\/jpeg\" \/>\n<meta name=\"author\" content=\"portopiccoloapartments\" \/>\n<meta name=\"twitter:card\" content=\"summary_large_image\" \/>\n<meta name=\"twitter:label1\" content=\"Written by\" \/>\n\t<meta name=\"twitter:data1\" content=\"portopiccoloapartments\" \/>\n\t<meta name=\"twitter:label2\" content=\"Est. reading time\" \/>\n\t<meta name=\"twitter:data2\" content=\"2 minutes\" \/>\n<script type=\"application\/ld+json\" class=\"yoast-schema-graph\">{\"@context\":\"https:\/\/schema.org\",\"@graph\":[{\"@type\":\"WebPage\",\"@id\":\"https:\/\/www.portopiccoloapartments.com\/blog\/en\/san-rocco-in-aurisina-four-days-of-celebrations-just-a-stones-throw-from-portopiccolo\/\",\"url\":\"https:\/\/www.portopiccoloapartments.com\/blog\/en\/san-rocco-in-aurisina-four-days-of-celebrations-just-a-stones-throw-from-portopiccolo\/\",\"name\":\"San Rocco in Aurisina: four days of celebrations just a stone's throw from Portopiccolo - Blog\",\"isPartOf\":{\"@id\":\"https:\/\/www.portopiccoloapartments.com\/blog\/#website\"},\"primaryImageOfPage\":{\"@id\":\"https:\/\/www.portopiccoloapartments.com\/blog\/en\/san-rocco-in-aurisina-four-days-of-celebrations-just-a-stones-throw-from-portopiccolo\/#primaryimage\"},\"image\":{\"@id\":\"https:\/\/www.portopiccoloapartments.com\/blog\/en\/san-rocco-in-aurisina-four-days-of-celebrations-just-a-stones-throw-from-portopiccolo\/#primaryimage\"},\"thumbnailUrl\":\"https:\/\/www.portopiccoloapartments.com\/blog\/wp-content\/uploads\/2025\/08\/IMG-20250813-WA0073-scaled.jpg\",\"datePublished\":\"2025-08-15T09:59:57+00:00\",\"dateModified\":\"2025-08-16T07:21:39+00:00\",\"author\":{\"@id\":\"https:\/\/www.portopiccoloapartments.com\/blog\/#\/schema\/person\/61d8286d97391fc95a71ef6b3d87b890\"},\"breadcrumb\":{\"@id\":\"https:\/\/www.portopiccoloapartments.com\/blog\/en\/san-rocco-in-aurisina-four-days-of-celebrations-just-a-stones-throw-from-portopiccolo\/#breadcrumb\"},\"inLanguage\":\"en-US\",\"potentialAction\":[{\"@type\":\"ReadAction\",\"target\":[\"https:\/\/www.portopiccoloapartments.com\/blog\/en\/san-rocco-in-aurisina-four-days-of-celebrations-just-a-stones-throw-from-portopiccolo\/\"]}]},{\"@type\":\"ImageObject\",\"inLanguage\":\"en-US\",\"@id\":\"https:\/\/www.portopiccoloapartments.com\/blog\/en\/san-rocco-in-aurisina-four-days-of-celebrations-just-a-stones-throw-from-portopiccolo\/#primaryimage\",\"url\":\"https:\/\/www.portopiccoloapartments.com\/blog\/wp-content\/uploads\/2025\/08\/IMG-20250813-WA0073-scaled.jpg\",\"contentUrl\":\"https:\/\/www.portopiccoloapartments.com\/blog\/wp-content\/uploads\/2025\/08\/IMG-20250813-WA0073-scaled.jpg\",\"width\":2560,\"height\":1146},{\"@type\":\"BreadcrumbList\",\"@id\":\"https:\/\/www.portopiccoloapartments.com\/blog\/en\/san-rocco-in-aurisina-four-days-of-celebrations-just-a-stones-throw-from-portopiccolo\/#breadcrumb\",\"itemListElement\":[{\"@type\":\"ListItem\",\"position\":1,\"name\":\"Portada\",\"item\":\"https:\/\/www.portopiccoloapartments.com\/blog\/\"},{\"@type\":\"ListItem\",\"position\":2,\"name\":\"San Rocco in Aurisina: four days of celebrations just a stone&#8217;s throw from Portopiccolo\"}]},{\"@type\":\"WebSite\",\"@id\":\"https:\/\/www.portopiccoloapartments.com\/blog\/#website\",\"url\":\"https:\/\/www.portopiccoloapartments.com\/blog\/\",\"name\":\"Blog\",\"description\":\"Portopiccoloapartments\",\"potentialAction\":[{\"@type\":\"SearchAction\",\"target\":{\"@type\":\"EntryPoint\",\"urlTemplate\":\"https:\/\/www.portopiccoloapartments.com\/blog\/?s={search_term_string}\"},\"query-input\":\"required name=search_term_string\"}],\"inLanguage\":\"en-US\"},{\"@type\":\"Person\",\"@id\":\"https:\/\/www.portopiccoloapartments.com\/blog\/#\/schema\/person\/61d8286d97391fc95a71ef6b3d87b890\",\"name\":\"portopiccoloapartments\",\"image\":{\"@type\":\"ImageObject\",\"inLanguage\":\"en-US\",\"@id\":\"https:\/\/www.portopiccoloapartments.com\/blog\/#\/schema\/person\/image\/\",\"url\":\"https:\/\/secure.gravatar.com\/avatar\/66183d990d4f136eb771e77d3a7da5bfa1e9d3add48bb98e18074e4d39cd2b10?s=96&d=mm&r=g\",\"contentUrl\":\"https:\/\/secure.gravatar.com\/avatar\/66183d990d4f136eb771e77d3a7da5bfa1e9d3add48bb98e18074e4d39cd2b10?s=96&d=mm&r=g\",\"caption\":\"portopiccoloapartments\"},\"url\":\"https:\/\/www.portopiccoloapartments.com\/blog\/en\/author\/portopiccoloapartments\/\"}]}<\/script>\n<!-- \/ Yoast SEO plugin. -->","yoast_head_json":{"title":"San Rocco in Aurisina: four days of celebrations just a stone's throw from Portopiccolo - Blog","robots":{"index":"index","follow":"follow","max-snippet":"max-snippet:-1","max-image-preview":"max-image-preview:large","max-video-preview":"max-video-preview:-1"},"canonical":"https:\/\/www.portopiccoloapartments.com\/blog\/en\/san-rocco-in-aurisina-four-days-of-celebrations-just-a-stones-throw-from-portopiccolo\/","og_locale":"en_US","og_type":"article","og_title":"San Rocco in Aurisina: four days of celebrations just a stone's throw from Portopiccolo - Blog","og_description":"San Rocco in Aurisina: four days of celebration just a stone&#8217;s throw from Portopiccolo From 14 to 17 August, less...","og_url":"https:\/\/www.portopiccoloapartments.com\/blog\/en\/san-rocco-in-aurisina-four-days-of-celebrations-just-a-stones-throw-from-portopiccolo\/","og_site_name":"Blog","article_published_time":"2025-08-15T09:59:57+00:00","article_modified_time":"2025-08-16T07:21:39+00:00","og_image":[{"width":2560,"height":1146,"url":"https:\/\/www.portopiccoloapartments.com\/blog\/wp-content\/uploads\/2025\/08\/IMG-20250813-WA0073-scaled.jpg","type":"image\/jpeg"}],"author":"portopiccoloapartments","twitter_card":"summary_large_image","twitter_misc":{"Written by":"portopiccoloapartments","Est. reading time":"2 minutes"},"schema":{"@context":"https:\/\/schema.org","@graph":[{"@type":"WebPage","@id":"https:\/\/www.portopiccoloapartments.com\/blog\/en\/san-rocco-in-aurisina-four-days-of-celebrations-just-a-stones-throw-from-portopiccolo\/","url":"https:\/\/www.portopiccoloapartments.com\/blog\/en\/san-rocco-in-aurisina-four-days-of-celebrations-just-a-stones-throw-from-portopiccolo\/","name":"San Rocco in Aurisina: four days of celebrations just a stone's throw from Portopiccolo - Blog","isPartOf":{"@id":"https:\/\/www.portopiccoloapartments.com\/blog\/#website"},"primaryImageOfPage":{"@id":"https:\/\/www.portopiccoloapartments.com\/blog\/en\/san-rocco-in-aurisina-four-days-of-celebrations-just-a-stones-throw-from-portopiccolo\/#primaryimage"},"image":{"@id":"https:\/\/www.portopiccoloapartments.com\/blog\/en\/san-rocco-in-aurisina-four-days-of-celebrations-just-a-stones-throw-from-portopiccolo\/#primaryimage"},"thumbnailUrl":"https:\/\/www.portopiccoloapartments.com\/blog\/wp-content\/uploads\/2025\/08\/IMG-20250813-WA0073-scaled.jpg","datePublished":"2025-08-15T09:59:57+00:00","dateModified":"2025-08-16T07:21:39+00:00","author":{"@id":"https:\/\/www.portopiccoloapartments.com\/blog\/#\/schema\/person\/61d8286d97391fc95a71ef6b3d87b890"},"breadcrumb":{"@id":"https:\/\/www.portopiccoloapartments.com\/blog\/en\/san-rocco-in-aurisina-four-days-of-celebrations-just-a-stones-throw-from-portopiccolo\/#breadcrumb"},"inLanguage":"en-US","potentialAction":[{"@type":"ReadAction","target":["https:\/\/www.portopiccoloapartments.com\/blog\/en\/san-rocco-in-aurisina-four-days-of-celebrations-just-a-stones-throw-from-portopiccolo\/"]}]},{"@type":"ImageObject","inLanguage":"en-US","@id":"https:\/\/www.portopiccoloapartments.com\/blog\/en\/san-rocco-in-aurisina-four-days-of-celebrations-just-a-stones-throw-from-portopiccolo\/#primaryimage","url":"https:\/\/www.portopiccoloapartments.com\/blog\/wp-content\/uploads\/2025\/08\/IMG-20250813-WA0073-scaled.jpg","contentUrl":"https:\/\/www.portopiccoloapartments.com\/blog\/wp-content\/uploads\/2025\/08\/IMG-20250813-WA0073-scaled.jpg","width":2560,"height":1146},{"@type":"BreadcrumbList","@id":"https:\/\/www.portopiccoloapartments.com\/blog\/en\/san-rocco-in-aurisina-four-days-of-celebrations-just-a-stones-throw-from-portopiccolo\/#breadcrumb","itemListElement":[{"@type":"ListItem","position":1,"name":"Portada","item":"https:\/\/www.portopiccoloapartments.com\/blog\/"},{"@type":"ListItem","position":2,"name":"San Rocco in Aurisina: four days of celebrations just a stone&#8217;s throw from Portopiccolo"}]},{"@type":"WebSite","@id":"https:\/\/www.portopiccoloapartments.com\/blog\/#website","url":"https:\/\/www.portopiccoloapartments.com\/blog\/","name":"Blog","description":"Portopiccoloapartments","potentialAction":[{"@type":"SearchAction","target":{"@type":"EntryPoint","urlTemplate":"https:\/\/www.portopiccoloapartments.com\/blog\/?s={search_term_string}"},"query-input":"required name=search_term_string"}],"inLanguage":"en-US"},{"@type":"Person","@id":"https:\/\/www.portopiccoloapartments.com\/blog\/#\/schema\/person\/61d8286d97391fc95a71ef6b3d87b890","name":"portopiccoloapartments","image":{"@type":"ImageObject","inLanguage":"en-US","@id":"https:\/\/www.portopiccoloapartments.com\/blog\/#\/schema\/person\/image\/","url":"https:\/\/secure.gravatar.com\/avatar\/66183d990d4f136eb771e77d3a7da5bfa1e9d3add48bb98e18074e4d39cd2b10?s=96&d=mm&r=g","contentUrl":"https:\/\/secure.gravatar.com\/avatar\/66183d990d4f136eb771e77d3a7da5bfa1e9d3add48bb98e18074e4d39cd2b10?s=96&d=mm&r=g","caption":"portopiccoloapartments"},"url":"https:\/\/www.portopiccoloapartments.com\/blog\/en\/author\/portopiccoloapartments\/"}]}},"_links":{"self":[{"href":"https:\/\/www.portopiccoloapartments.com\/blog\/en\/wp-json\/wp\/v2\/posts\/2002","targetHints":{"allow":["GET"]}}],"collection":[{"href":"https:\/\/www.portopiccoloapartments.com\/blog\/en\/wp-json\/wp\/v2\/posts"}],"about":[{"href":"https:\/\/www.portopiccoloapartments.com\/blog\/en\/wp-json\/wp\/v2\/types\/post"}],"author":[{"embeddable":true,"href":"https:\/\/www.portopiccoloapartments.com\/blog\/en\/wp-json\/wp\/v2\/users\/2"}],"replies":[{"embeddable":true,"href":"https:\/\/www.portopiccoloapartments.com\/blog\/en\/wp-json\/wp\/v2\/comments?post=2002"}],"version-history":[{"count":15,"href":"https:\/\/www.portopiccoloapartments.com\/blog\/en\/wp-json\/wp\/v2\/posts\/2002\/revisions"}],"predecessor-version":[{"id":2054,"href":"https:\/\/www.portopiccoloapartments.com\/blog\/en\/wp-json\/wp\/v2\/posts\/2002\/revisions\/2054"}],"wp:featuredmedia":[{"embeddable":true,"href":"https:\/\/www.portopiccoloapartments.com\/blog\/en\/wp-json\/wp\/v2\/media\/1997"}],"wp:attachment":[{"href":"https:\/\/www.portopiccoloapartments.com\/blog\/en\/wp-json\/wp\/v2\/media?parent=2002"}],"wp:term":[{"taxonomy":"category","embeddable":true,"href":"https:\/\/www.portopiccoloapartments.com\/blog\/en\/wp-json\/wp\/v2\/categories?post=2002"},{"taxonomy":"post_tag","embeddable":true,"href":"https:\/\/www.portopiccoloapartments.com\/blog\/en\/wp-json\/wp\/v2\/tags?post=2002"}],"curies":[{"name":"wp","href":"https:\/\/api.w.org\/{rel}","templated":true}]}}