{"id":1181,"date":"2025-02-28T17:24:44","date_gmt":"2025-02-28T17:24:44","guid":{"rendered":"https:\/\/www.portopiccoloapartments.com\/blog\/?p=1181"},"modified":"2025-06-16T13:02:26","modified_gmt":"2025-06-16T13:02:26","slug":"nave-scuola-amerigo-vespucci-torna-a-trieste","status":"publish","type":"post","link":"https:\/\/www.portopiccoloapartments.com\/blog\/nave-scuola-amerigo-vespucci-torna-a-trieste\/","title":{"rendered":"Nave-scuola Amerigo Vespucci torna a Trieste"},"content":{"rendered":"\t\t<div data-elementor-type=\"wp-post\" data-elementor-id=\"1181\" class=\"elementor elementor-1181\">\n\t\t\t\t<div class=\"elementor-element elementor-element-d2ff063 e-con-full e-flex e-con e-parent\" data-id=\"d2ff063\" data-element_type=\"container\" data-core-v316-plus=\"true\">\n\t\t\t\t<div class=\"elementor-element elementor-element-9cb3b0f elementor-widget__width-initial elementor-widget elementor-widget-heading\" data-id=\"9cb3b0f\" data-element_type=\"widget\" data-widget_type=\"heading.default\">\n\t\t\t\t<div class=\"elementor-widget-container\">\n\t\t\t<style>\/*! elementor - v3.20.0 - 10-04-2024 *\/\n.elementor-heading-title{padding:0;margin:0;line-height:1}.elementor-widget-heading .elementor-heading-title[class*=elementor-size-]>a{color:inherit;font-size:inherit;line-height:inherit}.elementor-widget-heading .elementor-heading-title.elementor-size-small{font-size:15px}.elementor-widget-heading .elementor-heading-title.elementor-size-medium{font-size:19px}.elementor-widget-heading .elementor-heading-title.elementor-size-large{font-size:29px}.elementor-widget-heading .elementor-heading-title.elementor-size-xl{font-size:39px}.elementor-widget-heading .elementor-heading-title.elementor-size-xxl{font-size:59px}<\/style><h2 class=\"elementor-heading-title elementor-size-default\">Trieste Accoglie la Nave Scuola Amerigo Vespucci<\/h2>\t\t<\/div>\n\t\t\t\t<\/div>\n\t\t\t\t<\/div>\n\t\t<div class=\"elementor-element elementor-element-e5b2daa e-flex e-con-boxed e-con e-parent\" data-id=\"e5b2daa\" data-element_type=\"container\" data-core-v316-plus=\"true\">\n\t\t\t\t\t<div class=\"e-con-inner\">\n\t\t\t\t<div class=\"elementor-element elementor-element-51d33b9 elementor-widget elementor-widget-text-editor\" data-id=\"51d33b9\" data-element_type=\"widget\" data-widget_type=\"text-editor.default\">\n\t\t\t\t<div class=\"elementor-widget-container\">\n\t\t\t<style>\/*! elementor - v3.20.0 - 10-04-2024 *\/\n.elementor-widget-text-editor.elementor-drop-cap-view-stacked .elementor-drop-cap{background-color:#69727d;color:#fff}.elementor-widget-text-editor.elementor-drop-cap-view-framed .elementor-drop-cap{color:#69727d;border:3px solid;background-color:transparent}.elementor-widget-text-editor:not(.elementor-drop-cap-view-default) .elementor-drop-cap{margin-top:8px}.elementor-widget-text-editor:not(.elementor-drop-cap-view-default) .elementor-drop-cap-letter{width:1em;height:1em}.elementor-widget-text-editor .elementor-drop-cap{float:left;text-align:center;line-height:1;font-size:50px}.elementor-widget-text-editor .elementor-drop-cap-letter{display:inline-block}<\/style>\t\t\t\t<p data-pm-slice=\"1 1 []\">Il 1\u00b0 marzo 2025, il Golfo di Trieste sar\u00e0 il palcoscenico di un evento straordinario: l&#8217;arrivo della Nave Scuola Amerigo Vespucci, che inaugurer\u00e0 il suo Tour Mediterraneo dopo un avventuroso viaggio intorno al mondo. Per celebrare questo momento storico, la citt\u00e0 ha organizzato la <strong>&#8220;Barcolana Special Edition Boat Parade&#8221;<\/strong>, una spettacolare sfilata in mare aperto che vedr\u00e0 la partecipazione di oltre 1.000 imbarcazioni di ogni tipo, dai maestosi velieri alle agili canoe.<\/p><p>L&#8217;evento, che si svolger\u00e0 dal <strong>1 marzo al 3 marzo 2025<\/strong>, trasformer\u00e0 Trieste in un vivace centro di attivit\u00e0 sia in mare che a terra. Oltre alla parata nautica, il <strong>&#8220;Villaggio in Italia&#8221;<\/strong> offrir\u00e0 ai visitatori un&#8217;esperienza immersiva con mostre, incontri e attivit\u00e0 che esploreranno la ricca storia della marineria italiana e il profondo legame tra Trieste e la Vespucci. Tra le attrazioni principali, sar\u00e0 possibile visitare la Nave Amerigo Vespucci e la Nave Trieste, previa prenotazione.<\/p><p>L&#8217;organizzazione dell&#8217;evento \u00e8 frutto della collaborazione tra <strong>Barcolana, il Ministero della Difesa, Difesa Servizi e Rai<\/strong>, uniti nell&#8217;intento di rendere omaggio a un&#8217;icona della marineria italiana. La partecipazione alla &#8220;Barcolana Special Edition Boat Parade&#8221; \u00e8 aperta a tutte le imbarcazioni, e le iscrizioni hanno gi\u00e0 superato le aspettative, con oltre <strong>856 registrazioni confermate<\/strong> al 24 febbraio 2025.<\/p>\t\t\t\t\t\t<\/div>\n\t\t\t\t<\/div>\n\t\t\t\t<div class=\"elementor-element elementor-element-6ae14f3 elementor-widget elementor-widget-image\" data-id=\"6ae14f3\" data-element_type=\"widget\" data-widget_type=\"image.default\">\n\t\t\t\t<div class=\"elementor-widget-container\">\n\t\t\t<style>\/*! elementor - v3.20.0 - 10-04-2024 *\/\n.elementor-widget-image{text-align:center}.elementor-widget-image a{display:inline-block}.elementor-widget-image a img[src$=\".svg\"]{width:48px}.elementor-widget-image img{vertical-align:middle;display:inline-block}<\/style>\t\t\t\t\t\t\t\t\t\t<img fetchpriority=\"high\" decoding=\"async\" width=\"751\" height=\"422\" src=\"https:\/\/www.portopiccoloapartments.com\/blog\/wp-content\/uploads\/2025\/02\/04-2-768x432.jpg\" class=\"attachment-medium_large size-medium_large wp-image-1194\" alt=\"\" srcset=\"https:\/\/www.portopiccoloapartments.com\/blog\/wp-content\/uploads\/2025\/02\/04-2-768x432.jpg 768w, https:\/\/www.portopiccoloapartments.com\/blog\/wp-content\/uploads\/2025\/02\/04-2-1536x865.jpg 1536w, https:\/\/www.portopiccoloapartments.com\/blog\/wp-content\/uploads\/2025\/02\/04-2.jpg 2000w\" sizes=\"(max-width: 751px) 100vw, 751px\" \/>\t\t\t\t\t\t\t\t\t\t\t\t\t<\/div>\n\t\t\t\t<\/div>\n\t\t\t\t\t<\/div>\n\t\t\t\t<\/div>\n\t\t<div class=\"elementor-element elementor-element-646d8fe e-flex e-con-boxed e-con e-parent\" data-id=\"646d8fe\" data-element_type=\"container\" data-core-v316-plus=\"true\">\n\t\t\t\t\t<div class=\"e-con-inner\">\n\t\t\t\t<div class=\"elementor-element elementor-element-9b47b4c elementor-widget elementor-widget-heading\" data-id=\"9b47b4c\" data-element_type=\"widget\" data-widget_type=\"heading.default\">\n\t\t\t\t<div class=\"elementor-widget-container\">\n\t\t\t<h3 class=\"elementor-heading-title elementor-size-default\">Dove Soggiornare: Il Comfort di Portopiccolo Apartments<\/h3>\t\t<\/div>\n\t\t\t\t<\/div>\n\t\t\t\t<div class=\"elementor-element elementor-element-d44ff61 elementor-widget elementor-widget-text-editor\" data-id=\"d44ff61\" data-element_type=\"widget\" data-widget_type=\"text-editor.default\">\n\t\t\t\t<div class=\"elementor-widget-container\">\n\t\t\t\t\t\t\t<p data-pm-slice=\"1 1 []\">Per vivere al meglio questo evento unico, un&#8217;opzione ideale \u00e8 soggiornare presso <strong>Portopiccolo Apartments<\/strong>, una struttura esclusiva situata a pochi chilometri da Trieste. Questo angolo di paradiso offre un perfetto equilibrio tra lusso e relax, con vista mozzafiato sul mare e servizi di alto livello.<\/p><p>Soggiornando a <strong>Portopiccolo<\/strong>, potrai goderti la tranquillit\u00e0 di un borgo marinaro moderno e al tempo stesso essere a breve distanza dal cuore dell&#8217;evento. Dopo una giornata trascorsa tra le meraviglie della Vespucci e le attivit\u00e0 a terra, potrai rilassarti nelle eleganti residenze, gustare la cucina locale nei ristoranti sul mare e concederti momenti di benessere nelle spa della struttura. Inoltre, grazie ai comodi collegamenti, raggiungere Trieste e il porto sar\u00e0 semplice e veloce.<\/p><p>Questo evento rappresenta un&#8217;opportunit\u00e0 unica per gli appassionati di mare e per chi desidera immergersi nella tradizione nautica italiana, celebrando insieme l&#8217;arrivo della nave pi\u00f9 bella del mondo nel cuore di Trieste.<\/p><p><a href=\"https:\/\/www.portopiccoloapartments.com\/\">Prenota<\/a> il tuo soggiorno a <strong>Portopiccolo Apartments<\/strong> e vivi un\u2019esperienza indimenticabile tra lusso, cultura e tradizione marittima!<\/p>\t\t\t\t\t\t<\/div>\n\t\t\t\t<\/div>\n\t\t\t\t\t<\/div>\n\t\t\t\t<\/div>\n\t\t\t\t<\/div>\n\t\t","protected":false},"excerpt":{"rendered":"<p>Trieste Accoglie la Nave Scuola Amerigo Vespucci Il 1\u00b0 marzo 2025, il Golfo di Trieste sar\u00e0 il palcoscenico di un&#8230;<\/p>\n","protected":false},"author":2,"featured_media":728,"comment_status":"open","ping_status":"open","sticky":false,"template":"","format":"standard","meta":{"footnotes":""},"categories":[33],"tags":[],"class_list":["post-1181","post","type-post","status-publish","format-standard","has-post-thumbnail","hentry","category-lifestyle"],"yoast_head":"<!-- This site is optimized with the Yoast SEO plugin v22.4 - https:\/\/yoast.com\/wordpress\/plugins\/seo\/ -->\n<title>Nave-scuola Amerigo Vespucci torna a Trieste - Blog<\/title>\n<meta name=\"robots\" content=\"index, follow, max-snippet:-1, max-image-preview:large, max-video-preview:-1\" \/>\n<link rel=\"canonical\" href=\"https:\/\/www.portopiccoloapartments.com\/blog\/nave-scuola-amerigo-vespucci-torna-a-trieste\/\" \/>\n<meta property=\"og:locale\" content=\"it_IT\" \/>\n<meta property=\"og:type\" content=\"article\" \/>\n<meta property=\"og:title\" content=\"Nave-scuola Amerigo Vespucci torna a Trieste - Blog\" \/>\n<meta property=\"og:description\" content=\"Trieste Accoglie la Nave Scuola Amerigo Vespucci Il 1\u00b0 marzo 2025, il Golfo di Trieste sar\u00e0 il palcoscenico di un...\" \/>\n<meta property=\"og:url\" content=\"https:\/\/www.portopiccoloapartments.com\/blog\/nave-scuola-amerigo-vespucci-torna-a-trieste\/\" \/>\n<meta property=\"og:site_name\" content=\"Blog\" \/>\n<meta property=\"article:published_time\" content=\"2025-02-28T17:24:44+00:00\" \/>\n<meta property=\"article:modified_time\" content=\"2025-06-16T13:02:26+00:00\" \/>\n<meta property=\"og:image\" content=\"https:\/\/www.portopiccoloapartments.com\/blog\/wp-content\/uploads\/2024\/09\/Piazza_Unita_du2019Italia-1080x611-1.jpg\" \/>\n\t<meta property=\"og:image:width\" content=\"1080\" \/>\n\t<meta property=\"og:image:height\" content=\"611\" \/>\n\t<meta property=\"og:image:type\" content=\"image\/jpeg\" \/>\n<meta name=\"author\" content=\"portopiccoloapartments\" \/>\n<meta name=\"twitter:card\" content=\"summary_large_image\" \/>\n<meta name=\"twitter:label1\" content=\"Scritto da\" \/>\n\t<meta name=\"twitter:data1\" content=\"portopiccoloapartments\" \/>\n\t<meta name=\"twitter:label2\" content=\"Tempo di lettura stimato\" \/>\n\t<meta name=\"twitter:data2\" content=\"3 minuti\" \/>\n<script type=\"application\/ld+json\" class=\"yoast-schema-graph\">{\"@context\":\"https:\/\/schema.org\",\"@graph\":[{\"@type\":\"WebPage\",\"@id\":\"https:\/\/www.portopiccoloapartments.com\/blog\/nave-scuola-amerigo-vespucci-torna-a-trieste\/\",\"url\":\"https:\/\/www.portopiccoloapartments.com\/blog\/nave-scuola-amerigo-vespucci-torna-a-trieste\/\",\"name\":\"Nave-scuola Amerigo Vespucci torna a Trieste - Blog\",\"isPartOf\":{\"@id\":\"https:\/\/www.portopiccoloapartments.com\/blog\/#website\"},\"primaryImageOfPage\":{\"@id\":\"https:\/\/www.portopiccoloapartments.com\/blog\/nave-scuola-amerigo-vespucci-torna-a-trieste\/#primaryimage\"},\"image\":{\"@id\":\"https:\/\/www.portopiccoloapartments.com\/blog\/nave-scuola-amerigo-vespucci-torna-a-trieste\/#primaryimage\"},\"thumbnailUrl\":\"https:\/\/www.portopiccoloapartments.com\/blog\/wp-content\/uploads\/2024\/09\/Piazza_Unita_du2019Italia-1080x611-1.jpg\",\"datePublished\":\"2025-02-28T17:24:44+00:00\",\"dateModified\":\"2025-06-16T13:02:26+00:00\",\"author\":{\"@id\":\"https:\/\/www.portopiccoloapartments.com\/blog\/#\/schema\/person\/61d8286d97391fc95a71ef6b3d87b890\"},\"breadcrumb\":{\"@id\":\"https:\/\/www.portopiccoloapartments.com\/blog\/nave-scuola-amerigo-vespucci-torna-a-trieste\/#breadcrumb\"},\"inLanguage\":\"it-IT\",\"potentialAction\":[{\"@type\":\"ReadAction\",\"target\":[\"https:\/\/www.portopiccoloapartments.com\/blog\/nave-scuola-amerigo-vespucci-torna-a-trieste\/\"]}]},{\"@type\":\"ImageObject\",\"inLanguage\":\"it-IT\",\"@id\":\"https:\/\/www.portopiccoloapartments.com\/blog\/nave-scuola-amerigo-vespucci-torna-a-trieste\/#primaryimage\",\"url\":\"https:\/\/www.portopiccoloapartments.com\/blog\/wp-content\/uploads\/2024\/09\/Piazza_Unita_du2019Italia-1080x611-1.jpg\",\"contentUrl\":\"https:\/\/www.portopiccoloapartments.com\/blog\/wp-content\/uploads\/2024\/09\/Piazza_Unita_du2019Italia-1080x611-1.jpg\",\"width\":1080,\"height\":611,\"caption\":\"Trieste dal mare - Piazza Unit\u00e0 d'Italia\"},{\"@type\":\"BreadcrumbList\",\"@id\":\"https:\/\/www.portopiccoloapartments.com\/blog\/nave-scuola-amerigo-vespucci-torna-a-trieste\/#breadcrumb\",\"itemListElement\":[{\"@type\":\"ListItem\",\"position\":1,\"name\":\"Portada\",\"item\":\"https:\/\/www.portopiccoloapartments.com\/blog\/\"},{\"@type\":\"ListItem\",\"position\":2,\"name\":\"Nave-scuola Amerigo Vespucci torna a Trieste\"}]},{\"@type\":\"WebSite\",\"@id\":\"https:\/\/www.portopiccoloapartments.com\/blog\/#website\",\"url\":\"https:\/\/www.portopiccoloapartments.com\/blog\/\",\"name\":\"Blog\",\"description\":\"Portopiccoloapartments\",\"potentialAction\":[{\"@type\":\"SearchAction\",\"target\":{\"@type\":\"EntryPoint\",\"urlTemplate\":\"https:\/\/www.portopiccoloapartments.com\/blog\/?s={search_term_string}\"},\"query-input\":\"required name=search_term_string\"}],\"inLanguage\":\"it-IT\"},{\"@type\":\"Person\",\"@id\":\"https:\/\/www.portopiccoloapartments.com\/blog\/#\/schema\/person\/61d8286d97391fc95a71ef6b3d87b890\",\"name\":\"portopiccoloapartments\",\"image\":{\"@type\":\"ImageObject\",\"inLanguage\":\"it-IT\",\"@id\":\"https:\/\/www.portopiccoloapartments.com\/blog\/#\/schema\/person\/image\/\",\"url\":\"https:\/\/secure.gravatar.com\/avatar\/66183d990d4f136eb771e77d3a7da5bfa1e9d3add48bb98e18074e4d39cd2b10?s=96&d=mm&r=g\",\"contentUrl\":\"https:\/\/secure.gravatar.com\/avatar\/66183d990d4f136eb771e77d3a7da5bfa1e9d3add48bb98e18074e4d39cd2b10?s=96&d=mm&r=g\",\"caption\":\"portopiccoloapartments\"},\"url\":\"https:\/\/www.portopiccoloapartments.com\/blog\/author\/portopiccoloapartments\/\"}]}<\/script>\n<!-- \/ Yoast SEO plugin. -->","yoast_head_json":{"title":"Nave-scuola Amerigo Vespucci torna a Trieste - Blog","robots":{"index":"index","follow":"follow","max-snippet":"max-snippet:-1","max-image-preview":"max-image-preview:large","max-video-preview":"max-video-preview:-1"},"canonical":"https:\/\/www.portopiccoloapartments.com\/blog\/nave-scuola-amerigo-vespucci-torna-a-trieste\/","og_locale":"it_IT","og_type":"article","og_title":"Nave-scuola Amerigo Vespucci torna a Trieste - Blog","og_description":"Trieste Accoglie la Nave Scuola Amerigo Vespucci Il 1\u00b0 marzo 2025, il Golfo di Trieste sar\u00e0 il palcoscenico di un...","og_url":"https:\/\/www.portopiccoloapartments.com\/blog\/nave-scuola-amerigo-vespucci-torna-a-trieste\/","og_site_name":"Blog","article_published_time":"2025-02-28T17:24:44+00:00","article_modified_time":"2025-06-16T13:02:26+00:00","og_image":[{"width":1080,"height":611,"url":"https:\/\/www.portopiccoloapartments.com\/blog\/wp-content\/uploads\/2024\/09\/Piazza_Unita_du2019Italia-1080x611-1.jpg","type":"image\/jpeg"}],"author":"portopiccoloapartments","twitter_card":"summary_large_image","twitter_misc":{"Scritto da":"portopiccoloapartments","Tempo di lettura stimato":"3 minuti"},"schema":{"@context":"https:\/\/schema.org","@graph":[{"@type":"WebPage","@id":"https:\/\/www.portopiccoloapartments.com\/blog\/nave-scuola-amerigo-vespucci-torna-a-trieste\/","url":"https:\/\/www.portopiccoloapartments.com\/blog\/nave-scuola-amerigo-vespucci-torna-a-trieste\/","name":"Nave-scuola Amerigo Vespucci torna a Trieste - Blog","isPartOf":{"@id":"https:\/\/www.portopiccoloapartments.com\/blog\/#website"},"primaryImageOfPage":{"@id":"https:\/\/www.portopiccoloapartments.com\/blog\/nave-scuola-amerigo-vespucci-torna-a-trieste\/#primaryimage"},"image":{"@id":"https:\/\/www.portopiccoloapartments.com\/blog\/nave-scuola-amerigo-vespucci-torna-a-trieste\/#primaryimage"},"thumbnailUrl":"https:\/\/www.portopiccoloapartments.com\/blog\/wp-content\/uploads\/2024\/09\/Piazza_Unita_du2019Italia-1080x611-1.jpg","datePublished":"2025-02-28T17:24:44+00:00","dateModified":"2025-06-16T13:02:26+00:00","author":{"@id":"https:\/\/www.portopiccoloapartments.com\/blog\/#\/schema\/person\/61d8286d97391fc95a71ef6b3d87b890"},"breadcrumb":{"@id":"https:\/\/www.portopiccoloapartments.com\/blog\/nave-scuola-amerigo-vespucci-torna-a-trieste\/#breadcrumb"},"inLanguage":"it-IT","potentialAction":[{"@type":"ReadAction","target":["https:\/\/www.portopiccoloapartments.com\/blog\/nave-scuola-amerigo-vespucci-torna-a-trieste\/"]}]},{"@type":"ImageObject","inLanguage":"it-IT","@id":"https:\/\/www.portopiccoloapartments.com\/blog\/nave-scuola-amerigo-vespucci-torna-a-trieste\/#primaryimage","url":"https:\/\/www.portopiccoloapartments.com\/blog\/wp-content\/uploads\/2024\/09\/Piazza_Unita_du2019Italia-1080x611-1.jpg","contentUrl":"https:\/\/www.portopiccoloapartments.com\/blog\/wp-content\/uploads\/2024\/09\/Piazza_Unita_du2019Italia-1080x611-1.jpg","width":1080,"height":611,"caption":"Trieste dal mare - Piazza Unit\u00e0 d'Italia"},{"@type":"BreadcrumbList","@id":"https:\/\/www.portopiccoloapartments.com\/blog\/nave-scuola-amerigo-vespucci-torna-a-trieste\/#breadcrumb","itemListElement":[{"@type":"ListItem","position":1,"name":"Portada","item":"https:\/\/www.portopiccoloapartments.com\/blog\/"},{"@type":"ListItem","position":2,"name":"Nave-scuola Amerigo Vespucci torna a Trieste"}]},{"@type":"WebSite","@id":"https:\/\/www.portopiccoloapartments.com\/blog\/#website","url":"https:\/\/www.portopiccoloapartments.com\/blog\/","name":"Blog","description":"Portopiccoloapartments","potentialAction":[{"@type":"SearchAction","target":{"@type":"EntryPoint","urlTemplate":"https:\/\/www.portopiccoloapartments.com\/blog\/?s={search_term_string}"},"query-input":"required name=search_term_string"}],"inLanguage":"it-IT"},{"@type":"Person","@id":"https:\/\/www.portopiccoloapartments.com\/blog\/#\/schema\/person\/61d8286d97391fc95a71ef6b3d87b890","name":"portopiccoloapartments","image":{"@type":"ImageObject","inLanguage":"it-IT","@id":"https:\/\/www.portopiccoloapartments.com\/blog\/#\/schema\/person\/image\/","url":"https:\/\/secure.gravatar.com\/avatar\/66183d990d4f136eb771e77d3a7da5bfa1e9d3add48bb98e18074e4d39cd2b10?s=96&d=mm&r=g","contentUrl":"https:\/\/secure.gravatar.com\/avatar\/66183d990d4f136eb771e77d3a7da5bfa1e9d3add48bb98e18074e4d39cd2b10?s=96&d=mm&r=g","caption":"portopiccoloapartments"},"url":"https:\/\/www.portopiccoloapartments.com\/blog\/author\/portopiccoloapartments\/"}]}},"_links":{"self":[{"href":"https:\/\/www.portopiccoloapartments.com\/blog\/wp-json\/wp\/v2\/posts\/1181","targetHints":{"allow":["GET"]}}],"collection":[{"href":"https:\/\/www.portopiccoloapartments.com\/blog\/wp-json\/wp\/v2\/posts"}],"about":[{"href":"https:\/\/www.portopiccoloapartments.com\/blog\/wp-json\/wp\/v2\/types\/post"}],"author":[{"embeddable":true,"href":"https:\/\/www.portopiccoloapartments.com\/blog\/wp-json\/wp\/v2\/users\/2"}],"replies":[{"embeddable":true,"href":"https:\/\/www.portopiccoloapartments.com\/blog\/wp-json\/wp\/v2\/comments?post=1181"}],"version-history":[{"count":17,"href":"https:\/\/www.portopiccoloapartments.com\/blog\/wp-json\/wp\/v2\/posts\/1181\/revisions"}],"predecessor-version":[{"id":1210,"href":"https:\/\/www.portopiccoloapartments.com\/blog\/wp-json\/wp\/v2\/posts\/1181\/revisions\/1210"}],"wp:featuredmedia":[{"embeddable":true,"href":"https:\/\/www.portopiccoloapartments.com\/blog\/wp-json\/wp\/v2\/media\/728"}],"wp:attachment":[{"href":"https:\/\/www.portopiccoloapartments.com\/blog\/wp-json\/wp\/v2\/media?parent=1181"}],"wp:term":[{"taxonomy":"category","embeddable":true,"href":"https:\/\/www.portopiccoloapartments.com\/blog\/wp-json\/wp\/v2\/categories?post=1181"},{"taxonomy":"post_tag","embeddable":true,"href":"https:\/\/www.portopiccoloapartments.com\/blog\/wp-json\/wp\/v2\/tags?post=1181"}],"curies":[{"name":"wp","href":"https:\/\/api.w.org\/{rel}","templated":true}]}}