{"id":1269,"date":"2025-05-19T09:18:41","date_gmt":"2025-05-19T09:18:41","guid":{"rendered":"https:\/\/www.portopiccoloapartments.com\/blog\/?p=1269"},"modified":"2025-06-16T12:56:20","modified_gmt":"2025-06-16T12:56:20","slug":"portopiccolo-la-beverly-hills-delladriatico","status":"publish","type":"post","link":"https:\/\/www.portopiccoloapartments.com\/blog\/portopiccolo-la-beverly-hills-delladriatico\/","title":{"rendered":"Portopiccolo: La Beverly Hills dell\u2019Adriatico"},"content":{"rendered":"\t\t<div data-elementor-type=\"wp-post\" data-elementor-id=\"1269\" class=\"elementor elementor-1269\">\n\t\t\t\t<div class=\"elementor-element elementor-element-771da2b e-flex e-con-boxed e-con e-parent\" data-id=\"771da2b\" data-element_type=\"container\" data-core-v316-plus=\"true\">\n\t\t\t\t\t<div class=\"e-con-inner\">\n\t\t\t\t<div class=\"elementor-element elementor-element-791052a elementor-widget elementor-widget-heading\" data-id=\"791052a\" data-element_type=\"widget\" data-widget_type=\"heading.default\">\n\t\t\t\t<div class=\"elementor-widget-container\">\n\t\t\t<style>\/*! elementor - v3.20.0 - 10-04-2024 *\/\n.elementor-heading-title{padding:0;margin:0;line-height:1}.elementor-widget-heading .elementor-heading-title[class*=elementor-size-]>a{color:inherit;font-size:inherit;line-height:inherit}.elementor-widget-heading .elementor-heading-title.elementor-size-small{font-size:15px}.elementor-widget-heading .elementor-heading-title.elementor-size-medium{font-size:19px}.elementor-widget-heading .elementor-heading-title.elementor-size-large{font-size:29px}.elementor-widget-heading .elementor-heading-title.elementor-size-xl{font-size:39px}.elementor-widget-heading .elementor-heading-title.elementor-size-xxl{font-size:59px}<\/style><h2 class=\"elementor-heading-title elementor-size-default\">Portopiccolo: La Beverly Hills dell'Adriatico<\/h2>\t\t<\/div>\n\t\t\t\t<\/div>\n\t\t\t\t\t<\/div>\n\t\t\t\t<\/div>\n\t\t<div class=\"elementor-element elementor-element-785c304 e-flex e-con-boxed e-con e-parent\" data-id=\"785c304\" data-element_type=\"container\" data-core-v316-plus=\"true\">\n\t\t\t\t\t<div class=\"e-con-inner\">\n\t\t\t\t<div class=\"elementor-element elementor-element-e5f883a elementor-widget elementor-widget-text-editor\" data-id=\"e5f883a\" data-element_type=\"widget\" data-widget_type=\"text-editor.default\">\n\t\t\t\t<div class=\"elementor-widget-container\">\n\t\t\t<style>\/*! elementor - v3.20.0 - 10-04-2024 *\/\n.elementor-widget-text-editor.elementor-drop-cap-view-stacked .elementor-drop-cap{background-color:#69727d;color:#fff}.elementor-widget-text-editor.elementor-drop-cap-view-framed .elementor-drop-cap{color:#69727d;border:3px solid;background-color:transparent}.elementor-widget-text-editor:not(.elementor-drop-cap-view-default) .elementor-drop-cap{margin-top:8px}.elementor-widget-text-editor:not(.elementor-drop-cap-view-default) .elementor-drop-cap-letter{width:1em;height:1em}.elementor-widget-text-editor .elementor-drop-cap{float:left;text-align:center;line-height:1;font-size:50px}.elementor-widget-text-editor .elementor-drop-cap-letter{display:inline-block}<\/style>\t\t\t\t<p style=\"text-align: justify;\">C\u2019\u00e8 un luogo, affacciato sul <strong>Golfo di Trieste<\/strong>, dove l\u2019eleganza incontra la natura, dove ogni dettaglio racconta una visione di <strong>lusso discreto e raffinato<\/strong>. <br \/>\u00c8 <strong>Portopiccolo<\/strong>, nel Comune di <strong>Duino Aurisina<\/strong>, una perla incastonata tra le falesie carsiche, soprannominata dagli habitu\u00e9 la <strong>Beverly Hills dell\u2019Adriatico<\/strong>. Qui, l\u2019acqua turchese accarezza architetture ricercate, e il silenzio del Carso protegge un microcosmo pensato per chi sceglie uno <strong>stile di vita riservato, esclusivo, ma autentico<\/strong>.<\/p>\t\t\t\t\t\t<\/div>\n\t\t\t\t<\/div>\n\t\t\t\t\t<\/div>\n\t\t\t\t<\/div>\n\t\t<div class=\"elementor-element elementor-element-ce75873 e-flex e-con-boxed e-con e-parent\" data-id=\"ce75873\" data-element_type=\"container\" data-core-v316-plus=\"true\">\n\t\t\t\t\t<div class=\"e-con-inner\">\n\t\t\t\t<div class=\"elementor-element elementor-element-aae1d11 elementor-widget elementor-widget-image\" data-id=\"aae1d11\" data-element_type=\"widget\" data-widget_type=\"image.default\">\n\t\t\t\t<div class=\"elementor-widget-container\">\n\t\t\t<style>\/*! elementor - v3.20.0 - 10-04-2024 *\/\n.elementor-widget-image{text-align:center}.elementor-widget-image a{display:inline-block}.elementor-widget-image a img[src$=\".svg\"]{width:48px}.elementor-widget-image img{vertical-align:middle;display:inline-block}<\/style>\t\t\t\t\t\t\t\t\t\t<img fetchpriority=\"high\" decoding=\"async\" width=\"751\" height=\"296\" src=\"https:\/\/www.portopiccoloapartments.com\/blog\/wp-content\/uploads\/2024\/09\/WhatsApp-Image-2024-09-23-at-16.10.38-1600x630.jpeg\" class=\"attachment-large size-large wp-image-642\" alt=\"Vivere la Barcolana da Portopiccolo\" \/>\t\t\t\t\t\t\t\t\t\t\t\t\t<\/div>\n\t\t\t\t<\/div>\n\t\t\t\t<div class=\"elementor-element elementor-element-99e4079 elementor-widget elementor-widget-heading\" data-id=\"99e4079\" data-element_type=\"widget\" data-widget_type=\"heading.default\">\n\t\t\t\t<div class=\"elementor-widget-container\">\n\t\t\t<h3 class=\"elementor-heading-title elementor-size-default\">Vivere Portopiccolo: tra comfort e raffinatezza<\/h3>\t\t<\/div>\n\t\t\t\t<\/div>\n\t\t\t\t<div class=\"elementor-element elementor-element-525bdce elementor-widget elementor-widget-text-editor\" data-id=\"525bdce\" data-element_type=\"widget\" data-widget_type=\"text-editor.default\">\n\t\t\t\t<div class=\"elementor-widget-container\">\n\t\t\t\t\t\t\t<p style=\"text-align: justify;\">Portopiccolo \u00e8 la <strong>destinazione ideale<\/strong> per chi desidera una <strong>residenza sul mare<\/strong>, un <strong>soggiorno temporaneo<\/strong> o un <strong>pied-\u00e0-terre immerso nel comfort<\/strong>. Ville, appartamenti di design e\u00a0 suite accessoriate si distinguono per l\u2019equilibrio perfetto tra <strong>estetica e funzionalit\u00e0, <\/strong>offrendo soluzioni abitative raffinate e contemporanee.<br \/>Le giornate scorrono leggere, tra un caff\u00e8 in terrazza, un tuffo in piscina, una sessione di benessere nelle spa pi\u00f9 prestigiose del Nord Italia o una passeggiata tra le boutique selezionate e i locali gourmet.<\/p><p style=\"text-align: justify;\">Non \u00e8 solo un luogo in cui vivere o soggiornare: \u00e8 un\u2019esperienza completa, costruita su misura. Qui approdano armatori e imprenditori, artisti e viaggiatori esigenti. Portopiccolo \u00e8 anche un rifugio per chi desidera il mare d\u2019inverno, il silenzio in alta stagione, la bellezza ogni giorno.<\/p><p style=\"text-align: justify;\">Alle spalle di Portopiccolo, il\u00a0<strong>Carso<\/strong>\u00a0veglia con le sue alture scoscese, i sentieri che si aprono su panorami mozzafiato, i muretti a secco e i profumi della macchia. A far da cornice, due gioielli storici: il\u00a0<span style=\"font-weight: bold;\">Castello di Duino<\/span>, abitato ancora oggi dai Principi della Torre e Tasso, e il\u00a0<span style=\"font-weight: bold;\">Castello di Miramare<\/span>, nato come rifugio romantico dell\u2019arciduca Massimiliano d\u2019Asburgo. In mezzo, una costa punteggiata di insenature segrete, pareti da scalare e vigneti sospesi tra cielo e mare.<\/p>\t\t\t\t\t\t<\/div>\n\t\t\t\t<\/div>\n\t\t\t\t\t<\/div>\n\t\t\t\t<\/div>\n\t\t<div class=\"elementor-element elementor-element-21e3c07 e-flex e-con-boxed e-con e-parent\" data-id=\"21e3c07\" data-element_type=\"container\" data-core-v316-plus=\"true\">\n\t\t\t\t\t<div class=\"e-con-inner\">\n\t\t\t\t<div class=\"elementor-element elementor-element-8523d5b elementor-widget elementor-widget-heading\" data-id=\"8523d5b\" data-element_type=\"widget\" data-widget_type=\"heading.default\">\n\t\t\t\t<div class=\"elementor-widget-container\">\n\t\t\t<h3 class=\"elementor-heading-title elementor-size-default\">Natura, storia e cultura<\/h3>\t\t<\/div>\n\t\t\t\t<\/div>\n\t\t\t\t<div class=\"elementor-element elementor-element-f497298 elementor-widget elementor-widget-text-editor\" data-id=\"f497298\" data-element_type=\"widget\" data-widget_type=\"text-editor.default\">\n\t\t\t\t<div class=\"elementor-widget-container\">\n\t\t\t\t\t\t\t<p style=\"text-align: justify;\">Il fascino di <span style=\"color: #aa8e1a;\"><b>Portopiccolo<\/b><\/span> non si esaurisce nella bellezza naturale o nell\u2019ospitalit\u00e0 d\u2019eccellenza. \u00c8 anche <b>terra di storia e cultura<\/b>. A due chilometri, un sito paleontologico racconta la vita dei dinosauri nel Cretaceo, mentre tra le pieghe del bosco si nasconde un tempio dedicato al dio Mitra, testimonianza di culti antichi e di civilt\u00e0 di confine.<\/p><p style=\"text-align: justify;\">Confine che qui <b>non divide ma unisce<\/b>: a Portopiccolo e nei suoi dintorni, l\u2019anima italiana e quella slovena convivono armonicamente in una quotidianit\u00e0 fatta di tradizioni condivise. Ne sono simbolo le <b>Osmize<\/b>, osterie temporanee immerse nel verde, dove si degustano vini locali, salumi e formaggi artigianali in un\u2019atmosfera conviviale e sospesa nel tempo.<\/p>\t\t\t\t\t\t<\/div>\n\t\t\t\t<\/div>\n\t\t\t\t\t<\/div>\n\t\t\t\t<\/div>\n\t\t<div class=\"elementor-element elementor-element-63aca61 e-flex e-con-boxed e-con e-parent\" data-id=\"63aca61\" data-element_type=\"container\" data-core-v316-plus=\"true\">\n\t\t\t\t\t<div class=\"e-con-inner\">\n\t\t\t\t<div class=\"elementor-element elementor-element-cc2a85a elementor-widget elementor-widget-image\" data-id=\"cc2a85a\" data-element_type=\"widget\" data-widget_type=\"image.default\">\n\t\t\t\t<div class=\"elementor-widget-container\">\n\t\t\t\t\t\t\t\t\t\t\t\t\t<img decoding=\"async\" width=\"751\" height=\"436\" src=\"https:\/\/www.portopiccoloapartments.com\/blog\/wp-content\/uploads\/2025\/05\/IMG_0153-Modifica-e1747644195569-768x446.jpg\" class=\"attachment-medium_large size-medium_large wp-image-1363\" alt=\"\" srcset=\"https:\/\/www.portopiccoloapartments.com\/blog\/wp-content\/uploads\/2025\/05\/IMG_0153-Modifica-e1747644195569-768x446.jpg 768w, https:\/\/www.portopiccoloapartments.com\/blog\/wp-content\/uploads\/2025\/05\/IMG_0153-Modifica-e1747644195569-1536x892.jpg 1536w, https:\/\/www.portopiccoloapartments.com\/blog\/wp-content\/uploads\/2025\/05\/IMG_0153-Modifica-e1747644195569.jpg 1977w\" sizes=\"(max-width: 751px) 100vw, 751px\" \/>\t\t\t\t\t\t\t\t\t\t\t\t\t<\/div>\n\t\t\t\t<\/div>\n\t\t\t\t<div class=\"elementor-element elementor-element-48c178d elementor-widget elementor-widget-heading\" data-id=\"48c178d\" data-element_type=\"widget\" data-widget_type=\"heading.default\">\n\t\t\t\t<div class=\"elementor-widget-container\">\n\t\t\t<h3 class=\"elementor-heading-title elementor-size-default\">Un privilegio da vivere<\/h3>\t\t<\/div>\n\t\t\t\t<\/div>\n\t\t\t\t<div class=\"elementor-element elementor-element-f20b320 elementor-widget elementor-widget-text-editor\" data-id=\"f20b320\" data-element_type=\"widget\" data-widget_type=\"text-editor.default\">\n\t\t\t\t<div class=\"elementor-widget-container\">\n\t\t\t\t\t\t\t<p>A Portopiccolo, <b>lo sguardo si perde sull\u2019Adriatico<\/b> e il tempo sembra seguire un ritmo diverso, pi\u00f9 lento, pi\u00f9 vero. Che sia per un weekend o per una stagione intera, chi ci arriva scopre che questo <b>non \u00e8 semplicemente un luogo<\/b>.<\/p><p style=\"text-align: justify;\">\u00c8 un privilegio.<span style=\"color: #03036b;\"> <b>\u00c8 uno stile di vita<\/b>.<\/span><\/p>\t\t\t\t\t\t<\/div>\n\t\t\t\t<\/div>\n\t\t\t\t\t<\/div>\n\t\t\t\t<\/div>\n\t\t\t\t<\/div>\n\t\t","protected":false},"excerpt":{"rendered":"<p>Portopiccolo: La Beverly Hills dell&#8217;Adriatico C\u2019\u00e8 un luogo, affacciato sul Golfo di Trieste, dove l\u2019eleganza incontra la natura, dove ogni&#8230;<\/p>\n","protected":false},"author":2,"featured_media":1259,"comment_status":"open","ping_status":"open","sticky":false,"template":"","format":"standard","meta":{"footnotes":""},"categories":[33],"tags":[],"class_list":["post-1269","post","type-post","status-publish","format-standard","has-post-thumbnail","hentry","category-lifestyle"],"yoast_head":"<!-- This site is optimized with the Yoast SEO plugin v22.4 - https:\/\/yoast.com\/wordpress\/plugins\/seo\/ -->\n<title>Portopiccolo: La Beverly Hills dell\u2019Adriatico - Blog<\/title>\n<meta name=\"robots\" content=\"index, follow, max-snippet:-1, max-image-preview:large, max-video-preview:-1\" \/>\n<link rel=\"canonical\" href=\"https:\/\/www.portopiccoloapartments.com\/blog\/portopiccolo-la-beverly-hills-delladriatico\/\" \/>\n<meta property=\"og:locale\" content=\"it_IT\" \/>\n<meta property=\"og:type\" content=\"article\" \/>\n<meta property=\"og:title\" content=\"Portopiccolo: La Beverly Hills dell\u2019Adriatico - Blog\" \/>\n<meta property=\"og:description\" content=\"Portopiccolo: La Beverly Hills dell&#8217;Adriatico C\u2019\u00e8 un luogo, affacciato sul Golfo di Trieste, dove l\u2019eleganza incontra la natura, dove ogni...\" \/>\n<meta property=\"og:url\" content=\"https:\/\/www.portopiccoloapartments.com\/blog\/portopiccolo-la-beverly-hills-delladriatico\/\" \/>\n<meta property=\"og:site_name\" content=\"Blog\" \/>\n<meta property=\"article:published_time\" content=\"2025-05-19T09:18:41+00:00\" \/>\n<meta property=\"article:modified_time\" content=\"2025-06-16T12:56:20+00:00\" \/>\n<meta property=\"og:image\" content=\"https:\/\/www.portopiccoloapartments.com\/blog\/wp-content\/uploads\/2025\/05\/portopiccolo1.jpg\" \/>\n\t<meta property=\"og:image:width\" content=\"1200\" \/>\n\t<meta property=\"og:image:height\" content=\"1600\" \/>\n\t<meta property=\"og:image:type\" content=\"image\/jpeg\" \/>\n<meta name=\"author\" content=\"portopiccoloapartments\" \/>\n<meta name=\"twitter:card\" content=\"summary_large_image\" \/>\n<meta name=\"twitter:label1\" content=\"Scritto da\" \/>\n\t<meta name=\"twitter:data1\" content=\"portopiccoloapartments\" \/>\n\t<meta name=\"twitter:label2\" content=\"Tempo di lettura stimato\" \/>\n\t<meta name=\"twitter:data2\" content=\"3 minuti\" \/>\n<script type=\"application\/ld+json\" class=\"yoast-schema-graph\">{\"@context\":\"https:\/\/schema.org\",\"@graph\":[{\"@type\":\"WebPage\",\"@id\":\"https:\/\/www.portopiccoloapartments.com\/blog\/portopiccolo-la-beverly-hills-delladriatico\/\",\"url\":\"https:\/\/www.portopiccoloapartments.com\/blog\/portopiccolo-la-beverly-hills-delladriatico\/\",\"name\":\"Portopiccolo: La Beverly Hills dell\u2019Adriatico - Blog\",\"isPartOf\":{\"@id\":\"https:\/\/www.portopiccoloapartments.com\/blog\/#website\"},\"primaryImageOfPage\":{\"@id\":\"https:\/\/www.portopiccoloapartments.com\/blog\/portopiccolo-la-beverly-hills-delladriatico\/#primaryimage\"},\"image\":{\"@id\":\"https:\/\/www.portopiccoloapartments.com\/blog\/portopiccolo-la-beverly-hills-delladriatico\/#primaryimage\"},\"thumbnailUrl\":\"https:\/\/www.portopiccoloapartments.com\/blog\/wp-content\/uploads\/2025\/05\/portopiccolo1.jpg\",\"datePublished\":\"2025-05-19T09:18:41+00:00\",\"dateModified\":\"2025-06-16T12:56:20+00:00\",\"author\":{\"@id\":\"https:\/\/www.portopiccoloapartments.com\/blog\/#\/schema\/person\/61d8286d97391fc95a71ef6b3d87b890\"},\"breadcrumb\":{\"@id\":\"https:\/\/www.portopiccoloapartments.com\/blog\/portopiccolo-la-beverly-hills-delladriatico\/#breadcrumb\"},\"inLanguage\":\"it-IT\",\"potentialAction\":[{\"@type\":\"ReadAction\",\"target\":[\"https:\/\/www.portopiccoloapartments.com\/blog\/portopiccolo-la-beverly-hills-delladriatico\/\"]}]},{\"@type\":\"ImageObject\",\"inLanguage\":\"it-IT\",\"@id\":\"https:\/\/www.portopiccoloapartments.com\/blog\/portopiccolo-la-beverly-hills-delladriatico\/#primaryimage\",\"url\":\"https:\/\/www.portopiccoloapartments.com\/blog\/wp-content\/uploads\/2025\/05\/portopiccolo1.jpg\",\"contentUrl\":\"https:\/\/www.portopiccoloapartments.com\/blog\/wp-content\/uploads\/2025\/05\/portopiccolo1.jpg\",\"width\":1200,\"height\":1600},{\"@type\":\"BreadcrumbList\",\"@id\":\"https:\/\/www.portopiccoloapartments.com\/blog\/portopiccolo-la-beverly-hills-delladriatico\/#breadcrumb\",\"itemListElement\":[{\"@type\":\"ListItem\",\"position\":1,\"name\":\"Portada\",\"item\":\"https:\/\/www.portopiccoloapartments.com\/blog\/\"},{\"@type\":\"ListItem\",\"position\":2,\"name\":\"Portopiccolo: La Beverly Hills dell\u2019Adriatico\"}]},{\"@type\":\"WebSite\",\"@id\":\"https:\/\/www.portopiccoloapartments.com\/blog\/#website\",\"url\":\"https:\/\/www.portopiccoloapartments.com\/blog\/\",\"name\":\"Blog\",\"description\":\"Portopiccoloapartments\",\"potentialAction\":[{\"@type\":\"SearchAction\",\"target\":{\"@type\":\"EntryPoint\",\"urlTemplate\":\"https:\/\/www.portopiccoloapartments.com\/blog\/?s={search_term_string}\"},\"query-input\":\"required name=search_term_string\"}],\"inLanguage\":\"it-IT\"},{\"@type\":\"Person\",\"@id\":\"https:\/\/www.portopiccoloapartments.com\/blog\/#\/schema\/person\/61d8286d97391fc95a71ef6b3d87b890\",\"name\":\"portopiccoloapartments\",\"image\":{\"@type\":\"ImageObject\",\"inLanguage\":\"it-IT\",\"@id\":\"https:\/\/www.portopiccoloapartments.com\/blog\/#\/schema\/person\/image\/\",\"url\":\"https:\/\/secure.gravatar.com\/avatar\/66183d990d4f136eb771e77d3a7da5bfa1e9d3add48bb98e18074e4d39cd2b10?s=96&d=mm&r=g\",\"contentUrl\":\"https:\/\/secure.gravatar.com\/avatar\/66183d990d4f136eb771e77d3a7da5bfa1e9d3add48bb98e18074e4d39cd2b10?s=96&d=mm&r=g\",\"caption\":\"portopiccoloapartments\"},\"url\":\"https:\/\/www.portopiccoloapartments.com\/blog\/author\/portopiccoloapartments\/\"}]}<\/script>\n<!-- \/ Yoast SEO plugin. -->","yoast_head_json":{"title":"Portopiccolo: La Beverly Hills dell\u2019Adriatico - Blog","robots":{"index":"index","follow":"follow","max-snippet":"max-snippet:-1","max-image-preview":"max-image-preview:large","max-video-preview":"max-video-preview:-1"},"canonical":"https:\/\/www.portopiccoloapartments.com\/blog\/portopiccolo-la-beverly-hills-delladriatico\/","og_locale":"it_IT","og_type":"article","og_title":"Portopiccolo: La Beverly Hills dell\u2019Adriatico - Blog","og_description":"Portopiccolo: La Beverly Hills dell&#8217;Adriatico C\u2019\u00e8 un luogo, affacciato sul Golfo di Trieste, dove l\u2019eleganza incontra la natura, dove ogni...","og_url":"https:\/\/www.portopiccoloapartments.com\/blog\/portopiccolo-la-beverly-hills-delladriatico\/","og_site_name":"Blog","article_published_time":"2025-05-19T09:18:41+00:00","article_modified_time":"2025-06-16T12:56:20+00:00","og_image":[{"width":1200,"height":1600,"url":"https:\/\/www.portopiccoloapartments.com\/blog\/wp-content\/uploads\/2025\/05\/portopiccolo1.jpg","type":"image\/jpeg"}],"author":"portopiccoloapartments","twitter_card":"summary_large_image","twitter_misc":{"Scritto da":"portopiccoloapartments","Tempo di lettura stimato":"3 minuti"},"schema":{"@context":"https:\/\/schema.org","@graph":[{"@type":"WebPage","@id":"https:\/\/www.portopiccoloapartments.com\/blog\/portopiccolo-la-beverly-hills-delladriatico\/","url":"https:\/\/www.portopiccoloapartments.com\/blog\/portopiccolo-la-beverly-hills-delladriatico\/","name":"Portopiccolo: La Beverly Hills dell\u2019Adriatico - Blog","isPartOf":{"@id":"https:\/\/www.portopiccoloapartments.com\/blog\/#website"},"primaryImageOfPage":{"@id":"https:\/\/www.portopiccoloapartments.com\/blog\/portopiccolo-la-beverly-hills-delladriatico\/#primaryimage"},"image":{"@id":"https:\/\/www.portopiccoloapartments.com\/blog\/portopiccolo-la-beverly-hills-delladriatico\/#primaryimage"},"thumbnailUrl":"https:\/\/www.portopiccoloapartments.com\/blog\/wp-content\/uploads\/2025\/05\/portopiccolo1.jpg","datePublished":"2025-05-19T09:18:41+00:00","dateModified":"2025-06-16T12:56:20+00:00","author":{"@id":"https:\/\/www.portopiccoloapartments.com\/blog\/#\/schema\/person\/61d8286d97391fc95a71ef6b3d87b890"},"breadcrumb":{"@id":"https:\/\/www.portopiccoloapartments.com\/blog\/portopiccolo-la-beverly-hills-delladriatico\/#breadcrumb"},"inLanguage":"it-IT","potentialAction":[{"@type":"ReadAction","target":["https:\/\/www.portopiccoloapartments.com\/blog\/portopiccolo-la-beverly-hills-delladriatico\/"]}]},{"@type":"ImageObject","inLanguage":"it-IT","@id":"https:\/\/www.portopiccoloapartments.com\/blog\/portopiccolo-la-beverly-hills-delladriatico\/#primaryimage","url":"https:\/\/www.portopiccoloapartments.com\/blog\/wp-content\/uploads\/2025\/05\/portopiccolo1.jpg","contentUrl":"https:\/\/www.portopiccoloapartments.com\/blog\/wp-content\/uploads\/2025\/05\/portopiccolo1.jpg","width":1200,"height":1600},{"@type":"BreadcrumbList","@id":"https:\/\/www.portopiccoloapartments.com\/blog\/portopiccolo-la-beverly-hills-delladriatico\/#breadcrumb","itemListElement":[{"@type":"ListItem","position":1,"name":"Portada","item":"https:\/\/www.portopiccoloapartments.com\/blog\/"},{"@type":"ListItem","position":2,"name":"Portopiccolo: La Beverly Hills dell\u2019Adriatico"}]},{"@type":"WebSite","@id":"https:\/\/www.portopiccoloapartments.com\/blog\/#website","url":"https:\/\/www.portopiccoloapartments.com\/blog\/","name":"Blog","description":"Portopiccoloapartments","potentialAction":[{"@type":"SearchAction","target":{"@type":"EntryPoint","urlTemplate":"https:\/\/www.portopiccoloapartments.com\/blog\/?s={search_term_string}"},"query-input":"required name=search_term_string"}],"inLanguage":"it-IT"},{"@type":"Person","@id":"https:\/\/www.portopiccoloapartments.com\/blog\/#\/schema\/person\/61d8286d97391fc95a71ef6b3d87b890","name":"portopiccoloapartments","image":{"@type":"ImageObject","inLanguage":"it-IT","@id":"https:\/\/www.portopiccoloapartments.com\/blog\/#\/schema\/person\/image\/","url":"https:\/\/secure.gravatar.com\/avatar\/66183d990d4f136eb771e77d3a7da5bfa1e9d3add48bb98e18074e4d39cd2b10?s=96&d=mm&r=g","contentUrl":"https:\/\/secure.gravatar.com\/avatar\/66183d990d4f136eb771e77d3a7da5bfa1e9d3add48bb98e18074e4d39cd2b10?s=96&d=mm&r=g","caption":"portopiccoloapartments"},"url":"https:\/\/www.portopiccoloapartments.com\/blog\/author\/portopiccoloapartments\/"}]}},"_links":{"self":[{"href":"https:\/\/www.portopiccoloapartments.com\/blog\/wp-json\/wp\/v2\/posts\/1269","targetHints":{"allow":["GET"]}}],"collection":[{"href":"https:\/\/www.portopiccoloapartments.com\/blog\/wp-json\/wp\/v2\/posts"}],"about":[{"href":"https:\/\/www.portopiccoloapartments.com\/blog\/wp-json\/wp\/v2\/types\/post"}],"author":[{"embeddable":true,"href":"https:\/\/www.portopiccoloapartments.com\/blog\/wp-json\/wp\/v2\/users\/2"}],"replies":[{"embeddable":true,"href":"https:\/\/www.portopiccoloapartments.com\/blog\/wp-json\/wp\/v2\/comments?post=1269"}],"version-history":[{"count":20,"href":"https:\/\/www.portopiccoloapartments.com\/blog\/wp-json\/wp\/v2\/posts\/1269\/revisions"}],"predecessor-version":[{"id":1378,"href":"https:\/\/www.portopiccoloapartments.com\/blog\/wp-json\/wp\/v2\/posts\/1269\/revisions\/1378"}],"wp:featuredmedia":[{"embeddable":true,"href":"https:\/\/www.portopiccoloapartments.com\/blog\/wp-json\/wp\/v2\/media\/1259"}],"wp:attachment":[{"href":"https:\/\/www.portopiccoloapartments.com\/blog\/wp-json\/wp\/v2\/media?parent=1269"}],"wp:term":[{"taxonomy":"category","embeddable":true,"href":"https:\/\/www.portopiccoloapartments.com\/blog\/wp-json\/wp\/v2\/categories?post=1269"},{"taxonomy":"post_tag","embeddable":true,"href":"https:\/\/www.portopiccoloapartments.com\/blog\/wp-json\/wp\/v2\/tags?post=1269"}],"curies":[{"name":"wp","href":"https:\/\/api.w.org\/{rel}","templated":true}]}}