{"id":1567,"date":"2025-06-17T14:29:03","date_gmt":"2025-06-17T14:29:03","guid":{"rendered":"https:\/\/www.portopiccoloapartments.com\/blog\/?p=1567"},"modified":"2025-06-17T14:29:07","modified_gmt":"2025-06-17T14:29:07","slug":"portopiccolo-vivere-tra-due-castelli-sospesi-tra-storia-natura-e-design","status":"publish","type":"post","link":"https:\/\/www.portopiccoloapartments.com\/blog\/portopiccolo-vivere-tra-due-castelli-sospesi-tra-storia-natura-e-design\/","title":{"rendered":"Portopiccolo: vivere tra due castelli, sospesi tra storia, natura e design"},"content":{"rendered":"\t\t<div data-elementor-type=\"wp-post\" data-elementor-id=\"1567\" class=\"elementor elementor-1567\">\n\t\t\t\t<div class=\"elementor-element elementor-element-efecf7e e-flex e-con-boxed e-con e-parent\" data-id=\"efecf7e\" data-element_type=\"container\" data-core-v316-plus=\"true\">\n\t\t\t\t\t<div class=\"e-con-inner\">\n\t\t\t\t<div class=\"elementor-element elementor-element-3b0cf15 elementor-widget elementor-widget-heading\" data-id=\"3b0cf15\" data-element_type=\"widget\" data-widget_type=\"heading.default\">\n\t\t\t\t<div class=\"elementor-widget-container\">\n\t\t\t<style>\/*! elementor - v3.20.0 - 10-04-2024 *\/\n.elementor-heading-title{padding:0;margin:0;line-height:1}.elementor-widget-heading .elementor-heading-title[class*=elementor-size-]>a{color:inherit;font-size:inherit;line-height:inherit}.elementor-widget-heading .elementor-heading-title.elementor-size-small{font-size:15px}.elementor-widget-heading .elementor-heading-title.elementor-size-medium{font-size:19px}.elementor-widget-heading .elementor-heading-title.elementor-size-large{font-size:29px}.elementor-widget-heading .elementor-heading-title.elementor-size-xl{font-size:39px}.elementor-widget-heading .elementor-heading-title.elementor-size-xxl{font-size:59px}<\/style><h2 class=\"elementor-heading-title elementor-size-default\">Portopiccolo: vivere tra due castelli, sospesi tra storia, natura e design<\/h2>\t\t<\/div>\n\t\t\t\t<\/div>\n\t\t\t\t<div class=\"elementor-element elementor-element-dba4469 elementor-widget elementor-widget-text-editor\" data-id=\"dba4469\" data-element_type=\"widget\" data-widget_type=\"text-editor.default\">\n\t\t\t\t<div class=\"elementor-widget-container\">\n\t\t\t<style>\/*! elementor - v3.20.0 - 10-04-2024 *\/\n.elementor-widget-text-editor.elementor-drop-cap-view-stacked .elementor-drop-cap{background-color:#69727d;color:#fff}.elementor-widget-text-editor.elementor-drop-cap-view-framed .elementor-drop-cap{color:#69727d;border:3px solid;background-color:transparent}.elementor-widget-text-editor:not(.elementor-drop-cap-view-default) .elementor-drop-cap{margin-top:8px}.elementor-widget-text-editor:not(.elementor-drop-cap-view-default) .elementor-drop-cap-letter{width:1em;height:1em}.elementor-widget-text-editor .elementor-drop-cap{float:left;text-align:center;line-height:1;font-size:50px}.elementor-widget-text-editor .elementor-drop-cap-letter{display:inline-block}<\/style>\t\t\t\t<p><span style=\"font-weight: 400;\">Portopiccolo \u00e8 un piccolo gioiello incastonato tra due custodi d\u2019eccezione. Da un lato il <a href=\"https:\/\/castellodiduino.it\/\"><span style=\"color: #03036b;\">Castello di Duino<\/span><\/a>, ancora oggi abitato dalla famiglia dei principi Turn und Taxis e custode di secoli di storia europea. Dall\u2019altro, il celebre<span style=\"color: #03036b;\"> Castello di Miramare<\/span>, affacciato sul mare come una poesia in pietra, scelto anche dall\u2019imperatrice Sissi come luogo d\u2019anima e di sosta. Due icone che raccontano un territorio unico, dove la bellezza non \u00e8 un\u2019eccezione, ma la regola.<\/span><\/p>\t\t\t\t\t\t<\/div>\n\t\t\t\t<\/div>\n\t\t\t\t<div class=\"elementor-element elementor-element-ee4f36a elementor-widget elementor-widget-image\" data-id=\"ee4f36a\" data-element_type=\"widget\" data-widget_type=\"image.default\">\n\t\t\t\t<div class=\"elementor-widget-container\">\n\t\t\t<style>\/*! elementor - v3.20.0 - 10-04-2024 *\/\n.elementor-widget-image{text-align:center}.elementor-widget-image a{display:inline-block}.elementor-widget-image a img[src$=\".svg\"]{width:48px}.elementor-widget-image img{vertical-align:middle;display:inline-block}<\/style>\t\t\t\t\t\t\t\t\t\t<img fetchpriority=\"high\" decoding=\"async\" width=\"2000\" height=\"1333\" src=\"https:\/\/www.portopiccoloapartments.com\/blog\/wp-content\/uploads\/2025\/06\/cdp-WEB40.jpg\" class=\"attachment-2048x2048 size-2048x2048 wp-image-1604\" alt=\"\" srcset=\"https:\/\/www.portopiccoloapartments.com\/blog\/wp-content\/uploads\/2025\/06\/cdp-WEB40.jpg 2000w, https:\/\/www.portopiccoloapartments.com\/blog\/wp-content\/uploads\/2025\/06\/cdp-WEB40-768x512.jpg 768w, https:\/\/www.portopiccoloapartments.com\/blog\/wp-content\/uploads\/2025\/06\/cdp-WEB40-1536x1024.jpg 1536w\" sizes=\"(max-width: 2000px) 100vw, 2000px\" \/>\t\t\t\t\t\t\t\t\t\t\t\t\t<\/div>\n\t\t\t\t<\/div>\n\t\t\t\t\t<\/div>\n\t\t\t\t<\/div>\n\t\t<div class=\"elementor-element elementor-element-cab1869 e-flex e-con-boxed e-con e-parent\" data-id=\"cab1869\" data-element_type=\"container\" data-core-v316-plus=\"true\">\n\t\t\t\t\t<div class=\"e-con-inner\">\n\t\t\t\t<div class=\"elementor-element elementor-element-5d16d40 elementor-widget elementor-widget-heading\" data-id=\"5d16d40\" data-element_type=\"widget\" data-widget_type=\"heading.default\">\n\t\t\t\t<div class=\"elementor-widget-container\">\n\t\t\t<h3 class=\"elementor-heading-title elementor-size-default\">Un panorama che non si pu\u00f2 descrivere, ma si pu\u00f2 vivere\n<\/h3>\t\t<\/div>\n\t\t\t\t<\/div>\n\t\t\t\t<div class=\"elementor-element elementor-element-f0d018c elementor-widget elementor-widget-text-editor\" data-id=\"f0d018c\" data-element_type=\"widget\" data-widget_type=\"text-editor.default\">\n\t\t\t\t<div class=\"elementor-widget-container\">\n\t\t\t\t\t\t\t<p><span style=\"font-weight: 400;\">Tra questi due simboli sorge <span style=\"color: #aa8e1a;\">Portopiccolo<\/span>, un borgo contemporaneo costruito sulla base di un\u2019antica cava di pietra carsica. Un luogo che ha saputo rigenerarsi senza perdere la sua anima: qui la roccia scolpita dal tempo dialoga con il design pi\u00f9 essenziale, in un equilibrio perfetto tra eleganza e autenticit\u00e0.<\/span><span style=\"font-weight: 400;\"><br \/><\/span><span style=\"font-weight: 400;\"><br \/><\/span><span style=\"font-weight: 400;\">Alle spalle, il Carso e le sue pietre bianche, i sentieri naturalistici e le riserve protette. Davanti, l\u2019Adriatico che si apre in un abbraccio cristallino verso il Golfo di Trieste, con la Croazia all\u2019orizzonte e, nei giorni pi\u00f9 limpidi, perfino le Dolomiti friulane sullo sfondo. Qui ogni scorcio \u00e8 un invito alla meraviglia.<\/span><\/p>\t\t\t\t\t\t<\/div>\n\t\t\t\t<\/div>\n\t\t\t\t\t<\/div>\n\t\t\t\t<\/div>\n\t\t<div class=\"elementor-element elementor-element-6e58654 e-flex e-con-boxed e-con e-parent\" data-id=\"6e58654\" data-element_type=\"container\" data-core-v316-plus=\"true\">\n\t\t\t\t\t<div class=\"e-con-inner\">\n\t\t\t\t<div class=\"elementor-element elementor-element-4e4bb1f elementor-widget elementor-widget-heading\" data-id=\"4e4bb1f\" data-element_type=\"widget\" data-widget_type=\"heading.default\">\n\t\t\t\t<div class=\"elementor-widget-container\">\n\t\t\t<h3 class=\"elementor-heading-title elementor-size-default\">Portopiccolo Apartments: il lusso della semplicit\u00e0<\/h3>\t\t<\/div>\n\t\t\t\t<\/div>\n\t\t\t\t<div class=\"elementor-element elementor-element-5e6f096 elementor-widget elementor-widget-image\" data-id=\"5e6f096\" data-element_type=\"widget\" data-widget_type=\"image.default\">\n\t\t\t\t<div class=\"elementor-widget-container\">\n\t\t\t\t\t\t\t\t\t\t\t\t\t<img decoding=\"async\" width=\"751\" height=\"501\" src=\"https:\/\/www.portopiccoloapartments.com\/blog\/wp-content\/uploads\/2025\/06\/CDPH0031-Modifica-768x512.jpg\" class=\"attachment-medium_large size-medium_large wp-image-1592\" alt=\"Il lusso della semplicit\u00e0\" srcset=\"https:\/\/www.portopiccoloapartments.com\/blog\/wp-content\/uploads\/2025\/06\/CDPH0031-Modifica-768x512.jpg 768w, https:\/\/www.portopiccoloapartments.com\/blog\/wp-content\/uploads\/2025\/06\/CDPH0031-Modifica-1536x1024.jpg 1536w, https:\/\/www.portopiccoloapartments.com\/blog\/wp-content\/uploads\/2025\/06\/CDPH0031-Modifica-2048x1365.jpg 2048w\" sizes=\"(max-width: 751px) 100vw, 751px\" \/>\t\t\t\t\t\t\t\t\t\t\t\t\t<\/div>\n\t\t\t\t<\/div>\n\t\t\t\t<div class=\"elementor-element elementor-element-b2a0995 elementor-widget elementor-widget-text-editor\" data-id=\"b2a0995\" data-element_type=\"widget\" data-widget_type=\"text-editor.default\">\n\t\t\t\t<div class=\"elementor-widget-container\">\n\t\t\t\t\t\t\t<p data-start=\"1501\" data-end=\"1935\">Cosa significa vivere Portopiccolo? Significa scegliere un\u2019esperienza che sa essere esclusiva senza mai essere eccessiva. I nostri <span style=\"color: #03036b;\">appartamenti vista mare a Portopiccolo<\/span> e le ville sono disponibili anche per soggiorni brevi, offrendo il comfort di una casa con il servizio di un resort. Il design \u00e8 pulito, essenziale, raffinato. Nulla \u00e8 lasciato al caso, ma niente \u00e8 pretenzioso: la bellezza qui \u00e8 discreta, come dovrebbe essere.<\/p><p data-start=\"1937\" data-end=\"2275\">Ogni soluzione \u00e8 pensata per chi cerca un\u2019alternativa concreta agli hotel tradizionali, con spazi ampi, privacy, terrazze, cucine attrezzate, parcheggio, accesso diretto alla spiaggia e a tutti i servizi del borgo. Siamo la \u201cBeverly Hills dell\u2019Adriatico\u201d non per eccesso, ma per identit\u00e0: qui si vive bene, con gusto e senza ostentazioni.<\/p>\t\t\t\t\t\t<\/div>\n\t\t\t\t<\/div>\n\t\t\t\t\t<\/div>\n\t\t\t\t<\/div>\n\t\t<div class=\"elementor-element elementor-element-57b0526 e-flex e-con-boxed e-con e-parent\" data-id=\"57b0526\" data-element_type=\"container\" data-core-v316-plus=\"true\">\n\t\t\t\t\t<div class=\"e-con-inner\">\n\t\t\t\t<div class=\"elementor-element elementor-element-979428b elementor-widget elementor-widget-heading\" data-id=\"979428b\" data-element_type=\"widget\" data-widget_type=\"heading.default\">\n\t\t\t\t<div class=\"elementor-widget-container\">\n\t\t\t<h3 class=\"elementor-heading-title elementor-size-default\">Un borgo nuovo, con l\u2019anima antica del territorio<\/h3>\t\t<\/div>\n\t\t\t\t<\/div>\n\t\t\t\t<div class=\"elementor-element elementor-element-f8e3125 elementor-widget elementor-widget-image\" data-id=\"f8e3125\" data-element_type=\"widget\" data-widget_type=\"image.default\">\n\t\t\t\t<div class=\"elementor-widget-container\">\n\t\t\t\t\t\t\t\t\t\t\t\t\t<img decoding=\"async\" width=\"751\" height=\"501\" src=\"https:\/\/www.portopiccoloapartments.com\/blog\/wp-content\/uploads\/2024\/09\/IMG_0001-Modifica-768x512.jpg\" class=\"attachment-medium_large size-medium_large wp-image-751\" alt=\"Soggiornare a Portopiccolo\" srcset=\"https:\/\/www.portopiccoloapartments.com\/blog\/wp-content\/uploads\/2024\/09\/IMG_0001-Modifica-768x512.jpg 768w, https:\/\/www.portopiccoloapartments.com\/blog\/wp-content\/uploads\/2024\/09\/IMG_0001-Modifica-1536x1024.jpg 1536w, https:\/\/www.portopiccoloapartments.com\/blog\/wp-content\/uploads\/2024\/09\/IMG_0001-Modifica-2048x1365.jpg 2048w\" sizes=\"(max-width: 751px) 100vw, 751px\" \/>\t\t\t\t\t\t\t\t\t\t\t\t\t<\/div>\n\t\t\t\t<\/div>\n\t\t\t\t<div class=\"elementor-element elementor-element-223edd5 elementor-widget elementor-widget-text-editor\" data-id=\"223edd5\" data-element_type=\"widget\" data-widget_type=\"text-editor.default\">\n\t\t\t\t<div class=\"elementor-widget-container\">\n\t\t\t\t\t\t\t<p>Portopiccolo nasce dove prima sorgeva una cava: un luogo che ha contribuito a costruire le citt\u00e0 e i paesi di questa terra, e che oggi torna a nuova vita come simbolo di rinascita e rispetto per l\u2019ambiente. Ogni pietra, ogni scala, ogni scorcio richiama il legame profondo con il Carso e la sua identit\u00e0. Vivere qui \u00e8 abbracciare un territorio, non solo soggiornarvi.<\/p>\t\t\t\t\t\t<\/div>\n\t\t\t\t<\/div>\n\t\t\t\t\t<\/div>\n\t\t\t\t<\/div>\n\t\t<div class=\"elementor-element elementor-element-21d5f9d e-flex e-con-boxed e-con e-parent\" data-id=\"21d5f9d\" data-element_type=\"container\" data-core-v316-plus=\"true\">\n\t\t\t\t\t<div class=\"e-con-inner\">\n\t\t\t\t<div class=\"elementor-element elementor-element-9286212 elementor-widget elementor-widget-heading\" data-id=\"9286212\" data-element_type=\"widget\" data-widget_type=\"heading.default\">\n\t\t\t\t<div class=\"elementor-widget-container\">\n\t\t\t<h3 class=\"elementor-heading-title elementor-size-default\">Short rental, long pleasure: che tipo di soggiorno cerchi?<\/h3>\t\t<\/div>\n\t\t\t\t<\/div>\n\t\t\t\t<div class=\"elementor-element elementor-element-028b301 elementor-widget elementor-widget-text-editor\" data-id=\"028b301\" data-element_type=\"widget\" data-widget_type=\"text-editor.default\">\n\t\t\t\t<div class=\"elementor-widget-container\">\n\t\t\t\t\t\t\t<p>Portopiccolo Apartments \u00e8 pensato per chi desidera vivere il territorio senza rinunciare al comfort: per un weekend romantico, una settimana di mare, un mese di <span style=\"color: #03036b;\">smart working vista mare<\/span>, o addirittura per un\u2019esperienza di lungo periodo. Per ogni esigenza abbiamo la soluzione perfetta.<\/p><p><a href=\"https:\/\/www.portopiccoloapartments.com\/\">Scopri il tuo prossimo orizzonte<\/a>.<br \/><br data-start=\"3089\" data-end=\"3092\" \/>Vieni a vivere Portopiccolo. Non \u00e8 solo un soggiorno. \u00c8 un modo di stare al mondo.<\/p>\t\t\t\t\t\t<\/div>\n\t\t\t\t<\/div>\n\t\t\t\t\t<\/div>\n\t\t\t\t<\/div>\n\t\t\t\t<\/div>\n\t\t","protected":false},"excerpt":{"rendered":"<p>Portopiccolo: vivere tra due castelli, sospesi tra storia, natura e design Portopiccolo \u00e8 un piccolo gioiello incastonato tra due custodi&#8230;<\/p>\n","protected":false},"author":2,"featured_media":1588,"comment_status":"open","ping_status":"open","sticky":false,"template":"","format":"standard","meta":{"footnotes":""},"categories":[33],"tags":[42,28,26,41],"class_list":["post-1567","post","type-post","status-publish","format-standard","has-post-thumbnail","hentry","category-lifestyle","tag-appartamenti-vista-mare","tag-portopiccolo","tag-portopiccolo-apartments","tag-soggiorni-di-lusso"],"yoast_head":"<!-- This site is optimized with the Yoast SEO plugin v22.4 - https:\/\/yoast.com\/wordpress\/plugins\/seo\/ -->\n<title>Portopiccolo: vivere tra due castelli, sospesi tra storia, natura e design<\/title>\n<meta name=\"robots\" content=\"index, follow, max-snippet:-1, max-image-preview:large, max-video-preview:-1\" \/>\n<link rel=\"canonical\" href=\"https:\/\/www.portopiccoloapartments.com\/blog\/portopiccolo-vivere-tra-due-castelli-sospesi-tra-storia-natura-e-design\/\" \/>\n<meta property=\"og:locale\" content=\"it_IT\" \/>\n<meta property=\"og:type\" content=\"article\" \/>\n<meta property=\"og:title\" content=\"Portopiccolo: vivere tra due castelli, sospesi tra storia, natura e design\" \/>\n<meta property=\"og:description\" content=\"Portopiccolo: vivere tra due castelli, sospesi tra storia, natura e design Portopiccolo \u00e8 un piccolo gioiello incastonato tra due custodi...\" \/>\n<meta property=\"og:url\" content=\"https:\/\/www.portopiccoloapartments.com\/blog\/portopiccolo-vivere-tra-due-castelli-sospesi-tra-storia-natura-e-design\/\" \/>\n<meta property=\"og:site_name\" content=\"Blog\" \/>\n<meta property=\"article:published_time\" content=\"2025-06-17T14:29:03+00:00\" \/>\n<meta property=\"article:modified_time\" content=\"2025-06-17T14:29:07+00:00\" \/>\n<meta property=\"og:image\" content=\"https:\/\/www.portopiccoloapartments.com\/blog\/wp-content\/uploads\/2025\/06\/IMG-20250613-WA0024-1.jpg\" \/>\n\t<meta property=\"og:image:width\" content=\"2048\" \/>\n\t<meta property=\"og:image:height\" content=\"1536\" \/>\n\t<meta property=\"og:image:type\" content=\"image\/jpeg\" \/>\n<meta name=\"author\" content=\"portopiccoloapartments\" \/>\n<meta name=\"twitter:card\" content=\"summary_large_image\" \/>\n<meta name=\"twitter:label1\" content=\"Scritto da\" \/>\n\t<meta name=\"twitter:data1\" content=\"portopiccoloapartments\" \/>\n\t<meta name=\"twitter:label2\" content=\"Tempo di lettura stimato\" \/>\n\t<meta name=\"twitter:data2\" content=\"4 minuti\" \/>\n<script type=\"application\/ld+json\" class=\"yoast-schema-graph\">{\"@context\":\"https:\/\/schema.org\",\"@graph\":[{\"@type\":\"WebPage\",\"@id\":\"https:\/\/www.portopiccoloapartments.com\/blog\/portopiccolo-vivere-tra-due-castelli-sospesi-tra-storia-natura-e-design\/\",\"url\":\"https:\/\/www.portopiccoloapartments.com\/blog\/portopiccolo-vivere-tra-due-castelli-sospesi-tra-storia-natura-e-design\/\",\"name\":\"Portopiccolo: vivere tra due castelli, sospesi tra storia, natura e design\",\"isPartOf\":{\"@id\":\"https:\/\/www.portopiccoloapartments.com\/blog\/#website\"},\"primaryImageOfPage\":{\"@id\":\"https:\/\/www.portopiccoloapartments.com\/blog\/portopiccolo-vivere-tra-due-castelli-sospesi-tra-storia-natura-e-design\/#primaryimage\"},\"image\":{\"@id\":\"https:\/\/www.portopiccoloapartments.com\/blog\/portopiccolo-vivere-tra-due-castelli-sospesi-tra-storia-natura-e-design\/#primaryimage\"},\"thumbnailUrl\":\"https:\/\/www.portopiccoloapartments.com\/blog\/wp-content\/uploads\/2025\/06\/IMG-20250613-WA0024-1.jpg\",\"datePublished\":\"2025-06-17T14:29:03+00:00\",\"dateModified\":\"2025-06-17T14:29:07+00:00\",\"author\":{\"@id\":\"https:\/\/www.portopiccoloapartments.com\/blog\/#\/schema\/person\/61d8286d97391fc95a71ef6b3d87b890\"},\"breadcrumb\":{\"@id\":\"https:\/\/www.portopiccoloapartments.com\/blog\/portopiccolo-vivere-tra-due-castelli-sospesi-tra-storia-natura-e-design\/#breadcrumb\"},\"inLanguage\":\"it-IT\",\"potentialAction\":[{\"@type\":\"ReadAction\",\"target\":[\"https:\/\/www.portopiccoloapartments.com\/blog\/portopiccolo-vivere-tra-due-castelli-sospesi-tra-storia-natura-e-design\/\"]}]},{\"@type\":\"ImageObject\",\"inLanguage\":\"it-IT\",\"@id\":\"https:\/\/www.portopiccoloapartments.com\/blog\/portopiccolo-vivere-tra-due-castelli-sospesi-tra-storia-natura-e-design\/#primaryimage\",\"url\":\"https:\/\/www.portopiccoloapartments.com\/blog\/wp-content\/uploads\/2025\/06\/IMG-20250613-WA0024-1.jpg\",\"contentUrl\":\"https:\/\/www.portopiccoloapartments.com\/blog\/wp-content\/uploads\/2025\/06\/IMG-20250613-WA0024-1.jpg\",\"width\":2048,\"height\":1536,\"caption\":\"Vista sul Castello di Duino\"},{\"@type\":\"BreadcrumbList\",\"@id\":\"https:\/\/www.portopiccoloapartments.com\/blog\/portopiccolo-vivere-tra-due-castelli-sospesi-tra-storia-natura-e-design\/#breadcrumb\",\"itemListElement\":[{\"@type\":\"ListItem\",\"position\":1,\"name\":\"Portada\",\"item\":\"https:\/\/www.portopiccoloapartments.com\/blog\/\"},{\"@type\":\"ListItem\",\"position\":2,\"name\":\"Portopiccolo: vivere tra due castelli, sospesi tra storia, natura e design\"}]},{\"@type\":\"WebSite\",\"@id\":\"https:\/\/www.portopiccoloapartments.com\/blog\/#website\",\"url\":\"https:\/\/www.portopiccoloapartments.com\/blog\/\",\"name\":\"Blog\",\"description\":\"Portopiccoloapartments\",\"potentialAction\":[{\"@type\":\"SearchAction\",\"target\":{\"@type\":\"EntryPoint\",\"urlTemplate\":\"https:\/\/www.portopiccoloapartments.com\/blog\/?s={search_term_string}\"},\"query-input\":\"required name=search_term_string\"}],\"inLanguage\":\"it-IT\"},{\"@type\":\"Person\",\"@id\":\"https:\/\/www.portopiccoloapartments.com\/blog\/#\/schema\/person\/61d8286d97391fc95a71ef6b3d87b890\",\"name\":\"portopiccoloapartments\",\"image\":{\"@type\":\"ImageObject\",\"inLanguage\":\"it-IT\",\"@id\":\"https:\/\/www.portopiccoloapartments.com\/blog\/#\/schema\/person\/image\/\",\"url\":\"https:\/\/secure.gravatar.com\/avatar\/66183d990d4f136eb771e77d3a7da5bfa1e9d3add48bb98e18074e4d39cd2b10?s=96&d=mm&r=g\",\"contentUrl\":\"https:\/\/secure.gravatar.com\/avatar\/66183d990d4f136eb771e77d3a7da5bfa1e9d3add48bb98e18074e4d39cd2b10?s=96&d=mm&r=g\",\"caption\":\"portopiccoloapartments\"},\"url\":\"https:\/\/www.portopiccoloapartments.com\/blog\/author\/portopiccoloapartments\/\"}]}<\/script>\n<!-- \/ Yoast SEO plugin. -->","yoast_head_json":{"title":"Portopiccolo: vivere tra due castelli, sospesi tra storia, natura e design","robots":{"index":"index","follow":"follow","max-snippet":"max-snippet:-1","max-image-preview":"max-image-preview:large","max-video-preview":"max-video-preview:-1"},"canonical":"https:\/\/www.portopiccoloapartments.com\/blog\/portopiccolo-vivere-tra-due-castelli-sospesi-tra-storia-natura-e-design\/","og_locale":"it_IT","og_type":"article","og_title":"Portopiccolo: vivere tra due castelli, sospesi tra storia, natura e design","og_description":"Portopiccolo: vivere tra due castelli, sospesi tra storia, natura e design Portopiccolo \u00e8 un piccolo gioiello incastonato tra due custodi...","og_url":"https:\/\/www.portopiccoloapartments.com\/blog\/portopiccolo-vivere-tra-due-castelli-sospesi-tra-storia-natura-e-design\/","og_site_name":"Blog","article_published_time":"2025-06-17T14:29:03+00:00","article_modified_time":"2025-06-17T14:29:07+00:00","og_image":[{"width":2048,"height":1536,"url":"https:\/\/www.portopiccoloapartments.com\/blog\/wp-content\/uploads\/2025\/06\/IMG-20250613-WA0024-1.jpg","type":"image\/jpeg"}],"author":"portopiccoloapartments","twitter_card":"summary_large_image","twitter_misc":{"Scritto da":"portopiccoloapartments","Tempo di lettura stimato":"4 minuti"},"schema":{"@context":"https:\/\/schema.org","@graph":[{"@type":"WebPage","@id":"https:\/\/www.portopiccoloapartments.com\/blog\/portopiccolo-vivere-tra-due-castelli-sospesi-tra-storia-natura-e-design\/","url":"https:\/\/www.portopiccoloapartments.com\/blog\/portopiccolo-vivere-tra-due-castelli-sospesi-tra-storia-natura-e-design\/","name":"Portopiccolo: vivere tra due castelli, sospesi tra storia, natura e design","isPartOf":{"@id":"https:\/\/www.portopiccoloapartments.com\/blog\/#website"},"primaryImageOfPage":{"@id":"https:\/\/www.portopiccoloapartments.com\/blog\/portopiccolo-vivere-tra-due-castelli-sospesi-tra-storia-natura-e-design\/#primaryimage"},"image":{"@id":"https:\/\/www.portopiccoloapartments.com\/blog\/portopiccolo-vivere-tra-due-castelli-sospesi-tra-storia-natura-e-design\/#primaryimage"},"thumbnailUrl":"https:\/\/www.portopiccoloapartments.com\/blog\/wp-content\/uploads\/2025\/06\/IMG-20250613-WA0024-1.jpg","datePublished":"2025-06-17T14:29:03+00:00","dateModified":"2025-06-17T14:29:07+00:00","author":{"@id":"https:\/\/www.portopiccoloapartments.com\/blog\/#\/schema\/person\/61d8286d97391fc95a71ef6b3d87b890"},"breadcrumb":{"@id":"https:\/\/www.portopiccoloapartments.com\/blog\/portopiccolo-vivere-tra-due-castelli-sospesi-tra-storia-natura-e-design\/#breadcrumb"},"inLanguage":"it-IT","potentialAction":[{"@type":"ReadAction","target":["https:\/\/www.portopiccoloapartments.com\/blog\/portopiccolo-vivere-tra-due-castelli-sospesi-tra-storia-natura-e-design\/"]}]},{"@type":"ImageObject","inLanguage":"it-IT","@id":"https:\/\/www.portopiccoloapartments.com\/blog\/portopiccolo-vivere-tra-due-castelli-sospesi-tra-storia-natura-e-design\/#primaryimage","url":"https:\/\/www.portopiccoloapartments.com\/blog\/wp-content\/uploads\/2025\/06\/IMG-20250613-WA0024-1.jpg","contentUrl":"https:\/\/www.portopiccoloapartments.com\/blog\/wp-content\/uploads\/2025\/06\/IMG-20250613-WA0024-1.jpg","width":2048,"height":1536,"caption":"Vista sul Castello di Duino"},{"@type":"BreadcrumbList","@id":"https:\/\/www.portopiccoloapartments.com\/blog\/portopiccolo-vivere-tra-due-castelli-sospesi-tra-storia-natura-e-design\/#breadcrumb","itemListElement":[{"@type":"ListItem","position":1,"name":"Portada","item":"https:\/\/www.portopiccoloapartments.com\/blog\/"},{"@type":"ListItem","position":2,"name":"Portopiccolo: vivere tra due castelli, sospesi tra storia, natura e design"}]},{"@type":"WebSite","@id":"https:\/\/www.portopiccoloapartments.com\/blog\/#website","url":"https:\/\/www.portopiccoloapartments.com\/blog\/","name":"Blog","description":"Portopiccoloapartments","potentialAction":[{"@type":"SearchAction","target":{"@type":"EntryPoint","urlTemplate":"https:\/\/www.portopiccoloapartments.com\/blog\/?s={search_term_string}"},"query-input":"required name=search_term_string"}],"inLanguage":"it-IT"},{"@type":"Person","@id":"https:\/\/www.portopiccoloapartments.com\/blog\/#\/schema\/person\/61d8286d97391fc95a71ef6b3d87b890","name":"portopiccoloapartments","image":{"@type":"ImageObject","inLanguage":"it-IT","@id":"https:\/\/www.portopiccoloapartments.com\/blog\/#\/schema\/person\/image\/","url":"https:\/\/secure.gravatar.com\/avatar\/66183d990d4f136eb771e77d3a7da5bfa1e9d3add48bb98e18074e4d39cd2b10?s=96&d=mm&r=g","contentUrl":"https:\/\/secure.gravatar.com\/avatar\/66183d990d4f136eb771e77d3a7da5bfa1e9d3add48bb98e18074e4d39cd2b10?s=96&d=mm&r=g","caption":"portopiccoloapartments"},"url":"https:\/\/www.portopiccoloapartments.com\/blog\/author\/portopiccoloapartments\/"}]}},"_links":{"self":[{"href":"https:\/\/www.portopiccoloapartments.com\/blog\/wp-json\/wp\/v2\/posts\/1567","targetHints":{"allow":["GET"]}}],"collection":[{"href":"https:\/\/www.portopiccoloapartments.com\/blog\/wp-json\/wp\/v2\/posts"}],"about":[{"href":"https:\/\/www.portopiccoloapartments.com\/blog\/wp-json\/wp\/v2\/types\/post"}],"author":[{"embeddable":true,"href":"https:\/\/www.portopiccoloapartments.com\/blog\/wp-json\/wp\/v2\/users\/2"}],"replies":[{"embeddable":true,"href":"https:\/\/www.portopiccoloapartments.com\/blog\/wp-json\/wp\/v2\/comments?post=1567"}],"version-history":[{"count":15,"href":"https:\/\/www.portopiccoloapartments.com\/blog\/wp-json\/wp\/v2\/posts\/1567\/revisions"}],"predecessor-version":[{"id":1653,"href":"https:\/\/www.portopiccoloapartments.com\/blog\/wp-json\/wp\/v2\/posts\/1567\/revisions\/1653"}],"wp:featuredmedia":[{"embeddable":true,"href":"https:\/\/www.portopiccoloapartments.com\/blog\/wp-json\/wp\/v2\/media\/1588"}],"wp:attachment":[{"href":"https:\/\/www.portopiccoloapartments.com\/blog\/wp-json\/wp\/v2\/media?parent=1567"}],"wp:term":[{"taxonomy":"category","embeddable":true,"href":"https:\/\/www.portopiccoloapartments.com\/blog\/wp-json\/wp\/v2\/categories?post=1567"},{"taxonomy":"post_tag","embeddable":true,"href":"https:\/\/www.portopiccoloapartments.com\/blog\/wp-json\/wp\/v2\/tags?post=1567"}],"curies":[{"name":"wp","href":"https:\/\/api.w.org\/{rel}","templated":true}]}}