{"id":1804,"date":"2025-07-17T14:58:10","date_gmt":"2025-07-17T14:58:10","guid":{"rendered":"https:\/\/www.portopiccoloapartments.com\/blog\/?p=1804"},"modified":"2025-07-17T14:58:11","modified_gmt":"2025-07-17T14:58:11","slug":"le-notti-del-vino-arrivano-sul-carso","status":"publish","type":"post","link":"https:\/\/www.portopiccoloapartments.com\/blog\/le-notti-del-vino-arrivano-sul-carso\/","title":{"rendered":"Le Notti del Vino arrivano sul Carso: il 24 luglio a Monrupino"},"content":{"rendered":"\t\t<div data-elementor-type=\"wp-post\" data-elementor-id=\"1804\" class=\"elementor elementor-1804\">\n\t\t\t\t<div class=\"elementor-element elementor-element-8dd4896 e-flex e-con-boxed e-con e-parent\" data-id=\"8dd4896\" data-element_type=\"container\" data-core-v316-plus=\"true\">\n\t\t\t\t\t<div class=\"e-con-inner\">\n\t\t\t\t<div class=\"elementor-element elementor-element-4f784e5 elementor-widget elementor-widget-heading\" data-id=\"4f784e5\" data-element_type=\"widget\" data-widget_type=\"heading.default\">\n\t\t\t\t<div class=\"elementor-widget-container\">\n\t\t\t<style>\/*! elementor - v3.20.0 - 10-04-2024 *\/\n.elementor-heading-title{padding:0;margin:0;line-height:1}.elementor-widget-heading .elementor-heading-title[class*=elementor-size-]>a{color:inherit;font-size:inherit;line-height:inherit}.elementor-widget-heading .elementor-heading-title.elementor-size-small{font-size:15px}.elementor-widget-heading .elementor-heading-title.elementor-size-medium{font-size:19px}.elementor-widget-heading .elementor-heading-title.elementor-size-large{font-size:29px}.elementor-widget-heading .elementor-heading-title.elementor-size-xl{font-size:39px}.elementor-widget-heading .elementor-heading-title.elementor-size-xxl{font-size:59px}<\/style><h2 class=\"elementor-heading-title elementor-size-default\">Le Notti del Vino arrivano sul Carso: gioved\u00ec 24 luglio l'appuntamento \u00e8 a Monrupino<\/h2>\t\t<\/div>\n\t\t\t\t<\/div>\n\t\t\t\t\t<\/div>\n\t\t\t\t<\/div>\n\t\t<div class=\"elementor-element elementor-element-c10806f e-flex e-con-boxed e-con e-parent\" data-id=\"c10806f\" data-element_type=\"container\" data-core-v316-plus=\"true\">\n\t\t\t\t\t<div class=\"e-con-inner\">\n\t\t\t\t<div class=\"elementor-element elementor-element-7eaf6c9 elementor-widget elementor-widget-text-editor\" data-id=\"7eaf6c9\" data-element_type=\"widget\" data-widget_type=\"text-editor.default\">\n\t\t\t\t<div class=\"elementor-widget-container\">\n\t\t\t<style>\/*! elementor - v3.20.0 - 10-04-2024 *\/\n.elementor-widget-text-editor.elementor-drop-cap-view-stacked .elementor-drop-cap{background-color:#69727d;color:#fff}.elementor-widget-text-editor.elementor-drop-cap-view-framed .elementor-drop-cap{color:#69727d;border:3px solid;background-color:transparent}.elementor-widget-text-editor:not(.elementor-drop-cap-view-default) .elementor-drop-cap{margin-top:8px}.elementor-widget-text-editor:not(.elementor-drop-cap-view-default) .elementor-drop-cap-letter{width:1em;height:1em}.elementor-widget-text-editor .elementor-drop-cap{float:left;text-align:center;line-height:1;font-size:50px}.elementor-widget-text-editor .elementor-drop-cap-letter{display:inline-block}<\/style>\t\t\t\t<p style=\"text-align: justify;\">Chi soggiorna a <em><span style=\"color: #03036b;\">Portopiccolo<\/span><\/em> durante l\u2019estate ha l\u2019imbarazzo della scelta tra mare, natura e sapori autentici. E per chi desidera immergersi nell\u2019anima pi\u00f9 profonda del territorio, <strong>gioved\u00ec 24 luglio<\/strong> c\u2019\u00e8 una tappa da non perdere:\u00a0<em>Le Notti del Vino<\/em>\u00a0arrivano a Monrupino, nella spettacolare cornice della Rocca del Tabor.<\/p><p style=\"text-align: justify;\" data-olk-copy-source=\"MessageBody\">A partire <strong>dalle 19.30<\/strong>, degustazioni con i produttori del Carso: Bizjak, Gomizelj, Milia, Str\u0161in\u2019veh, Skabar e Tav\u010dar, accompagnati dai piatti tipici dei ristoranti Kri\u017eman, Brin e Al Carso. Presenti anche aziende e locali dalla vicina Slovenia.<\/p><p style=\"text-align: justify;\">Musica dal vivo con il maestro Fulvijo Jurin\u010di\u010d e comicit\u00e0 con Tatjana Malalan. In mostra i \u201cFiori che non appassiscono\u201d del laboratorio RZ Repentabor.<\/p><p style=\"text-align: justify;\"><span data-olk-copy-source=\"MessageBody\">Biglietto degustazione: 25 euro (bicchiere cauzionato 5 euro). Prevendita su Ticketpoint Trieste o in loco.<\/span><\/p><p style=\"text-align: justify;\">Info: <span data-olk-copy-source=\"MessageBody\">+39 348 5166126 | prolocoaurisina@libero.it<\/span><\/p>\t\t\t\t\t\t<\/div>\n\t\t\t\t<\/div>\n\t\t\t\t\t<\/div>\n\t\t\t\t<\/div>\n\t\t<div class=\"elementor-element elementor-element-636a386 e-flex e-con-boxed e-con e-parent\" data-id=\"636a386\" data-element_type=\"container\" data-core-v316-plus=\"true\">\n\t\t\t\t\t<div class=\"e-con-inner\">\n\t\t\t\t<div class=\"elementor-element elementor-element-723e1ba elementor-widget elementor-widget-image\" data-id=\"723e1ba\" data-element_type=\"widget\" data-widget_type=\"image.default\">\n\t\t\t\t<div class=\"elementor-widget-container\">\n\t\t\t<style>\/*! elementor - v3.20.0 - 10-04-2024 *\/\n.elementor-widget-image{text-align:center}.elementor-widget-image a{display:inline-block}.elementor-widget-image a img[src$=\".svg\"]{width:48px}.elementor-widget-image img{vertical-align:middle;display:inline-block}<\/style>\t\t\t\t\t\t\t\t\t\t<img fetchpriority=\"high\" decoding=\"async\" width=\"751\" height=\"1077\" src=\"https:\/\/www.portopiccoloapartments.com\/blog\/wp-content\/uploads\/2025\/07\/monrupino-ndv-768x1101.png\" class=\"attachment-medium_large size-medium_large wp-image-1812\" alt=\"\" srcset=\"https:\/\/www.portopiccoloapartments.com\/blog\/wp-content\/uploads\/2025\/07\/monrupino-ndv-768x1101.png 768w, https:\/\/www.portopiccoloapartments.com\/blog\/wp-content\/uploads\/2025\/07\/monrupino-ndv-1072x1536.png 1072w, https:\/\/www.portopiccoloapartments.com\/blog\/wp-content\/uploads\/2025\/07\/monrupino-ndv.png 1228w\" sizes=\"(max-width: 751px) 100vw, 751px\" \/>\t\t\t\t\t\t\t\t\t\t\t\t\t<\/div>\n\t\t\t\t<\/div>\n\t\t\t\t\t<\/div>\n\t\t\t\t<\/div>\n\t\t\t\t<\/div>\n\t\t","protected":false},"excerpt":{"rendered":"<p>Le Notti del Vino arrivano sul Carso: gioved\u00ec 24 luglio l&#8217;appuntamento \u00e8 a Monrupino Chi soggiorna a Portopiccolo durante l\u2019estate&#8230;<\/p>\n","protected":false},"author":2,"featured_media":1812,"comment_status":"open","ping_status":"open","sticky":false,"template":"","format":"standard","meta":{"footnotes":""},"categories":[33],"tags":[28,26,61],"class_list":["post-1804","post","type-post","status-publish","format-standard","has-post-thumbnail","hentry","category-lifestyle","tag-portopiccolo","tag-portopiccolo-apartments","tag-vivi-portopiccolo"],"yoast_head":"<!-- This site is optimized with the Yoast SEO plugin v22.4 - https:\/\/yoast.com\/wordpress\/plugins\/seo\/ -->\n<title>Le Notti del Vino arrivano sul Carso: il 24 luglio a Monrupino - Blog<\/title>\n<meta name=\"robots\" content=\"index, follow, max-snippet:-1, max-image-preview:large, max-video-preview:-1\" \/>\n<link rel=\"canonical\" href=\"https:\/\/www.portopiccoloapartments.com\/blog\/le-notti-del-vino-arrivano-sul-carso\/\" \/>\n<meta property=\"og:locale\" content=\"it_IT\" \/>\n<meta property=\"og:type\" content=\"article\" \/>\n<meta property=\"og:title\" content=\"Le Notti del Vino arrivano sul Carso: il 24 luglio a Monrupino - Blog\" \/>\n<meta property=\"og:description\" content=\"Le Notti del Vino arrivano sul Carso: gioved\u00ec 24 luglio l&#8217;appuntamento \u00e8 a Monrupino Chi soggiorna a Portopiccolo durante l\u2019estate...\" \/>\n<meta property=\"og:url\" content=\"https:\/\/www.portopiccoloapartments.com\/blog\/le-notti-del-vino-arrivano-sul-carso\/\" \/>\n<meta property=\"og:site_name\" content=\"Blog\" \/>\n<meta property=\"article:published_time\" content=\"2025-07-17T14:58:10+00:00\" \/>\n<meta property=\"article:modified_time\" content=\"2025-07-17T14:58:11+00:00\" \/>\n<meta property=\"og:image\" content=\"https:\/\/www.portopiccoloapartments.com\/blog\/wp-content\/uploads\/2025\/07\/monrupino-ndv.png\" \/>\n\t<meta property=\"og:image:width\" content=\"1228\" \/>\n\t<meta property=\"og:image:height\" content=\"1760\" \/>\n\t<meta property=\"og:image:type\" content=\"image\/png\" \/>\n<meta name=\"author\" content=\"portopiccoloapartments\" \/>\n<meta name=\"twitter:card\" content=\"summary_large_image\" \/>\n<meta name=\"twitter:label1\" content=\"Scritto da\" \/>\n\t<meta name=\"twitter:data1\" content=\"portopiccoloapartments\" \/>\n\t<meta name=\"twitter:label2\" content=\"Tempo di lettura stimato\" \/>\n\t<meta name=\"twitter:data2\" content=\"2 minuti\" \/>\n<script type=\"application\/ld+json\" class=\"yoast-schema-graph\">{\"@context\":\"https:\/\/schema.org\",\"@graph\":[{\"@type\":\"WebPage\",\"@id\":\"https:\/\/www.portopiccoloapartments.com\/blog\/le-notti-del-vino-arrivano-sul-carso\/\",\"url\":\"https:\/\/www.portopiccoloapartments.com\/blog\/le-notti-del-vino-arrivano-sul-carso\/\",\"name\":\"Le Notti del Vino arrivano sul Carso: il 24 luglio a Monrupino - Blog\",\"isPartOf\":{\"@id\":\"https:\/\/www.portopiccoloapartments.com\/blog\/#website\"},\"primaryImageOfPage\":{\"@id\":\"https:\/\/www.portopiccoloapartments.com\/blog\/le-notti-del-vino-arrivano-sul-carso\/#primaryimage\"},\"image\":{\"@id\":\"https:\/\/www.portopiccoloapartments.com\/blog\/le-notti-del-vino-arrivano-sul-carso\/#primaryimage\"},\"thumbnailUrl\":\"https:\/\/www.portopiccoloapartments.com\/blog\/wp-content\/uploads\/2025\/07\/monrupino-ndv.png\",\"datePublished\":\"2025-07-17T14:58:10+00:00\",\"dateModified\":\"2025-07-17T14:58:11+00:00\",\"author\":{\"@id\":\"https:\/\/www.portopiccoloapartments.com\/blog\/#\/schema\/person\/61d8286d97391fc95a71ef6b3d87b890\"},\"breadcrumb\":{\"@id\":\"https:\/\/www.portopiccoloapartments.com\/blog\/le-notti-del-vino-arrivano-sul-carso\/#breadcrumb\"},\"inLanguage\":\"it-IT\",\"potentialAction\":[{\"@type\":\"ReadAction\",\"target\":[\"https:\/\/www.portopiccoloapartments.com\/blog\/le-notti-del-vino-arrivano-sul-carso\/\"]}]},{\"@type\":\"ImageObject\",\"inLanguage\":\"it-IT\",\"@id\":\"https:\/\/www.portopiccoloapartments.com\/blog\/le-notti-del-vino-arrivano-sul-carso\/#primaryimage\",\"url\":\"https:\/\/www.portopiccoloapartments.com\/blog\/wp-content\/uploads\/2025\/07\/monrupino-ndv.png\",\"contentUrl\":\"https:\/\/www.portopiccoloapartments.com\/blog\/wp-content\/uploads\/2025\/07\/monrupino-ndv.png\",\"width\":1228,\"height\":1760},{\"@type\":\"BreadcrumbList\",\"@id\":\"https:\/\/www.portopiccoloapartments.com\/blog\/le-notti-del-vino-arrivano-sul-carso\/#breadcrumb\",\"itemListElement\":[{\"@type\":\"ListItem\",\"position\":1,\"name\":\"Portada\",\"item\":\"https:\/\/www.portopiccoloapartments.com\/blog\/\"},{\"@type\":\"ListItem\",\"position\":2,\"name\":\"Le Notti del Vino arrivano sul Carso: il 24 luglio a Monrupino\"}]},{\"@type\":\"WebSite\",\"@id\":\"https:\/\/www.portopiccoloapartments.com\/blog\/#website\",\"url\":\"https:\/\/www.portopiccoloapartments.com\/blog\/\",\"name\":\"Blog\",\"description\":\"Portopiccoloapartments\",\"potentialAction\":[{\"@type\":\"SearchAction\",\"target\":{\"@type\":\"EntryPoint\",\"urlTemplate\":\"https:\/\/www.portopiccoloapartments.com\/blog\/?s={search_term_string}\"},\"query-input\":\"required name=search_term_string\"}],\"inLanguage\":\"it-IT\"},{\"@type\":\"Person\",\"@id\":\"https:\/\/www.portopiccoloapartments.com\/blog\/#\/schema\/person\/61d8286d97391fc95a71ef6b3d87b890\",\"name\":\"portopiccoloapartments\",\"image\":{\"@type\":\"ImageObject\",\"inLanguage\":\"it-IT\",\"@id\":\"https:\/\/www.portopiccoloapartments.com\/blog\/#\/schema\/person\/image\/\",\"url\":\"https:\/\/secure.gravatar.com\/avatar\/66183d990d4f136eb771e77d3a7da5bfa1e9d3add48bb98e18074e4d39cd2b10?s=96&d=mm&r=g\",\"contentUrl\":\"https:\/\/secure.gravatar.com\/avatar\/66183d990d4f136eb771e77d3a7da5bfa1e9d3add48bb98e18074e4d39cd2b10?s=96&d=mm&r=g\",\"caption\":\"portopiccoloapartments\"},\"url\":\"https:\/\/www.portopiccoloapartments.com\/blog\/author\/portopiccoloapartments\/\"}]}<\/script>\n<!-- \/ Yoast SEO plugin. -->","yoast_head_json":{"title":"Le Notti del Vino arrivano sul Carso: il 24 luglio a Monrupino - Blog","robots":{"index":"index","follow":"follow","max-snippet":"max-snippet:-1","max-image-preview":"max-image-preview:large","max-video-preview":"max-video-preview:-1"},"canonical":"https:\/\/www.portopiccoloapartments.com\/blog\/le-notti-del-vino-arrivano-sul-carso\/","og_locale":"it_IT","og_type":"article","og_title":"Le Notti del Vino arrivano sul Carso: il 24 luglio a Monrupino - Blog","og_description":"Le Notti del Vino arrivano sul Carso: gioved\u00ec 24 luglio l&#8217;appuntamento \u00e8 a Monrupino Chi soggiorna a Portopiccolo durante l\u2019estate...","og_url":"https:\/\/www.portopiccoloapartments.com\/blog\/le-notti-del-vino-arrivano-sul-carso\/","og_site_name":"Blog","article_published_time":"2025-07-17T14:58:10+00:00","article_modified_time":"2025-07-17T14:58:11+00:00","og_image":[{"width":1228,"height":1760,"url":"https:\/\/www.portopiccoloapartments.com\/blog\/wp-content\/uploads\/2025\/07\/monrupino-ndv.png","type":"image\/png"}],"author":"portopiccoloapartments","twitter_card":"summary_large_image","twitter_misc":{"Scritto da":"portopiccoloapartments","Tempo di lettura stimato":"2 minuti"},"schema":{"@context":"https:\/\/schema.org","@graph":[{"@type":"WebPage","@id":"https:\/\/www.portopiccoloapartments.com\/blog\/le-notti-del-vino-arrivano-sul-carso\/","url":"https:\/\/www.portopiccoloapartments.com\/blog\/le-notti-del-vino-arrivano-sul-carso\/","name":"Le Notti del Vino arrivano sul Carso: il 24 luglio a Monrupino - Blog","isPartOf":{"@id":"https:\/\/www.portopiccoloapartments.com\/blog\/#website"},"primaryImageOfPage":{"@id":"https:\/\/www.portopiccoloapartments.com\/blog\/le-notti-del-vino-arrivano-sul-carso\/#primaryimage"},"image":{"@id":"https:\/\/www.portopiccoloapartments.com\/blog\/le-notti-del-vino-arrivano-sul-carso\/#primaryimage"},"thumbnailUrl":"https:\/\/www.portopiccoloapartments.com\/blog\/wp-content\/uploads\/2025\/07\/monrupino-ndv.png","datePublished":"2025-07-17T14:58:10+00:00","dateModified":"2025-07-17T14:58:11+00:00","author":{"@id":"https:\/\/www.portopiccoloapartments.com\/blog\/#\/schema\/person\/61d8286d97391fc95a71ef6b3d87b890"},"breadcrumb":{"@id":"https:\/\/www.portopiccoloapartments.com\/blog\/le-notti-del-vino-arrivano-sul-carso\/#breadcrumb"},"inLanguage":"it-IT","potentialAction":[{"@type":"ReadAction","target":["https:\/\/www.portopiccoloapartments.com\/blog\/le-notti-del-vino-arrivano-sul-carso\/"]}]},{"@type":"ImageObject","inLanguage":"it-IT","@id":"https:\/\/www.portopiccoloapartments.com\/blog\/le-notti-del-vino-arrivano-sul-carso\/#primaryimage","url":"https:\/\/www.portopiccoloapartments.com\/blog\/wp-content\/uploads\/2025\/07\/monrupino-ndv.png","contentUrl":"https:\/\/www.portopiccoloapartments.com\/blog\/wp-content\/uploads\/2025\/07\/monrupino-ndv.png","width":1228,"height":1760},{"@type":"BreadcrumbList","@id":"https:\/\/www.portopiccoloapartments.com\/blog\/le-notti-del-vino-arrivano-sul-carso\/#breadcrumb","itemListElement":[{"@type":"ListItem","position":1,"name":"Portada","item":"https:\/\/www.portopiccoloapartments.com\/blog\/"},{"@type":"ListItem","position":2,"name":"Le Notti del Vino arrivano sul Carso: il 24 luglio a Monrupino"}]},{"@type":"WebSite","@id":"https:\/\/www.portopiccoloapartments.com\/blog\/#website","url":"https:\/\/www.portopiccoloapartments.com\/blog\/","name":"Blog","description":"Portopiccoloapartments","potentialAction":[{"@type":"SearchAction","target":{"@type":"EntryPoint","urlTemplate":"https:\/\/www.portopiccoloapartments.com\/blog\/?s={search_term_string}"},"query-input":"required name=search_term_string"}],"inLanguage":"it-IT"},{"@type":"Person","@id":"https:\/\/www.portopiccoloapartments.com\/blog\/#\/schema\/person\/61d8286d97391fc95a71ef6b3d87b890","name":"portopiccoloapartments","image":{"@type":"ImageObject","inLanguage":"it-IT","@id":"https:\/\/www.portopiccoloapartments.com\/blog\/#\/schema\/person\/image\/","url":"https:\/\/secure.gravatar.com\/avatar\/66183d990d4f136eb771e77d3a7da5bfa1e9d3add48bb98e18074e4d39cd2b10?s=96&d=mm&r=g","contentUrl":"https:\/\/secure.gravatar.com\/avatar\/66183d990d4f136eb771e77d3a7da5bfa1e9d3add48bb98e18074e4d39cd2b10?s=96&d=mm&r=g","caption":"portopiccoloapartments"},"url":"https:\/\/www.portopiccoloapartments.com\/blog\/author\/portopiccoloapartments\/"}]}},"_links":{"self":[{"href":"https:\/\/www.portopiccoloapartments.com\/blog\/wp-json\/wp\/v2\/posts\/1804","targetHints":{"allow":["GET"]}}],"collection":[{"href":"https:\/\/www.portopiccoloapartments.com\/blog\/wp-json\/wp\/v2\/posts"}],"about":[{"href":"https:\/\/www.portopiccoloapartments.com\/blog\/wp-json\/wp\/v2\/types\/post"}],"author":[{"embeddable":true,"href":"https:\/\/www.portopiccoloapartments.com\/blog\/wp-json\/wp\/v2\/users\/2"}],"replies":[{"embeddable":true,"href":"https:\/\/www.portopiccoloapartments.com\/blog\/wp-json\/wp\/v2\/comments?post=1804"}],"version-history":[{"count":11,"href":"https:\/\/www.portopiccoloapartments.com\/blog\/wp-json\/wp\/v2\/posts\/1804\/revisions"}],"predecessor-version":[{"id":1825,"href":"https:\/\/www.portopiccoloapartments.com\/blog\/wp-json\/wp\/v2\/posts\/1804\/revisions\/1825"}],"wp:featuredmedia":[{"embeddable":true,"href":"https:\/\/www.portopiccoloapartments.com\/blog\/wp-json\/wp\/v2\/media\/1812"}],"wp:attachment":[{"href":"https:\/\/www.portopiccoloapartments.com\/blog\/wp-json\/wp\/v2\/media?parent=1804"}],"wp:term":[{"taxonomy":"category","embeddable":true,"href":"https:\/\/www.portopiccoloapartments.com\/blog\/wp-json\/wp\/v2\/categories?post=1804"},{"taxonomy":"post_tag","embeddable":true,"href":"https:\/\/www.portopiccoloapartments.com\/blog\/wp-json\/wp\/v2\/tags?post=1804"}],"curies":[{"name":"wp","href":"https:\/\/api.w.org\/{rel}","templated":true}]}}