{"id":1921,"date":"2025-08-01T12:40:25","date_gmt":"2025-08-01T12:40:25","guid":{"rendered":"https:\/\/www.portopiccoloapartments.com\/blog\/?p=1921"},"modified":"2025-08-01T12:40:27","modified_gmt":"2025-08-01T12:40:27","slug":"le-notti-del-vino-a-sistiana-8-agosto","status":"publish","type":"post","link":"https:\/\/www.portopiccoloapartments.com\/blog\/le-notti-del-vino-a-sistiana-8-agosto\/","title":{"rendered":"LE NOTTI DEL VINO A SISTIANA \u2013 8 AGOSTO"},"content":{"rendered":"\t\t<div data-elementor-type=\"wp-post\" data-elementor-id=\"1921\" class=\"elementor elementor-1921\">\n\t\t\t\t<div class=\"elementor-element elementor-element-2c65a16 e-flex e-con-boxed e-con e-parent\" data-id=\"2c65a16\" data-element_type=\"container\" data-core-v316-plus=\"true\">\n\t\t\t\t\t<div class=\"e-con-inner\">\n\t\t\t\t<div class=\"elementor-element elementor-element-29a39b9 elementor-widget elementor-widget-heading\" data-id=\"29a39b9\" data-element_type=\"widget\" data-widget_type=\"heading.default\">\n\t\t\t\t<div class=\"elementor-widget-container\">\n\t\t\t<style>\/*! elementor - v3.20.0 - 10-04-2024 *\/\n.elementor-heading-title{padding:0;margin:0;line-height:1}.elementor-widget-heading .elementor-heading-title[class*=elementor-size-]>a{color:inherit;font-size:inherit;line-height:inherit}.elementor-widget-heading .elementor-heading-title.elementor-size-small{font-size:15px}.elementor-widget-heading .elementor-heading-title.elementor-size-medium{font-size:19px}.elementor-widget-heading .elementor-heading-title.elementor-size-large{font-size:29px}.elementor-widget-heading .elementor-heading-title.elementor-size-xl{font-size:39px}.elementor-widget-heading .elementor-heading-title.elementor-size-xxl{font-size:59px}<\/style><h2 class=\"elementor-heading-title elementor-size-default\"><span data-olk-copy-source=\"MessageBody\">LE NOTTI DEL VINO A SISTIANA \u2013 8 AGOSTO<\/span><\/h2>\t\t<\/div>\n\t\t\t\t<\/div>\n\t\t\t\t\t<\/div>\n\t\t\t\t<\/div>\n\t\t<div class=\"elementor-element elementor-element-6e04d49 e-flex e-con-boxed e-con e-parent\" data-id=\"6e04d49\" data-element_type=\"container\" data-core-v316-plus=\"true\">\n\t\t\t\t\t<div class=\"e-con-inner\">\n\t\t\t\t<div class=\"elementor-element elementor-element-bf8ef5c elementor-widget elementor-widget-text-editor\" data-id=\"bf8ef5c\" data-element_type=\"widget\" data-widget_type=\"text-editor.default\">\n\t\t\t\t<div class=\"elementor-widget-container\">\n\t\t\t<style>\/*! elementor - v3.20.0 - 10-04-2024 *\/\n.elementor-widget-text-editor.elementor-drop-cap-view-stacked .elementor-drop-cap{background-color:#69727d;color:#fff}.elementor-widget-text-editor.elementor-drop-cap-view-framed .elementor-drop-cap{color:#69727d;border:3px solid;background-color:transparent}.elementor-widget-text-editor:not(.elementor-drop-cap-view-default) .elementor-drop-cap{margin-top:8px}.elementor-widget-text-editor:not(.elementor-drop-cap-view-default) .elementor-drop-cap-letter{width:1em;height:1em}.elementor-widget-text-editor .elementor-drop-cap{float:left;text-align:center;line-height:1;font-size:50px}.elementor-widget-text-editor .elementor-drop-cap-letter{display:inline-block}<\/style>\t\t\t\t<p>A pochi passi da<span style=\"color: #aa8e1a;\"> Portopiccolo<\/span>, l\u2019estate si accende con\u00a0<strong>Le Notti del Vino<\/strong>, l\u2019evento pi\u00f9 atteso del circuito delle\u00a0<strong>Citt\u00e0 del Vino del Friuli Venezia Giulia<\/strong>, che fa tappa l\u2019<strong>8 agosto<\/strong>\u00a0all\u2019<strong>InfoPoint di Sistiana<\/strong>, nel Comune di Duino Aurisina \/ Devin Nabre\u017eina.<br \/>Un\u2019occasione speciale per scoprire e assaporare i grandi vini di un territorio straordinario:\u00a0<strong>Duino Aurisina<\/strong>, e in particolare la frazione di\u00a0<strong>Prepotto<\/strong>, \u00e8 riconosciuta a livello internazionale per l\u2019eccellenza delle sue produzioni vitivinicole.<br \/>Dalle\u00a0<strong>19:30<\/strong>, sulla terrazza vista mare, degustazioni delle migliori etichette di: Le Donne del Vino, Prosekar, Bajta, Bole, Colja Jo\u017eko, \u010cotova Klet, Lenardon, Ostrouska, Sancin, \u0160kerk, Tunella, Zidarich.<br \/>Il tutto accompagnato da assaggi gourmet a cura di\u00a0<strong>Manuela Moving Chef<\/strong>\u00a0e da\u00a0<strong>musica dal vivo<\/strong>.<\/p><p><span style=\"color: #aa8e1a;\"><strong>INFORMAZIONI UTILI<\/strong><\/span><\/p><p><strong>Ingresso: 35 \u20ac a persona<\/strong>\u00a0\u2013 Prevendita online e in loco con\u00a0<strong>Ticketpoint Trieste<\/strong>.<br \/>\ud83d\udcde Info: 348 5166126 \u2013 349 6649480<\/p>\t\t\t\t\t\t<\/div>\n\t\t\t\t<\/div>\n\t\t\t\t\t<\/div>\n\t\t\t\t<\/div>\n\t\t<div class=\"elementor-element elementor-element-f3d9cc7 e-flex e-con-boxed e-con e-parent\" data-id=\"f3d9cc7\" data-element_type=\"container\" data-core-v316-plus=\"true\">\n\t\t\t\t\t<div class=\"e-con-inner\">\n\t\t\t\t<div class=\"elementor-element elementor-element-eeff64f elementor-widget elementor-widget-image-gallery\" data-id=\"eeff64f\" data-element_type=\"widget\" data-widget_type=\"image-gallery.default\">\n\t\t\t\t<div class=\"elementor-widget-container\">\n\t\t\t<style>\/*! elementor - v3.20.0 - 10-04-2024 *\/\n.elementor-image-gallery .gallery-item{display:inline-block;text-align:center;vertical-align:top;width:100%;max-width:100%;margin:0 auto}.elementor-image-gallery .gallery-item img{margin:0 auto}.elementor-image-gallery .gallery-item .gallery-caption{margin:0}.elementor-image-gallery figure img{display:block}.elementor-image-gallery figure figcaption{width:100%}.gallery-spacing-custom .elementor-image-gallery .gallery-icon{padding:0}@media (min-width:768px){.elementor-image-gallery .gallery-columns-2 .gallery-item{max-width:50%}.elementor-image-gallery .gallery-columns-3 .gallery-item{max-width:33.33%}.elementor-image-gallery .gallery-columns-4 .gallery-item{max-width:25%}.elementor-image-gallery .gallery-columns-5 .gallery-item{max-width:20%}.elementor-image-gallery .gallery-columns-6 .gallery-item{max-width:16.666%}.elementor-image-gallery .gallery-columns-7 .gallery-item{max-width:14.28%}.elementor-image-gallery .gallery-columns-8 .gallery-item{max-width:12.5%}.elementor-image-gallery .gallery-columns-9 .gallery-item{max-width:11.11%}.elementor-image-gallery .gallery-columns-10 .gallery-item{max-width:10%}}@media (min-width:480px) and (max-width:767px){.elementor-image-gallery .gallery.gallery-columns-2 .gallery-item,.elementor-image-gallery .gallery.gallery-columns-3 .gallery-item,.elementor-image-gallery .gallery.gallery-columns-4 .gallery-item,.elementor-image-gallery .gallery.gallery-columns-5 .gallery-item,.elementor-image-gallery .gallery.gallery-columns-6 .gallery-item,.elementor-image-gallery .gallery.gallery-columns-7 .gallery-item,.elementor-image-gallery .gallery.gallery-columns-8 .gallery-item,.elementor-image-gallery .gallery.gallery-columns-9 .gallery-item,.elementor-image-gallery .gallery.gallery-columns-10 .gallery-item{max-width:50%}}@media (max-width:479px){.elementor-image-gallery .gallery.gallery-columns-2 .gallery-item,.elementor-image-gallery .gallery.gallery-columns-3 .gallery-item,.elementor-image-gallery .gallery.gallery-columns-4 .gallery-item,.elementor-image-gallery .gallery.gallery-columns-5 .gallery-item,.elementor-image-gallery .gallery.gallery-columns-6 .gallery-item,.elementor-image-gallery .gallery.gallery-columns-7 .gallery-item,.elementor-image-gallery .gallery.gallery-columns-8 .gallery-item,.elementor-image-gallery .gallery.gallery-columns-9 .gallery-item,.elementor-image-gallery .gallery.gallery-columns-10 .gallery-item{max-width:100%}}<\/style>\t\t<div class=\"elementor-image-gallery\">\n\t\t\t<div id='gallery-1' class='gallery galleryid-1921 gallery-columns-2 gallery-size-medium_large'><figure class='gallery-item'>\n\t\t\t<div class='gallery-icon portrait'>\n\t\t\t\t<a data-elementor-open-lightbox=\"yes\" data-elementor-lightbox-slideshow=\"eeff64f\" data-elementor-lightbox-title=\"duino aurisina locandina\" data-e-action-hash=\"#elementor-action%3Aaction%3Dlightbox%26settings%3DeyJpZCI6MTkzNCwidXJsIjoiaHR0cHM6XC9cL3d3dy5wb3J0b3BpY2NvbG9hcGFydG1lbnRzLmNvbVwvYmxvZ1wvd3AtY29udGVudFwvdXBsb2Fkc1wvMjAyNVwvMDhcL2R1aW5vLWF1cmlzaW5hLWxvY2FuZGluYS5qcGciLCJzbGlkZXNob3ciOiJlZWZmNjRmIn0%3D\" href='https:\/\/www.portopiccoloapartments.com\/blog\/wp-content\/uploads\/2025\/08\/duino-aurisina-locandina.jpg'><img fetchpriority=\"high\" decoding=\"async\" width=\"751\" height=\"1335\" src=\"https:\/\/www.portopiccoloapartments.com\/blog\/wp-content\/uploads\/2025\/08\/duino-aurisina-locandina-768x1365.jpg\" class=\"attachment-medium_large size-medium_large\" alt=\"\" srcset=\"https:\/\/www.portopiccoloapartments.com\/blog\/wp-content\/uploads\/2025\/08\/duino-aurisina-locandina-768x1365.jpg 768w, https:\/\/www.portopiccoloapartments.com\/blog\/wp-content\/uploads\/2025\/08\/duino-aurisina-locandina-864x1536.jpg 864w, https:\/\/www.portopiccoloapartments.com\/blog\/wp-content\/uploads\/2025\/08\/duino-aurisina-locandina.jpg 900w\" sizes=\"(max-width: 751px) 100vw, 751px\" \/><\/a>\n\t\t\t<\/div><\/figure><figure class='gallery-item'>\n\t\t\t<div class='gallery-icon landscape'>\n\t\t\t\t<a data-elementor-open-lightbox=\"yes\" data-elementor-lightbox-slideshow=\"eeff64f\" data-elementor-lightbox-title=\"duino aurisina notti del vino 2024\" data-e-action-hash=\"#elementor-action%3Aaction%3Dlightbox%26settings%3DeyJpZCI6MTkyMywidXJsIjoiaHR0cHM6XC9cL3d3dy5wb3J0b3BpY2NvbG9hcGFydG1lbnRzLmNvbVwvYmxvZ1wvd3AtY29udGVudFwvdXBsb2Fkc1wvMjAyNVwvMDhcL2R1aW5vLWF1cmlzaW5hLW5vdHRpLWRlbC12aW5vLTIwMjQuanBnIiwic2xpZGVzaG93IjoiZWVmZjY0ZiJ9\" href='https:\/\/www.portopiccoloapartments.com\/blog\/wp-content\/uploads\/2025\/08\/duino-aurisina-notti-del-vino-2024.jpg'><img decoding=\"async\" width=\"751\" height=\"563\" src=\"https:\/\/www.portopiccoloapartments.com\/blog\/wp-content\/uploads\/2025\/08\/duino-aurisina-notti-del-vino-2024-768x576.jpg\" class=\"attachment-medium_large size-medium_large\" alt=\"\" srcset=\"https:\/\/www.portopiccoloapartments.com\/blog\/wp-content\/uploads\/2025\/08\/duino-aurisina-notti-del-vino-2024-768x576.jpg 768w, https:\/\/www.portopiccoloapartments.com\/blog\/wp-content\/uploads\/2025\/08\/duino-aurisina-notti-del-vino-2024-1536x1152.jpg 1536w, https:\/\/www.portopiccoloapartments.com\/blog\/wp-content\/uploads\/2025\/08\/duino-aurisina-notti-del-vino-2024.jpg 1600w\" sizes=\"(max-width: 751px) 100vw, 751px\" \/><\/a>\n\t\t\t<\/div><\/figure><figure class='gallery-item'>\n\t\t\t<div class='gallery-icon portrait'>\n\t\t\t\t<a data-elementor-open-lightbox=\"yes\" data-elementor-lightbox-slideshow=\"eeff64f\" data-elementor-lightbox-title=\"duino aurisina locandina 2\" data-e-action-hash=\"#elementor-action%3Aaction%3Dlightbox%26settings%3DeyJpZCI6MTkyNywidXJsIjoiaHR0cHM6XC9cL3d3dy5wb3J0b3BpY2NvbG9hcGFydG1lbnRzLmNvbVwvYmxvZ1wvd3AtY29udGVudFwvdXBsb2Fkc1wvMjAyNVwvMDhcL2R1aW5vLWF1cmlzaW5hLWxvY2FuZGluYS0yLmpwZyIsInNsaWRlc2hvdyI6ImVlZmY2NGYifQ%3D%3D\" href='https:\/\/www.portopiccoloapartments.com\/blog\/wp-content\/uploads\/2025\/08\/duino-aurisina-locandina-2.jpg'><img decoding=\"async\" width=\"751\" height=\"1062\" src=\"https:\/\/www.portopiccoloapartments.com\/blog\/wp-content\/uploads\/2025\/08\/duino-aurisina-locandina-2-768x1086.jpg\" class=\"attachment-medium_large size-medium_large\" alt=\"\" srcset=\"https:\/\/www.portopiccoloapartments.com\/blog\/wp-content\/uploads\/2025\/08\/duino-aurisina-locandina-2-768x1086.jpg 768w, https:\/\/www.portopiccoloapartments.com\/blog\/wp-content\/uploads\/2025\/08\/duino-aurisina-locandina-2-1086x1536.jpg 1086w, https:\/\/www.portopiccoloapartments.com\/blog\/wp-content\/uploads\/2025\/08\/duino-aurisina-locandina-2.jpg 1131w\" sizes=\"(max-width: 751px) 100vw, 751px\" \/><\/a>\n\t\t\t<\/div><\/figure>\n\t\t<\/div>\n\t\t<\/div>\n\t\t\t\t<\/div>\n\t\t\t\t<\/div>\n\t\t\t\t\t<\/div>\n\t\t\t\t<\/div>\n\t\t\t\t<\/div>\n\t\t","protected":false},"excerpt":{"rendered":"<p>LE NOTTI DEL VINO A SISTIANA \u2013 8 AGOSTO A pochi passi da Portopiccolo, l\u2019estate si accende con\u00a0Le Notti del&#8230;<\/p>\n","protected":false},"author":2,"featured_media":1934,"comment_status":"open","ping_status":"open","sticky":false,"template":"","format":"standard","meta":{"footnotes":""},"categories":[33],"tags":[],"class_list":["post-1921","post","type-post","status-publish","format-standard","has-post-thumbnail","hentry","category-lifestyle"],"yoast_head":"<!-- This site is optimized with the Yoast SEO plugin v22.4 - https:\/\/yoast.com\/wordpress\/plugins\/seo\/ -->\n<title>LE NOTTI DEL VINO A SISTIANA \u2013 8 AGOSTO - Blog<\/title>\n<meta name=\"description\" content=\"Goditi Le Notti del Vino a Sistiana l\u20198 agosto: degustazioni dei migliori vini del territorio di Duino Aurisina, assaggi gourmet e musica dal vivo sulla terrazza vista mare.\" \/>\n<meta name=\"robots\" content=\"index, follow, max-snippet:-1, max-image-preview:large, max-video-preview:-1\" \/>\n<link rel=\"canonical\" href=\"https:\/\/www.portopiccoloapartments.com\/blog\/le-notti-del-vino-a-sistiana-8-agosto\/\" \/>\n<meta property=\"og:locale\" content=\"it_IT\" \/>\n<meta property=\"og:type\" content=\"article\" \/>\n<meta property=\"og:title\" content=\"LE NOTTI DEL VINO A SISTIANA \u2013 8 AGOSTO - Blog\" \/>\n<meta property=\"og:description\" content=\"Goditi Le Notti del Vino a Sistiana l\u20198 agosto: degustazioni dei migliori vini del territorio di Duino Aurisina, assaggi gourmet e musica dal vivo sulla terrazza vista mare.\" \/>\n<meta property=\"og:url\" content=\"https:\/\/www.portopiccoloapartments.com\/blog\/le-notti-del-vino-a-sistiana-8-agosto\/\" \/>\n<meta property=\"og:site_name\" content=\"Blog\" \/>\n<meta property=\"article:published_time\" content=\"2025-08-01T12:40:25+00:00\" \/>\n<meta property=\"article:modified_time\" content=\"2025-08-01T12:40:27+00:00\" \/>\n<meta property=\"og:image\" content=\"https:\/\/www.portopiccoloapartments.com\/blog\/wp-content\/uploads\/2025\/08\/duino-aurisina-locandina.jpg\" \/>\n\t<meta property=\"og:image:width\" content=\"900\" \/>\n\t<meta property=\"og:image:height\" content=\"1600\" \/>\n\t<meta property=\"og:image:type\" content=\"image\/jpeg\" \/>\n<meta name=\"author\" content=\"portopiccoloapartments\" \/>\n<meta name=\"twitter:card\" content=\"summary_large_image\" \/>\n<meta name=\"twitter:label1\" content=\"Scritto da\" \/>\n\t<meta name=\"twitter:data1\" content=\"portopiccoloapartments\" \/>\n\t<meta name=\"twitter:label2\" content=\"Tempo di lettura stimato\" \/>\n\t<meta name=\"twitter:data2\" content=\"2 minuti\" \/>\n<script type=\"application\/ld+json\" class=\"yoast-schema-graph\">{\"@context\":\"https:\/\/schema.org\",\"@graph\":[{\"@type\":\"WebPage\",\"@id\":\"https:\/\/www.portopiccoloapartments.com\/blog\/le-notti-del-vino-a-sistiana-8-agosto\/\",\"url\":\"https:\/\/www.portopiccoloapartments.com\/blog\/le-notti-del-vino-a-sistiana-8-agosto\/\",\"name\":\"LE NOTTI DEL VINO A SISTIANA \u2013 8 AGOSTO - Blog\",\"isPartOf\":{\"@id\":\"https:\/\/www.portopiccoloapartments.com\/blog\/#website\"},\"primaryImageOfPage\":{\"@id\":\"https:\/\/www.portopiccoloapartments.com\/blog\/le-notti-del-vino-a-sistiana-8-agosto\/#primaryimage\"},\"image\":{\"@id\":\"https:\/\/www.portopiccoloapartments.com\/blog\/le-notti-del-vino-a-sistiana-8-agosto\/#primaryimage\"},\"thumbnailUrl\":\"https:\/\/www.portopiccoloapartments.com\/blog\/wp-content\/uploads\/2025\/08\/duino-aurisina-locandina.jpg\",\"datePublished\":\"2025-08-01T12:40:25+00:00\",\"dateModified\":\"2025-08-01T12:40:27+00:00\",\"author\":{\"@id\":\"https:\/\/www.portopiccoloapartments.com\/blog\/#\/schema\/person\/61d8286d97391fc95a71ef6b3d87b890\"},\"description\":\"Goditi Le Notti del Vino a Sistiana l\u20198 agosto: degustazioni dei migliori vini del territorio di Duino Aurisina, assaggi gourmet e musica dal vivo sulla terrazza vista mare.\",\"breadcrumb\":{\"@id\":\"https:\/\/www.portopiccoloapartments.com\/blog\/le-notti-del-vino-a-sistiana-8-agosto\/#breadcrumb\"},\"inLanguage\":\"it-IT\",\"potentialAction\":[{\"@type\":\"ReadAction\",\"target\":[\"https:\/\/www.portopiccoloapartments.com\/blog\/le-notti-del-vino-a-sistiana-8-agosto\/\"]}]},{\"@type\":\"ImageObject\",\"inLanguage\":\"it-IT\",\"@id\":\"https:\/\/www.portopiccoloapartments.com\/blog\/le-notti-del-vino-a-sistiana-8-agosto\/#primaryimage\",\"url\":\"https:\/\/www.portopiccoloapartments.com\/blog\/wp-content\/uploads\/2025\/08\/duino-aurisina-locandina.jpg\",\"contentUrl\":\"https:\/\/www.portopiccoloapartments.com\/blog\/wp-content\/uploads\/2025\/08\/duino-aurisina-locandina.jpg\",\"width\":900,\"height\":1600},{\"@type\":\"BreadcrumbList\",\"@id\":\"https:\/\/www.portopiccoloapartments.com\/blog\/le-notti-del-vino-a-sistiana-8-agosto\/#breadcrumb\",\"itemListElement\":[{\"@type\":\"ListItem\",\"position\":1,\"name\":\"Portada\",\"item\":\"https:\/\/www.portopiccoloapartments.com\/blog\/\"},{\"@type\":\"ListItem\",\"position\":2,\"name\":\"LE NOTTI DEL VINO A SISTIANA \u2013 8 AGOSTO\"}]},{\"@type\":\"WebSite\",\"@id\":\"https:\/\/www.portopiccoloapartments.com\/blog\/#website\",\"url\":\"https:\/\/www.portopiccoloapartments.com\/blog\/\",\"name\":\"Blog\",\"description\":\"Portopiccoloapartments\",\"potentialAction\":[{\"@type\":\"SearchAction\",\"target\":{\"@type\":\"EntryPoint\",\"urlTemplate\":\"https:\/\/www.portopiccoloapartments.com\/blog\/?s={search_term_string}\"},\"query-input\":\"required name=search_term_string\"}],\"inLanguage\":\"it-IT\"},{\"@type\":\"Person\",\"@id\":\"https:\/\/www.portopiccoloapartments.com\/blog\/#\/schema\/person\/61d8286d97391fc95a71ef6b3d87b890\",\"name\":\"portopiccoloapartments\",\"image\":{\"@type\":\"ImageObject\",\"inLanguage\":\"it-IT\",\"@id\":\"https:\/\/www.portopiccoloapartments.com\/blog\/#\/schema\/person\/image\/\",\"url\":\"https:\/\/secure.gravatar.com\/avatar\/66183d990d4f136eb771e77d3a7da5bfa1e9d3add48bb98e18074e4d39cd2b10?s=96&d=mm&r=g\",\"contentUrl\":\"https:\/\/secure.gravatar.com\/avatar\/66183d990d4f136eb771e77d3a7da5bfa1e9d3add48bb98e18074e4d39cd2b10?s=96&d=mm&r=g\",\"caption\":\"portopiccoloapartments\"},\"url\":\"https:\/\/www.portopiccoloapartments.com\/blog\/author\/portopiccoloapartments\/\"}]}<\/script>\n<!-- \/ Yoast SEO plugin. -->","yoast_head_json":{"title":"LE NOTTI DEL VINO A SISTIANA \u2013 8 AGOSTO - Blog","description":"Goditi Le Notti del Vino a Sistiana l\u20198 agosto: degustazioni dei migliori vini del territorio di Duino Aurisina, assaggi gourmet e musica dal vivo sulla terrazza vista mare.","robots":{"index":"index","follow":"follow","max-snippet":"max-snippet:-1","max-image-preview":"max-image-preview:large","max-video-preview":"max-video-preview:-1"},"canonical":"https:\/\/www.portopiccoloapartments.com\/blog\/le-notti-del-vino-a-sistiana-8-agosto\/","og_locale":"it_IT","og_type":"article","og_title":"LE NOTTI DEL VINO A SISTIANA \u2013 8 AGOSTO - Blog","og_description":"Goditi Le Notti del Vino a Sistiana l\u20198 agosto: degustazioni dei migliori vini del territorio di Duino Aurisina, assaggi gourmet e musica dal vivo sulla terrazza vista mare.","og_url":"https:\/\/www.portopiccoloapartments.com\/blog\/le-notti-del-vino-a-sistiana-8-agosto\/","og_site_name":"Blog","article_published_time":"2025-08-01T12:40:25+00:00","article_modified_time":"2025-08-01T12:40:27+00:00","og_image":[{"width":900,"height":1600,"url":"https:\/\/www.portopiccoloapartments.com\/blog\/wp-content\/uploads\/2025\/08\/duino-aurisina-locandina.jpg","type":"image\/jpeg"}],"author":"portopiccoloapartments","twitter_card":"summary_large_image","twitter_misc":{"Scritto da":"portopiccoloapartments","Tempo di lettura stimato":"2 minuti"},"schema":{"@context":"https:\/\/schema.org","@graph":[{"@type":"WebPage","@id":"https:\/\/www.portopiccoloapartments.com\/blog\/le-notti-del-vino-a-sistiana-8-agosto\/","url":"https:\/\/www.portopiccoloapartments.com\/blog\/le-notti-del-vino-a-sistiana-8-agosto\/","name":"LE NOTTI DEL VINO A SISTIANA \u2013 8 AGOSTO - Blog","isPartOf":{"@id":"https:\/\/www.portopiccoloapartments.com\/blog\/#website"},"primaryImageOfPage":{"@id":"https:\/\/www.portopiccoloapartments.com\/blog\/le-notti-del-vino-a-sistiana-8-agosto\/#primaryimage"},"image":{"@id":"https:\/\/www.portopiccoloapartments.com\/blog\/le-notti-del-vino-a-sistiana-8-agosto\/#primaryimage"},"thumbnailUrl":"https:\/\/www.portopiccoloapartments.com\/blog\/wp-content\/uploads\/2025\/08\/duino-aurisina-locandina.jpg","datePublished":"2025-08-01T12:40:25+00:00","dateModified":"2025-08-01T12:40:27+00:00","author":{"@id":"https:\/\/www.portopiccoloapartments.com\/blog\/#\/schema\/person\/61d8286d97391fc95a71ef6b3d87b890"},"description":"Goditi Le Notti del Vino a Sistiana l\u20198 agosto: degustazioni dei migliori vini del territorio di Duino Aurisina, assaggi gourmet e musica dal vivo sulla terrazza vista mare.","breadcrumb":{"@id":"https:\/\/www.portopiccoloapartments.com\/blog\/le-notti-del-vino-a-sistiana-8-agosto\/#breadcrumb"},"inLanguage":"it-IT","potentialAction":[{"@type":"ReadAction","target":["https:\/\/www.portopiccoloapartments.com\/blog\/le-notti-del-vino-a-sistiana-8-agosto\/"]}]},{"@type":"ImageObject","inLanguage":"it-IT","@id":"https:\/\/www.portopiccoloapartments.com\/blog\/le-notti-del-vino-a-sistiana-8-agosto\/#primaryimage","url":"https:\/\/www.portopiccoloapartments.com\/blog\/wp-content\/uploads\/2025\/08\/duino-aurisina-locandina.jpg","contentUrl":"https:\/\/www.portopiccoloapartments.com\/blog\/wp-content\/uploads\/2025\/08\/duino-aurisina-locandina.jpg","width":900,"height":1600},{"@type":"BreadcrumbList","@id":"https:\/\/www.portopiccoloapartments.com\/blog\/le-notti-del-vino-a-sistiana-8-agosto\/#breadcrumb","itemListElement":[{"@type":"ListItem","position":1,"name":"Portada","item":"https:\/\/www.portopiccoloapartments.com\/blog\/"},{"@type":"ListItem","position":2,"name":"LE NOTTI DEL VINO A SISTIANA \u2013 8 AGOSTO"}]},{"@type":"WebSite","@id":"https:\/\/www.portopiccoloapartments.com\/blog\/#website","url":"https:\/\/www.portopiccoloapartments.com\/blog\/","name":"Blog","description":"Portopiccoloapartments","potentialAction":[{"@type":"SearchAction","target":{"@type":"EntryPoint","urlTemplate":"https:\/\/www.portopiccoloapartments.com\/blog\/?s={search_term_string}"},"query-input":"required name=search_term_string"}],"inLanguage":"it-IT"},{"@type":"Person","@id":"https:\/\/www.portopiccoloapartments.com\/blog\/#\/schema\/person\/61d8286d97391fc95a71ef6b3d87b890","name":"portopiccoloapartments","image":{"@type":"ImageObject","inLanguage":"it-IT","@id":"https:\/\/www.portopiccoloapartments.com\/blog\/#\/schema\/person\/image\/","url":"https:\/\/secure.gravatar.com\/avatar\/66183d990d4f136eb771e77d3a7da5bfa1e9d3add48bb98e18074e4d39cd2b10?s=96&d=mm&r=g","contentUrl":"https:\/\/secure.gravatar.com\/avatar\/66183d990d4f136eb771e77d3a7da5bfa1e9d3add48bb98e18074e4d39cd2b10?s=96&d=mm&r=g","caption":"portopiccoloapartments"},"url":"https:\/\/www.portopiccoloapartments.com\/blog\/author\/portopiccoloapartments\/"}]}},"_links":{"self":[{"href":"https:\/\/www.portopiccoloapartments.com\/blog\/wp-json\/wp\/v2\/posts\/1921","targetHints":{"allow":["GET"]}}],"collection":[{"href":"https:\/\/www.portopiccoloapartments.com\/blog\/wp-json\/wp\/v2\/posts"}],"about":[{"href":"https:\/\/www.portopiccoloapartments.com\/blog\/wp-json\/wp\/v2\/types\/post"}],"author":[{"embeddable":true,"href":"https:\/\/www.portopiccoloapartments.com\/blog\/wp-json\/wp\/v2\/users\/2"}],"replies":[{"embeddable":true,"href":"https:\/\/www.portopiccoloapartments.com\/blog\/wp-json\/wp\/v2\/comments?post=1921"}],"version-history":[{"count":7,"href":"https:\/\/www.portopiccoloapartments.com\/blog\/wp-json\/wp\/v2\/posts\/1921\/revisions"}],"predecessor-version":[{"id":1940,"href":"https:\/\/www.portopiccoloapartments.com\/blog\/wp-json\/wp\/v2\/posts\/1921\/revisions\/1940"}],"wp:featuredmedia":[{"embeddable":true,"href":"https:\/\/www.portopiccoloapartments.com\/blog\/wp-json\/wp\/v2\/media\/1934"}],"wp:attachment":[{"href":"https:\/\/www.portopiccoloapartments.com\/blog\/wp-json\/wp\/v2\/media?parent=1921"}],"wp:term":[{"taxonomy":"category","embeddable":true,"href":"https:\/\/www.portopiccoloapartments.com\/blog\/wp-json\/wp\/v2\/categories?post=1921"},{"taxonomy":"post_tag","embeddable":true,"href":"https:\/\/www.portopiccoloapartments.com\/blog\/wp-json\/wp\/v2\/tags?post=1921"}],"curies":[{"name":"wp","href":"https:\/\/api.w.org\/{rel}","templated":true}]}}