{"id":410,"date":"2024-06-24T13:06:50","date_gmt":"2024-06-24T13:06:50","guid":{"rendered":"https:\/\/www.portopiccoloapartments.com\/blog\/?p=410"},"modified":"2024-06-24T15:21:00","modified_gmt":"2024-06-24T15:21:00","slug":"papa-francesco-arrivera-a-trieste-a-luglio","status":"publish","type":"post","link":"https:\/\/www.portopiccoloapartments.com\/blog\/papa-francesco-arrivera-a-trieste-a-luglio\/","title":{"rendered":"Papa Francesco arriver\u00e0 a Trieste a luglio."},"content":{"rendered":"\t\t<div data-elementor-type=\"wp-post\" data-elementor-id=\"410\" class=\"elementor elementor-410\">\n\t\t\t\t<div class=\"elementor-element elementor-element-2289b243 e-flex e-con-boxed e-con e-parent\" data-id=\"2289b243\" data-element_type=\"container\" data-core-v316-plus=\"true\">\n\t\t\t\t\t<div class=\"e-con-inner\">\n\t\t\t\t<div class=\"elementor-element elementor-element-79a39661 elementor-widget elementor-widget-heading\" data-id=\"79a39661\" data-element_type=\"widget\" data-widget_type=\"heading.default\">\n\t\t\t\t<div class=\"elementor-widget-container\">\n\t\t\t<style>\/*! elementor - v3.20.0 - 10-04-2024 *\/\n.elementor-heading-title{padding:0;margin:0;line-height:1}.elementor-widget-heading .elementor-heading-title[class*=elementor-size-]>a{color:inherit;font-size:inherit;line-height:inherit}.elementor-widget-heading .elementor-heading-title.elementor-size-small{font-size:15px}.elementor-widget-heading .elementor-heading-title.elementor-size-medium{font-size:19px}.elementor-widget-heading .elementor-heading-title.elementor-size-large{font-size:29px}.elementor-widget-heading .elementor-heading-title.elementor-size-xl{font-size:39px}.elementor-widget-heading .elementor-heading-title.elementor-size-xxl{font-size:59px}<\/style><h2 class=\"elementor-heading-title elementor-size-default\">Il Santo Papa arriver\u00e0 a Trieste a luglio.<\/h2>\t\t<\/div>\n\t\t\t\t<\/div>\n\t\t\t\t<div class=\"elementor-element elementor-element-4338cbe2 elementor-widget elementor-widget-text-editor\" data-id=\"4338cbe2\" data-element_type=\"widget\" data-widget_type=\"text-editor.default\">\n\t\t\t\t<div class=\"elementor-widget-container\">\n\t\t\t<style>\/*! elementor - v3.20.0 - 10-04-2024 *\/\n.elementor-widget-text-editor.elementor-drop-cap-view-stacked .elementor-drop-cap{background-color:#69727d;color:#fff}.elementor-widget-text-editor.elementor-drop-cap-view-framed .elementor-drop-cap{color:#69727d;border:3px solid;background-color:transparent}.elementor-widget-text-editor:not(.elementor-drop-cap-view-default) .elementor-drop-cap{margin-top:8px}.elementor-widget-text-editor:not(.elementor-drop-cap-view-default) .elementor-drop-cap-letter{width:1em;height:1em}.elementor-widget-text-editor .elementor-drop-cap{float:left;text-align:center;line-height:1;font-size:50px}.elementor-widget-text-editor .elementor-drop-cap-letter{display:inline-block}<\/style>\t\t\t\t<h4>Dal 3 al 7 luglio, Trieste ospiter\u00e0 la prestigiosa Settimana Sociale dei cattolici in Italia, un importante evento organizzato dalla Conferenza Episcopale Italiana che vedr\u00e0 la presenza del Sommo Pontefice.<\/h4>\t\t\t\t\t\t<\/div>\n\t\t\t\t<\/div>\n\t\t\t\t<div class=\"elementor-element elementor-element-732f92aa elementor-widget elementor-widget-text-editor\" data-id=\"732f92aa\" data-element_type=\"widget\" data-widget_type=\"text-editor.default\">\n\t\t\t\t<div class=\"elementor-widget-container\">\n\t\t\t\t\t\t\t<p>Dalla bellezza di Portopiccolo nella suggestiva baia di Sistiana, in pochi minuti di macchina potrete assistere ad un evento unico.\u00a0<span style=\"color: var( --e-global-color-text ); font-family: var( --e-global-typography-text-font-family ), Sans-serif; font-weight: var( --e-global-typography-text-font-weight ); text-align: var(--text-align); background-color: transparent;\">Dal 3 al 7 luglio, Trieste accoglier\u00e0 la Settimana Sociale dei Cattolici in Italia, evento organizzato di particolare importanza organizzato dalla Conferenza Episcopale Italiana che vedr\u00e0 la presenza del Sommo Pontefice.<\/span><\/p>\t\t\t\t\t\t<\/div>\n\t\t\t\t<\/div>\n\t\t\t\t<div class=\"elementor-element elementor-element-5fa51d72 elementor-widget elementor-widget-image\" data-id=\"5fa51d72\" data-element_type=\"widget\" data-widget_type=\"image.default\">\n\t\t\t\t<div class=\"elementor-widget-container\">\n\t\t\t<style>\/*! elementor - v3.20.0 - 10-04-2024 *\/\n.elementor-widget-image{text-align:center}.elementor-widget-image a{display:inline-block}.elementor-widget-image a img[src$=\".svg\"]{width:48px}.elementor-widget-image img{vertical-align:middle;display:inline-block}<\/style>\t\t\t\t\t\t\t\t\t\t<img fetchpriority=\"high\" decoding=\"async\" width=\"1280\" height=\"642\" src=\"https:\/\/www.portopiccoloapartments.com\/blog\/wp-content\/uploads\/2024\/06\/helicopter-273271_1280-1.jpg\" class=\"attachment-full size-full wp-image-389\" alt=\"Papa Francesco il 7 luglio partir\u00e0 in elicottero dal suggestivo Molo Audace di Trieste per fare ritorno in Vaticano.\" srcset=\"https:\/\/www.portopiccoloapartments.com\/blog\/wp-content\/uploads\/2024\/06\/helicopter-273271_1280-1.jpg 1280w, https:\/\/www.portopiccoloapartments.com\/blog\/wp-content\/uploads\/2024\/06\/helicopter-273271_1280-1-768x385.jpg 768w\" sizes=\"(max-width: 1280px) 100vw, 1280px\" \/>\t\t\t\t\t\t\t\t\t\t\t\t\t<\/div>\n\t\t\t\t<\/div>\n\t\t\t\t<div class=\"elementor-element elementor-element-3318ea46 elementor-widget elementor-widget-text-editor\" data-id=\"3318ea46\" data-element_type=\"widget\" data-widget_type=\"text-editor.default\">\n\t\t\t\t<div class=\"elementor-widget-container\">\n\t\t\t\t\t\t\t<p><strong style=\"color: var( --e-global-color-text ); font-family: var( --e-global-typography-text-font-family ), Sans-serif; text-align: var(--text-align); background-color: transparent;\">Papa Francesco concluder\u00e0 i lavori Il 7 luglio celebrando una solenne Santa Messa in Piazza Unit\u00e0 d&#8217;Italia<\/strong><span style=\"color: var( --e-global-color-text ); font-family: var( --e-global-typography-text-font-family ), Sans-serif; font-weight: var( --e-global-typography-text-font-weight ); text-align: var(--text-align); background-color: transparent;\">. Una cerimonia di grande valore spirituale, in cui Trieste, culla di culture e tradizioni, testimonier\u00e0 l&#8217;universale invito alla pace e alla giustizia del Santo Padre.<\/span><\/p><p>Al termine della celebrazione, il Pontefice decoller\u00e0 in elicottero dal noto Molo Audace, per rientrare in Vaticano. Sar\u00e0 questo un momento di straordinaria suggestione, che richiamer\u00e0 alla mente l&#8217;ultima visita papale a Trieste, risalente al 1992 con Giovanni Paolo II.\u00a0<\/p><p>Non perdete l&#8217;occasione di vivere da protagonisti questo evento epocale, <strong>immersi nella raffinata atmosfera di Portopiccolo<\/strong>. Lasciatevi avvolgere dalla spiritualit\u00e0, dalla bellezza e dall&#8217;esclusivit\u00e0 che solo qui potrete trovare.&#8221;<\/p>\t\t\t\t\t\t<\/div>\n\t\t\t\t<\/div>\n\t\t\t\t\t<\/div>\n\t\t\t\t<\/div>\n\t\t<div class=\"elementor-element elementor-element-20af23f7 e-flex e-con-boxed e-con e-parent\" data-id=\"20af23f7\" data-element_type=\"container\" data-core-v316-plus=\"true\">\n\t\t\t\t\t<div class=\"e-con-inner\">\n\t\t<div class=\"elementor-element elementor-element-6b4ed9ef e-con-full e-flex e-con e-child\" data-id=\"6b4ed9ef\" data-element_type=\"container\">\n\t\t\t\t<div class=\"elementor-element elementor-element-49d1af24 elementor-widget elementor-widget-image\" data-id=\"49d1af24\" data-element_type=\"widget\" data-widget_type=\"image.default\">\n\t\t\t\t<div class=\"elementor-widget-container\">\n\t\t\t\t\t\t\t\t\t\t\t\t\t<img decoding=\"async\" width=\"751\" height=\"394\" src=\"https:\/\/www.portopiccoloapartments.com\/blog\/wp-content\/uploads\/2024\/03\/Promozioni-1200x630.jpg\" class=\"attachment-large size-large wp-image-30\" alt=\"\" \/>\t\t\t\t\t\t\t\t\t\t\t\t\t<\/div>\n\t\t\t\t<\/div>\n\t\t\t\t<\/div>\n\t\t<div class=\"elementor-element elementor-element-1f5087cb e-con-full e-flex e-con e-child\" data-id=\"1f5087cb\" data-element_type=\"container\">\n\t\t\t\t<div class=\"elementor-element elementor-element-d4f3efa elementor-widget elementor-widget-heading\" data-id=\"d4f3efa\" data-element_type=\"widget\" data-widget_type=\"heading.default\">\n\t\t\t\t<div class=\"elementor-widget-container\">\n\t\t\t<h2 class=\"elementor-heading-title elementor-size-default\">Immergiti nella raffinata atmosfera marinara di Portopiccolo a Sistiana.<\/h2>\t\t<\/div>\n\t\t\t\t<\/div>\n\t\t\t\t<div class=\"elementor-element elementor-element-5081129d elementor-widget elementor-widget-text-editor\" data-id=\"5081129d\" data-element_type=\"widget\" data-widget_type=\"text-editor.default\">\n\t\t\t\t<div class=\"elementor-widget-container\">\n\t\t\t\t\t\t\t<p>Scopri il comfort dei nostri appartamenti a soli 20 minuti di macchina da Trieste<\/p>\t\t\t\t\t\t<\/div>\n\t\t\t\t<\/div>\n\t\t\t\t<div class=\"elementor-element elementor-element-5151e13e elementor-widget elementor-widget-button\" data-id=\"5151e13e\" data-element_type=\"widget\" data-widget_type=\"button.default\">\n\t\t\t\t<div class=\"elementor-widget-container\">\n\t\t\t\t\t<div class=\"elementor-button-wrapper\">\n\t\t\t<a class=\"elementor-button elementor-button-link elementor-size-sm\" href=\"https:\/\/www.portopiccoloapartments.com\/de\/vermietung\/zu-mieten-vermietungen-d0\/\">\n\t\t\t\t\t\t<span class=\"elementor-button-content-wrapper\">\n\t\t\t\t\t\t<span class=\"elementor-button-text\">Prenota il tuo appartamento<\/span>\n\t\t<\/span>\n\t\t\t\t\t<\/a>\n\t\t<\/div>\n\t\t\t\t<\/div>\n\t\t\t\t<\/div>\n\t\t\t\t<\/div>\n\t\t\t\t\t<\/div>\n\t\t\t\t<\/div>\n\t\t\t\t<\/div>\n\t\t","protected":false},"excerpt":{"rendered":"<p>Il Santo Papa arriver\u00e0 a Trieste a luglio. Dal 3 al 7 luglio, Trieste ospiter\u00e0 la prestigiosa Settimana Sociale dei&#8230;<\/p>\n","protected":false},"author":2,"featured_media":266,"comment_status":"open","ping_status":"open","sticky":false,"template":"","format":"standard","meta":{"footnotes":""},"categories":[2,18],"tags":[],"class_list":["post-410","post","type-post","status-publish","format-standard","has-post-thumbnail","hentry","category-non-categorizzato","category-portopiccolo-apartments"],"yoast_head":"<!-- This site is optimized with the Yoast SEO plugin v22.4 - https:\/\/yoast.com\/wordpress\/plugins\/seo\/ -->\n<title>Papa Francesco arriver\u00e0 a Trieste a luglio. - Blog<\/title>\n<meta name=\"description\" content=\"Dal 3 al 7 luglio, Trieste ospiter\u00e0 la Settimana Sociale dei cattolici in Italia, evento organizzato dalla Conferenza Episcopale Italiana alla presenza del Santo Papa.\" \/>\n<meta name=\"robots\" content=\"index, follow, max-snippet:-1, max-image-preview:large, max-video-preview:-1\" \/>\n<link rel=\"canonical\" href=\"https:\/\/www.portopiccoloapartments.com\/blog\/papa-francesco-arrivera-a-trieste-a-luglio\/\" \/>\n<meta property=\"og:locale\" content=\"it_IT\" \/>\n<meta property=\"og:type\" content=\"article\" \/>\n<meta property=\"og:title\" content=\"Papa Francesco arriver\u00e0 a Trieste a luglio. - Blog\" \/>\n<meta property=\"og:description\" content=\"Dal 3 al 7 luglio, Trieste ospiter\u00e0 la Settimana Sociale dei cattolici in Italia, evento organizzato dalla Conferenza Episcopale Italiana alla presenza del Santo Papa.\" \/>\n<meta property=\"og:url\" content=\"https:\/\/www.portopiccoloapartments.com\/blog\/papa-francesco-arrivera-a-trieste-a-luglio\/\" \/>\n<meta property=\"og:site_name\" content=\"Blog\" \/>\n<meta property=\"article:published_time\" content=\"2024-06-24T13:06:50+00:00\" \/>\n<meta property=\"article:modified_time\" content=\"2024-06-24T15:21:00+00:00\" \/>\n<meta property=\"og:image\" content=\"https:\/\/www.portopiccoloapartments.com\/blog\/wp-content\/uploads\/2024\/06\/building-4357377_1280.jpg\" \/>\n\t<meta property=\"og:image:width\" content=\"1280\" \/>\n\t<meta property=\"og:image:height\" content=\"853\" \/>\n\t<meta property=\"og:image:type\" content=\"image\/jpeg\" \/>\n<meta name=\"author\" content=\"portopiccoloapartments\" \/>\n<meta name=\"twitter:card\" content=\"summary_large_image\" \/>\n<meta name=\"twitter:label1\" content=\"Scritto da\" \/>\n\t<meta name=\"twitter:data1\" content=\"portopiccoloapartments\" \/>\n\t<meta name=\"twitter:label2\" content=\"Tempo di lettura stimato\" \/>\n\t<meta name=\"twitter:data2\" content=\"2 minuti\" \/>\n<script type=\"application\/ld+json\" class=\"yoast-schema-graph\">{\"@context\":\"https:\/\/schema.org\",\"@graph\":[{\"@type\":\"WebPage\",\"@id\":\"https:\/\/www.portopiccoloapartments.com\/blog\/papa-francesco-arrivera-a-trieste-a-luglio\/\",\"url\":\"https:\/\/www.portopiccoloapartments.com\/blog\/papa-francesco-arrivera-a-trieste-a-luglio\/\",\"name\":\"Papa Francesco arriver\u00e0 a Trieste a luglio. - Blog\",\"isPartOf\":{\"@id\":\"https:\/\/www.portopiccoloapartments.com\/blog\/#website\"},\"primaryImageOfPage\":{\"@id\":\"https:\/\/www.portopiccoloapartments.com\/blog\/papa-francesco-arrivera-a-trieste-a-luglio\/#primaryimage\"},\"image\":{\"@id\":\"https:\/\/www.portopiccoloapartments.com\/blog\/papa-francesco-arrivera-a-trieste-a-luglio\/#primaryimage\"},\"thumbnailUrl\":\"https:\/\/www.portopiccoloapartments.com\/blog\/wp-content\/uploads\/2024\/06\/building-4357377_1280.jpg\",\"datePublished\":\"2024-06-24T13:06:50+00:00\",\"dateModified\":\"2024-06-24T15:21:00+00:00\",\"author\":{\"@id\":\"https:\/\/www.portopiccoloapartments.com\/blog\/#\/schema\/person\/61d8286d97391fc95a71ef6b3d87b890\"},\"description\":\"Dal 3 al 7 luglio, Trieste ospiter\u00e0 la Settimana Sociale dei cattolici in Italia, evento organizzato dalla Conferenza Episcopale Italiana alla presenza del Santo Papa.\",\"breadcrumb\":{\"@id\":\"https:\/\/www.portopiccoloapartments.com\/blog\/papa-francesco-arrivera-a-trieste-a-luglio\/#breadcrumb\"},\"inLanguage\":\"it-IT\",\"potentialAction\":[{\"@type\":\"ReadAction\",\"target\":[\"https:\/\/www.portopiccoloapartments.com\/blog\/papa-francesco-arrivera-a-trieste-a-luglio\/\"]}]},{\"@type\":\"ImageObject\",\"inLanguage\":\"it-IT\",\"@id\":\"https:\/\/www.portopiccoloapartments.com\/blog\/papa-francesco-arrivera-a-trieste-a-luglio\/#primaryimage\",\"url\":\"https:\/\/www.portopiccoloapartments.com\/blog\/wp-content\/uploads\/2024\/06\/building-4357377_1280.jpg\",\"contentUrl\":\"https:\/\/www.portopiccoloapartments.com\/blog\/wp-content\/uploads\/2024\/06\/building-4357377_1280.jpg\",\"width\":1280,\"height\":853},{\"@type\":\"BreadcrumbList\",\"@id\":\"https:\/\/www.portopiccoloapartments.com\/blog\/papa-francesco-arrivera-a-trieste-a-luglio\/#breadcrumb\",\"itemListElement\":[{\"@type\":\"ListItem\",\"position\":1,\"name\":\"Portada\",\"item\":\"https:\/\/www.portopiccoloapartments.com\/blog\/\"},{\"@type\":\"ListItem\",\"position\":2,\"name\":\"Papa Francesco arriver\u00e0 a Trieste a luglio.\"}]},{\"@type\":\"WebSite\",\"@id\":\"https:\/\/www.portopiccoloapartments.com\/blog\/#website\",\"url\":\"https:\/\/www.portopiccoloapartments.com\/blog\/\",\"name\":\"Blog\",\"description\":\"Portopiccoloapartments\",\"potentialAction\":[{\"@type\":\"SearchAction\",\"target\":{\"@type\":\"EntryPoint\",\"urlTemplate\":\"https:\/\/www.portopiccoloapartments.com\/blog\/?s={search_term_string}\"},\"query-input\":\"required name=search_term_string\"}],\"inLanguage\":\"it-IT\"},{\"@type\":\"Person\",\"@id\":\"https:\/\/www.portopiccoloapartments.com\/blog\/#\/schema\/person\/61d8286d97391fc95a71ef6b3d87b890\",\"name\":\"portopiccoloapartments\",\"image\":{\"@type\":\"ImageObject\",\"inLanguage\":\"it-IT\",\"@id\":\"https:\/\/www.portopiccoloapartments.com\/blog\/#\/schema\/person\/image\/\",\"url\":\"https:\/\/secure.gravatar.com\/avatar\/66183d990d4f136eb771e77d3a7da5bfa1e9d3add48bb98e18074e4d39cd2b10?s=96&d=mm&r=g\",\"contentUrl\":\"https:\/\/secure.gravatar.com\/avatar\/66183d990d4f136eb771e77d3a7da5bfa1e9d3add48bb98e18074e4d39cd2b10?s=96&d=mm&r=g\",\"caption\":\"portopiccoloapartments\"},\"url\":\"https:\/\/www.portopiccoloapartments.com\/blog\/author\/portopiccoloapartments\/\"}]}<\/script>\n<!-- \/ Yoast SEO plugin. -->","yoast_head_json":{"title":"Papa Francesco arriver\u00e0 a Trieste a luglio. - Blog","description":"Dal 3 al 7 luglio, Trieste ospiter\u00e0 la Settimana Sociale dei cattolici in Italia, evento organizzato dalla Conferenza Episcopale Italiana alla presenza del Santo Papa.","robots":{"index":"index","follow":"follow","max-snippet":"max-snippet:-1","max-image-preview":"max-image-preview:large","max-video-preview":"max-video-preview:-1"},"canonical":"https:\/\/www.portopiccoloapartments.com\/blog\/papa-francesco-arrivera-a-trieste-a-luglio\/","og_locale":"it_IT","og_type":"article","og_title":"Papa Francesco arriver\u00e0 a Trieste a luglio. - Blog","og_description":"Dal 3 al 7 luglio, Trieste ospiter\u00e0 la Settimana Sociale dei cattolici in Italia, evento organizzato dalla Conferenza Episcopale Italiana alla presenza del Santo Papa.","og_url":"https:\/\/www.portopiccoloapartments.com\/blog\/papa-francesco-arrivera-a-trieste-a-luglio\/","og_site_name":"Blog","article_published_time":"2024-06-24T13:06:50+00:00","article_modified_time":"2024-06-24T15:21:00+00:00","og_image":[{"width":1280,"height":853,"url":"https:\/\/www.portopiccoloapartments.com\/blog\/wp-content\/uploads\/2024\/06\/building-4357377_1280.jpg","type":"image\/jpeg"}],"author":"portopiccoloapartments","twitter_card":"summary_large_image","twitter_misc":{"Scritto da":"portopiccoloapartments","Tempo di lettura stimato":"2 minuti"},"schema":{"@context":"https:\/\/schema.org","@graph":[{"@type":"WebPage","@id":"https:\/\/www.portopiccoloapartments.com\/blog\/papa-francesco-arrivera-a-trieste-a-luglio\/","url":"https:\/\/www.portopiccoloapartments.com\/blog\/papa-francesco-arrivera-a-trieste-a-luglio\/","name":"Papa Francesco arriver\u00e0 a Trieste a luglio. - Blog","isPartOf":{"@id":"https:\/\/www.portopiccoloapartments.com\/blog\/#website"},"primaryImageOfPage":{"@id":"https:\/\/www.portopiccoloapartments.com\/blog\/papa-francesco-arrivera-a-trieste-a-luglio\/#primaryimage"},"image":{"@id":"https:\/\/www.portopiccoloapartments.com\/blog\/papa-francesco-arrivera-a-trieste-a-luglio\/#primaryimage"},"thumbnailUrl":"https:\/\/www.portopiccoloapartments.com\/blog\/wp-content\/uploads\/2024\/06\/building-4357377_1280.jpg","datePublished":"2024-06-24T13:06:50+00:00","dateModified":"2024-06-24T15:21:00+00:00","author":{"@id":"https:\/\/www.portopiccoloapartments.com\/blog\/#\/schema\/person\/61d8286d97391fc95a71ef6b3d87b890"},"description":"Dal 3 al 7 luglio, Trieste ospiter\u00e0 la Settimana Sociale dei cattolici in Italia, evento organizzato dalla Conferenza Episcopale Italiana alla presenza del Santo Papa.","breadcrumb":{"@id":"https:\/\/www.portopiccoloapartments.com\/blog\/papa-francesco-arrivera-a-trieste-a-luglio\/#breadcrumb"},"inLanguage":"it-IT","potentialAction":[{"@type":"ReadAction","target":["https:\/\/www.portopiccoloapartments.com\/blog\/papa-francesco-arrivera-a-trieste-a-luglio\/"]}]},{"@type":"ImageObject","inLanguage":"it-IT","@id":"https:\/\/www.portopiccoloapartments.com\/blog\/papa-francesco-arrivera-a-trieste-a-luglio\/#primaryimage","url":"https:\/\/www.portopiccoloapartments.com\/blog\/wp-content\/uploads\/2024\/06\/building-4357377_1280.jpg","contentUrl":"https:\/\/www.portopiccoloapartments.com\/blog\/wp-content\/uploads\/2024\/06\/building-4357377_1280.jpg","width":1280,"height":853},{"@type":"BreadcrumbList","@id":"https:\/\/www.portopiccoloapartments.com\/blog\/papa-francesco-arrivera-a-trieste-a-luglio\/#breadcrumb","itemListElement":[{"@type":"ListItem","position":1,"name":"Portada","item":"https:\/\/www.portopiccoloapartments.com\/blog\/"},{"@type":"ListItem","position":2,"name":"Papa Francesco arriver\u00e0 a Trieste a luglio."}]},{"@type":"WebSite","@id":"https:\/\/www.portopiccoloapartments.com\/blog\/#website","url":"https:\/\/www.portopiccoloapartments.com\/blog\/","name":"Blog","description":"Portopiccoloapartments","potentialAction":[{"@type":"SearchAction","target":{"@type":"EntryPoint","urlTemplate":"https:\/\/www.portopiccoloapartments.com\/blog\/?s={search_term_string}"},"query-input":"required name=search_term_string"}],"inLanguage":"it-IT"},{"@type":"Person","@id":"https:\/\/www.portopiccoloapartments.com\/blog\/#\/schema\/person\/61d8286d97391fc95a71ef6b3d87b890","name":"portopiccoloapartments","image":{"@type":"ImageObject","inLanguage":"it-IT","@id":"https:\/\/www.portopiccoloapartments.com\/blog\/#\/schema\/person\/image\/","url":"https:\/\/secure.gravatar.com\/avatar\/66183d990d4f136eb771e77d3a7da5bfa1e9d3add48bb98e18074e4d39cd2b10?s=96&d=mm&r=g","contentUrl":"https:\/\/secure.gravatar.com\/avatar\/66183d990d4f136eb771e77d3a7da5bfa1e9d3add48bb98e18074e4d39cd2b10?s=96&d=mm&r=g","caption":"portopiccoloapartments"},"url":"https:\/\/www.portopiccoloapartments.com\/blog\/author\/portopiccoloapartments\/"}]}},"_links":{"self":[{"href":"https:\/\/www.portopiccoloapartments.com\/blog\/wp-json\/wp\/v2\/posts\/410","targetHints":{"allow":["GET"]}}],"collection":[{"href":"https:\/\/www.portopiccoloapartments.com\/blog\/wp-json\/wp\/v2\/posts"}],"about":[{"href":"https:\/\/www.portopiccoloapartments.com\/blog\/wp-json\/wp\/v2\/types\/post"}],"author":[{"embeddable":true,"href":"https:\/\/www.portopiccoloapartments.com\/blog\/wp-json\/wp\/v2\/users\/2"}],"replies":[{"embeddable":true,"href":"https:\/\/www.portopiccoloapartments.com\/blog\/wp-json\/wp\/v2\/comments?post=410"}],"version-history":[{"count":18,"href":"https:\/\/www.portopiccoloapartments.com\/blog\/wp-json\/wp\/v2\/posts\/410\/revisions"}],"predecessor-version":[{"id":533,"href":"https:\/\/www.portopiccoloapartments.com\/blog\/wp-json\/wp\/v2\/posts\/410\/revisions\/533"}],"wp:featuredmedia":[{"embeddable":true,"href":"https:\/\/www.portopiccoloapartments.com\/blog\/wp-json\/wp\/v2\/media\/266"}],"wp:attachment":[{"href":"https:\/\/www.portopiccoloapartments.com\/blog\/wp-json\/wp\/v2\/media?parent=410"}],"wp:term":[{"taxonomy":"category","embeddable":true,"href":"https:\/\/www.portopiccoloapartments.com\/blog\/wp-json\/wp\/v2\/categories?post=410"},{"taxonomy":"post_tag","embeddable":true,"href":"https:\/\/www.portopiccoloapartments.com\/blog\/wp-json\/wp\/v2\/tags?post=410"}],"curies":[{"name":"wp","href":"https:\/\/api.w.org\/{rel}","templated":true}]}}